{"id":1309,"date":"2018-01-01T22:26:45","date_gmt":"2018-01-01T21:26:45","guid":{"rendered":"http:\/\/agora.xtec.cat\/ceip-serramarina-sta-coloma\/?p=1309"},"modified":"2018-01-01T22:26:45","modified_gmt":"2018-01-01T21:26:45","slug":"grafisme-amb-escuma-dafaitar","status":"publish","type":"post","link":"https:\/\/agora.xtec.cat\/ceip-serramarina-sta-coloma\/infantil\/grafisme-amb-escuma-dafaitar\/","title":{"rendered":"GRAFISME AMB ESCUMA D&#8217;AFAITAR"},"content":{"rendered":"<p><iframe loading=\"lazy\" title=\"SRR 17-18 P4 020\" width=\"500\" height=\"375\" src=\"https:\/\/www.youtube.com\/embed\/Hy3W2C9qTqQ?feature=oembed\" frameborder=\"0\" allow=\"accelerometer; autoplay; clipboard-write; encrypted-media; gyroscope; picture-in-picture; web-share\" referrerpolicy=\"strict-origin-when-cross-origin\" allowfullscreen><\/iframe><\/p>\n<p>Juguem i fem grafisme amb escuma d\u2019afaitar\u2026 Hem escampat l\u2019escuma per la taula i hem experimentat diferents sensacions al tocar-la. Ens hem ben empastifat les mans amb l\u2019escuma, per\u00f2 tamb\u00e9 hem fet tra\u00e7os i dibuixat\u2026 A m\u00e9s \u00e9s m\u00e0gica, despr\u00e9s de treballar-hi molt, desapareix! Els nens i nenes de la classe dels peixos s \u2019ho han passat genial!!<\/p>\n","protected":false},"excerpt":{"rendered":"<p>Juguem i fem grafisme amb escuma d\u2019afaitar\u2026 Hem escampat l\u2019escuma per la taula i hem experimentat diferents sensacions al tocar-la. Ens hem ben empastifat les mans amb l\u2019escuma, per\u00f2 tamb\u00e9 hem fet tra\u00e7os i dibuixat\u2026 A m\u00e9s \u00e9s m\u00e0gica, despr\u00e9s de treballar-hi molt, desapareix! Els&hellip;  <a href=\"https:\/\/agora.xtec.cat\/ceip-serramarina-sta-coloma\/infantil\/grafisme-amb-escuma-dafaitar\/\" title=\"Read GRAFISME AMB ESCUMA D&#8217;AFAITAR\">Llegeix m\u00e9s\u00bb<\/a><\/p>\n","protected":false},"author":9,"featured_media":1310,"comment_status":"closed","ping_status":"closed","sticky":false,"template":"","format":"standard","meta":{"_bbp_topic_count":0,"_bbp_reply_count":0,"_bbp_total_topic_count":0,"_bbp_total_reply_count":0,"_bbp_voice_count":0,"_bbp_anonymous_reply_count":0,"_bbp_topic_count_hidden":0,"_bbp_reply_count_hidden":0,"_bbp_forum_subforum_count":0,"footnotes":""},"categories":[23,71,2,8],"tags":[],"class_list":["post-1309","post","type-post","status-publish","format-standard","has-post-thumbnail","hentry","category-a-classe","category-curs-2017-2018","category-infantil","category-p4"],"post_mailing_queue_ids":[],"_links":{"self":[{"href":"https:\/\/agora.xtec.cat\/ceip-serramarina-sta-coloma\/wp-json\/wp\/v2\/posts\/1309","targetHints":{"allow":["GET"]}}],"collection":[{"href":"https:\/\/agora.xtec.cat\/ceip-serramarina-sta-coloma\/wp-json\/wp\/v2\/posts"}],"about":[{"href":"https:\/\/agora.xtec.cat\/ceip-serramarina-sta-coloma\/wp-json\/wp\/v2\/types\/post"}],"author":[{"embeddable":true,"href":"https:\/\/agora.xtec.cat\/ceip-serramarina-sta-coloma\/wp-json\/wp\/v2\/users\/9"}],"replies":[{"embeddable":true,"href":"https:\/\/agora.xtec.cat\/ceip-serramarina-sta-coloma\/wp-json\/wp\/v2\/comments?post=1309"}],"version-history":[{"count":1,"href":"https:\/\/agora.xtec.cat\/ceip-serramarina-sta-coloma\/wp-json\/wp\/v2\/posts\/1309\/revisions"}],"predecessor-version":[{"id":1311,"href":"https:\/\/agora.xtec.cat\/ceip-serramarina-sta-coloma\/wp-json\/wp\/v2\/posts\/1309\/revisions\/1311"}],"wp:featuredmedia":[{"embeddable":true,"href":"https:\/\/agora.xtec.cat\/ceip-serramarina-sta-coloma\/wp-json\/wp\/v2\/media\/1310"}],"wp:attachment":[{"href":"https:\/\/agora.xtec.cat\/ceip-serramarina-sta-coloma\/wp-json\/wp\/v2\/media?parent=1309"}],"wp:term":[{"taxonomy":"category","embeddable":true,"href":"https:\/\/agora.xtec.cat\/ceip-serramarina-sta-coloma\/wp-json\/wp\/v2\/categories?post=1309"},{"taxonomy":"post_tag","embeddable":true,"href":"https:\/\/agora.xtec.cat\/ceip-serramarina-sta-coloma\/wp-json\/wp\/v2\/tags?post=1309"}],"curies":[{"name":"wp","href":"https:\/\/api.w.org\/{rel}","templated":true}]}}