{"id":1168,"date":"2017-11-14T18:11:03","date_gmt":"2017-11-14T17:11:03","guid":{"rendered":"http:\/\/agora.xtec.cat\/ceip-serramarina-sta-coloma\/?p=1168"},"modified":"2018-01-12T12:40:13","modified_gmt":"2018-01-12T11:40:13","slug":"la-castanyada-a-cicle-inicial","status":"publish","type":"post","link":"https:\/\/agora.xtec.cat\/ceip-serramarina-sta-coloma\/portada\/la-castanyada-a-cicle-inicial\/","title":{"rendered":"LA CASTANYADA a Cicle Inicial"},"content":{"rendered":"<p><iframe loading=\"lazy\" title=\"SRR 17-18 CI 002\" width=\"500\" height=\"375\" src=\"https:\/\/www.youtube.com\/embed\/BvAiON6Wli0?feature=oembed\" frameborder=\"0\" allow=\"accelerometer; autoplay; clipboard-write; encrypted-media; gyroscope; picture-in-picture; web-share\" referrerpolicy=\"strict-origin-when-cross-origin\" allowfullscreen><\/iframe><\/p>\n<p>Esmorzar de tardor<\/p>\n<p>El passat dimarts, 31 d\u2019octubre, les mestres i els nens i les nenes de 1r i 2n ens vam organitzar i vam convertir les<br \/>\nclasses en tallers culinaris on vam preparar un esmorzar de tardor.<\/p>\n<p>Els nens i les nenes de 1r A van untar unes torradetes amb melmelada de fruits del bosc, tamb\u00e9 van preparar uns bols amb ra\u00efm blanc i negre. Els seus ve\u00efns de 1r B van omplir uns vasets amb iogurt i els van coronar amb robins de magrana.<\/p>\n<p>Els m\u00e9s grans de 2n A es van entretenir preparant unes brotxetes amb grans de ra\u00efm i trossos de codonyat i de formatge tendre. I els nens i les nenes de 2n van fer m\u00e0gia, ells i elles van convertir unes mandarines en petites carabasses, uns pl\u00e0tans en fantasmes i unes llesques llamineres de pa en dits de bruixa.<\/p>\n<p>Ho vam passar tots molt b\u00e9. Bon profit!<\/p>\n<p>&nbsp;<\/p>\n","protected":false},"excerpt":{"rendered":"<p>Esmorzar de tardor<br \/>\nEl passat dimarts, 31 d\u2019octubre, les mestres i els nens i les nenes de 1r i 2n ens vam organitzar i vam convertir les<br \/>\nclasses en tallers culinaris on vam preparar un esmorzar de tardor.<br \/>\nEls nens i les nenes de 1r A van untar&hellip;  <a href=\"https:\/\/agora.xtec.cat\/ceip-serramarina-sta-coloma\/portada\/la-castanyada-a-cicle-inicial\/\" title=\"Read LA CASTANYADA a Cicle Inicial\">Llegeix m\u00e9s\u00bb<\/a><\/p>\n","protected":false},"author":12,"featured_media":1177,"comment_status":"closed","ping_status":"closed","sticky":false,"template":"","format":"standard","meta":{"_bbp_topic_count":0,"_bbp_reply_count":0,"_bbp_total_topic_count":0,"_bbp_total_reply_count":0,"_bbp_voice_count":0,"_bbp_anonymous_reply_count":0,"_bbp_topic_count_hidden":0,"_bbp_reply_count_hidden":0,"_bbp_forum_subforum_count":0,"footnotes":""},"categories":[10,11,23,71,5,4],"tags":[],"class_list":["post-1168","post","type-post","status-publish","format-standard","has-post-thumbnail","hentry","category-1r","category-2n","category-a-classe","category-curs-2017-2018","category-primaria","category-portada"],"post_mailing_queue_ids":[],"_links":{"self":[{"href":"https:\/\/agora.xtec.cat\/ceip-serramarina-sta-coloma\/wp-json\/wp\/v2\/posts\/1168","targetHints":{"allow":["GET"]}}],"collection":[{"href":"https:\/\/agora.xtec.cat\/ceip-serramarina-sta-coloma\/wp-json\/wp\/v2\/posts"}],"about":[{"href":"https:\/\/agora.xtec.cat\/ceip-serramarina-sta-coloma\/wp-json\/wp\/v2\/types\/post"}],"author":[{"embeddable":true,"href":"https:\/\/agora.xtec.cat\/ceip-serramarina-sta-coloma\/wp-json\/wp\/v2\/users\/12"}],"replies":[{"embeddable":true,"href":"https:\/\/agora.xtec.cat\/ceip-serramarina-sta-coloma\/wp-json\/wp\/v2\/comments?post=1168"}],"version-history":[{"count":3,"href":"https:\/\/agora.xtec.cat\/ceip-serramarina-sta-coloma\/wp-json\/wp\/v2\/posts\/1168\/revisions"}],"predecessor-version":[{"id":1178,"href":"https:\/\/agora.xtec.cat\/ceip-serramarina-sta-coloma\/wp-json\/wp\/v2\/posts\/1168\/revisions\/1178"}],"wp:featuredmedia":[{"embeddable":true,"href":"https:\/\/agora.xtec.cat\/ceip-serramarina-sta-coloma\/wp-json\/wp\/v2\/media\/1177"}],"wp:attachment":[{"href":"https:\/\/agora.xtec.cat\/ceip-serramarina-sta-coloma\/wp-json\/wp\/v2\/media?parent=1168"}],"wp:term":[{"taxonomy":"category","embeddable":true,"href":"https:\/\/agora.xtec.cat\/ceip-serramarina-sta-coloma\/wp-json\/wp\/v2\/categories?post=1168"},{"taxonomy":"post_tag","embeddable":true,"href":"https:\/\/agora.xtec.cat\/ceip-serramarina-sta-coloma\/wp-json\/wp\/v2\/tags?post=1168"}],"curies":[{"name":"wp","href":"https:\/\/api.w.org\/{rel}","templated":true}]}}