{"id":9195,"date":"2023-05-17T08:15:52","date_gmt":"2023-05-17T06:15:52","guid":{"rendered":"https:\/\/agora.xtec.cat\/ceip-santperesantpau\/?p=9195"},"modified":"2023-05-17T08:33:03","modified_gmt":"2023-05-17T06:33:03","slug":"audiovisual-transformem-el-barri","status":"publish","type":"post","link":"https:\/\/agora.xtec.cat\/ceip-santperesantpau\/portada\/audiovisual-transformem-el-barri\/","title":{"rendered":"Audiovisual: &#8220;Transformem el barri&#8221;"},"content":{"rendered":"<div id=\":z5\" class=\"ii gt\">\n<div id=\":vo\" class=\"a3s aiL \">\n<div dir=\"ltr\">\n<div>\n<p>Avui dimarts 16 de maig hem pogut presentar el documental &#8220;Transformem el barri&#8221; a les nostres fam\u00edlies. Aquest audiovisual \u00e9s el resultat d&#8217;un projecte que vam estar realitzant a l&#8217;aula durant el segon trimestre, amb el qual vam poder con\u00e8ixer millor el nostre barri i fer propostes per millorar-lo. A m\u00e9s, hem pogut anunciar que el nostre documental estar\u00e0 present en una exposici\u00f3 sobre els entorns escolars on tamb\u00e9 han participat la resta d&#8217;escoles de Tarragona. Volem agrair l&#8217;assist\u00e8ncia de la nostra inspectora, de les nostres fam\u00edlies i la seva implicaci\u00f3!<\/p>\n<\/div>\n<\/div>\n<\/div>\n<div class=\"yj6qo\"><a href=\"https:\/\/agora.xtec.cat\/ceip-santperesantpau\/wp-content\/uploads\/usu188\/2023\/05\/Text-2.jpg\"><img loading=\"lazy\" decoding=\"async\" class=\"size-full wp-image-9196 aligncenter\" src=\"https:\/\/agora.xtec.cat\/ceip-santperesantpau\/wp-content\/uploads\/usu188\/2023\/05\/Text-2.jpg\" alt=\"\" width=\"1024\" height=\"768\" srcset=\"https:\/\/agora.xtec.cat\/ceip-santperesantpau\/wp-content\/uploads\/usu188\/2023\/05\/Text-2.jpg 1024w, https:\/\/agora.xtec.cat\/ceip-santperesantpau\/wp-content\/uploads\/usu188\/2023\/05\/Text-2-300x225.jpg 300w, https:\/\/agora.xtec.cat\/ceip-santperesantpau\/wp-content\/uploads\/usu188\/2023\/05\/Text-2-768x576.jpg 768w, https:\/\/agora.xtec.cat\/ceip-santperesantpau\/wp-content\/uploads\/usu188\/2023\/05\/Text-2-200x150.jpg 200w\" sizes=\"auto, (max-width: 1024px) 100vw, 1024px\" \/><\/a><\/div>\n<div id=\":vo\" class=\"a3s aiL \">\n<div dir=\"ltr\">\n<div class=\"adL\"><\/div>\n<\/div>\n<div class=\"adL\"><\/div>\n<\/div>\n<\/div>\n<div id=\":10c\" class=\"hq gt\"><\/div>\n","protected":false},"excerpt":{"rendered":"<p>Avui dimarts 16 de maig hem pogut presentar el documental &#8220;Transformem el barri&#8221; a les nostres fam\u00edlies. Aquest audiovisual \u00e9s el resultat d&#8217;un projecte que vam estar realitzant a l&#8217;aula durant el segon trimestre, amb el qual vam poder con\u00e8ixer millor el nostre barri i fer propostes per millorar-lo. A m\u00e9s, hem pogut anunciar que [&hellip;]<\/p>\n","protected":false},"author":1,"featured_media":0,"comment_status":"open","ping_status":"closed","sticky":false,"template":"","format":"standard","meta":{"_bbp_topic_count":0,"_bbp_reply_count":0,"_bbp_total_topic_count":0,"_bbp_total_reply_count":0,"_bbp_voice_count":0,"_bbp_anonymous_reply_count":0,"_bbp_topic_count_hidden":0,"_bbp_reply_count_hidden":0,"_bbp_forum_subforum_count":0,"site-sidebar-layout":"default","site-content-layout":"","ast-site-content-layout":"","site-content-style":"default","site-sidebar-style":"default","ast-global-header-display":"","ast-banner-title-visibility":"","ast-main-header-display":"","ast-hfb-above-header-display":"","ast-hfb-below-header-display":"","ast-hfb-mobile-header-display":"","site-post-title":"","ast-breadcrumbs-content":"","ast-featured-img":"","footer-sml-layout":"","theme-transparent-header-meta":"","adv-header-id-meta":"","stick-header-meta":"","header-above-stick-meta":"","header-main-stick-meta":"","header-below-stick-meta":"","astra-migrate-meta-layouts":"default","ast-page-background-enabled":"default","ast-page-background-meta":{"desktop":{"background-color":"var(--ast-global-color-4)","background-image":"","background-repeat":"repeat","background-position":"center center","background-size":"auto","background-attachment":"scroll","background-type":"","background-media":"","overlay-type":"","overlay-color":"","overlay-opacity":"","overlay-gradient":""},"tablet":{"background-color":"","background-image":"","background-repeat":"repeat","background-position":"center center","background-size":"auto","background-attachment":"scroll","background-type":"","background-media":"","overlay-type":"","overlay-color":"","overlay-opacity":"","overlay-gradient":""},"mobile":{"background-color":"","background-image":"","background-repeat":"repeat","background-position":"center center","background-size":"auto","background-attachment":"scroll","background-type":"","background-media":"","overlay-type":"","overlay-color":"","overlay-opacity":"","overlay-gradient":""}},"ast-content-background-meta":{"desktop":{"background-color":"var(--ast-global-color-5)","background-image":"","background-repeat":"repeat","background-position":"center center","background-size":"auto","background-attachment":"scroll","background-type":"","background-media":"","overlay-type":"","overlay-color":"","overlay-opacity":"","overlay-gradient":""},"tablet":{"background-color":"var(--ast-global-color-5)","background-image":"","background-repeat":"repeat","background-position":"center center","background-size":"auto","background-attachment":"scroll","background-type":"","background-media":"","overlay-type":"","overlay-color":"","overlay-opacity":"","overlay-gradient":""},"mobile":{"background-color":"var(--ast-global-color-5)","background-image":"","background-repeat":"repeat","background-position":"center center","background-size":"auto","background-attachment":"scroll","background-type":"","background-media":"","overlay-type":"","overlay-color":"","overlay-opacity":"","overlay-gradient":""}},"footnotes":""},"categories":[14,4],"tags":[],"class_list":["post-9195","post","type-post","status-publish","format-standard","hentry","category-5e","category-portada"],"post_mailing_queue_ids":[],"_links":{"self":[{"href":"https:\/\/agora.xtec.cat\/ceip-santperesantpau\/wp-json\/wp\/v2\/posts\/9195","targetHints":{"allow":["GET"]}}],"collection":[{"href":"https:\/\/agora.xtec.cat\/ceip-santperesantpau\/wp-json\/wp\/v2\/posts"}],"about":[{"href":"https:\/\/agora.xtec.cat\/ceip-santperesantpau\/wp-json\/wp\/v2\/types\/post"}],"author":[{"embeddable":true,"href":"https:\/\/agora.xtec.cat\/ceip-santperesantpau\/wp-json\/wp\/v2\/users\/1"}],"replies":[{"embeddable":true,"href":"https:\/\/agora.xtec.cat\/ceip-santperesantpau\/wp-json\/wp\/v2\/comments?post=9195"}],"version-history":[{"count":2,"href":"https:\/\/agora.xtec.cat\/ceip-santperesantpau\/wp-json\/wp\/v2\/posts\/9195\/revisions"}],"predecessor-version":[{"id":9198,"href":"https:\/\/agora.xtec.cat\/ceip-santperesantpau\/wp-json\/wp\/v2\/posts\/9195\/revisions\/9198"}],"wp:attachment":[{"href":"https:\/\/agora.xtec.cat\/ceip-santperesantpau\/wp-json\/wp\/v2\/media?parent=9195"}],"wp:term":[{"taxonomy":"category","embeddable":true,"href":"https:\/\/agora.xtec.cat\/ceip-santperesantpau\/wp-json\/wp\/v2\/categories?post=9195"},{"taxonomy":"post_tag","embeddable":true,"href":"https:\/\/agora.xtec.cat\/ceip-santperesantpau\/wp-json\/wp\/v2\/tags?post=9195"}],"curies":[{"name":"wp","href":"https:\/\/api.w.org\/{rel}","templated":true}]}}