{"id":7880,"date":"2022-03-04T14:44:58","date_gmt":"2022-03-04T13:44:58","guid":{"rendered":"https:\/\/agora.xtec.cat\/ceip-santperesantpau\/?p=7880"},"modified":"2022-03-04T15:05:35","modified_gmt":"2022-03-04T14:05:35","slug":"preinscripcio-curs-2022-2023","status":"publish","type":"post","link":"https:\/\/agora.xtec.cat\/ceip-santperesantpau\/portada\/preinscripcio-curs-2022-2023\/","title":{"rendered":"PREINSCRIPCI\u00d3 CURS 2022-2023"},"content":{"rendered":"<header class=\"entry-header\">\n<p class=\"entry-title\"><span style=\"font-family: inherit; font-size: 1em; font-weight: normal;\">Benvolgudes fam\u00edlies<\/span><\/p>\n<\/header>\n<div class=\"entry-content\">\n<p>Des del dilluns 7 i fins el dilluns 21 de mar\u00e7 heu de fer la preinscripci\u00f3 per al proper curs 2022-2023 dels alumnes que comencen o canvien d\u2019escola.<\/p>\n<p>Per demanar cita pr\u00e8via podeu trucar al tel\u00e8fon 977201227<\/p>\n<p><strong><em><u>DOCUMENTACI\u00d3 A PRESENTAR PER FER LA PREINSCRIPCI\u00d3<\/u><\/em><\/strong><\/p>\n<ul>\n<li>Original i fotoc\u00f2pia del llibre de fam\u00edlia.<\/li>\n<li>Fotoc\u00f2pia del DNI\/NIE del pare\/mare, tutor\/a legal.<\/li>\n<li>Fotoc\u00f2pia del DNI\/NIE de l\u2019alumne, si en t\u00e9.<\/li>\n<li>Carnet vigent de Fam\u00edlia nombrosa o monoparental o certificat de discapacitat, si s\u2019escau.<\/li>\n<li>Carnet de vacunacions<\/li>\n<li>Fotoc\u00f2pia Targeta Sanit\u00e0ria.<\/li>\n<li>Certificat d\u2019empadronament si l\u2019adre\u00e7a del DNI no est\u00e0 actualitzada.<\/li>\n<\/ul>\n<p>El Departament d&#8217;Educaci\u00f3 ha creat uns enlla\u00e7os podcast per explicar el procediment de la preinscripci\u00f3.<\/p>\n<p>Us enviem l&#8217;enlla\u00e7 per si \u00e9s del vostre inter\u00e8s.<\/p>\n<p><a href=\"https:\/\/preinscripcio.gencat.cat\/ca\/estudis\/infantil-3-6\/ajuda\/pindoles-multimedia\/\" target=\"_blank\" rel=\"noreferrer noopener\">https:\/\/preinscripcio.gencat.cat\/ca\/estudis\/infantil-3-6\/ajuda\/pindoles-multimedia\/<\/a><\/p>\n<\/div>\n","protected":false},"excerpt":{"rendered":"<p>Benvolgudes fam\u00edlies Des del dilluns 7 i fins el dilluns 21 de mar\u00e7 heu de fer la preinscripci\u00f3 per al proper curs 2022-2023 dels alumnes que comencen o canvien d\u2019escola. Per demanar cita pr\u00e8via podeu trucar al tel\u00e8fon 977201227 DOCUMENTACI\u00d3 A PRESENTAR PER FER LA PREINSCRIPCI\u00d3 Original i fotoc\u00f2pia del llibre de fam\u00edlia. Fotoc\u00f2pia del [&hellip;]<\/p>\n","protected":false},"author":1,"featured_media":0,"comment_status":"open","ping_status":"closed","sticky":false,"template":"","format":"standard","meta":{"_bbp_topic_count":0,"_bbp_reply_count":0,"_bbp_total_topic_count":0,"_bbp_total_reply_count":0,"_bbp_voice_count":0,"_bbp_anonymous_reply_count":0,"_bbp_topic_count_hidden":0,"_bbp_reply_count_hidden":0,"_bbp_forum_subforum_count":0,"site-sidebar-layout":"default","site-content-layout":"","ast-site-content-layout":"","site-content-style":"default","site-sidebar-style":"default","ast-global-header-display":"","ast-banner-title-visibility":"","ast-main-header-display":"","ast-hfb-above-header-display":"","ast-hfb-below-header-display":"","ast-hfb-mobile-header-display":"","site-post-title":"","ast-breadcrumbs-content":"","ast-featured-img":"","footer-sml-layout":"","theme-transparent-header-meta":"","adv-header-id-meta":"","stick-header-meta":"","header-above-stick-meta":"","header-main-stick-meta":"","header-below-stick-meta":"","astra-migrate-meta-layouts":"default","ast-page-background-enabled":"default","ast-page-background-meta":{"desktop":{"background-color":"var(--ast-global-color-4)","background-image":"","background-repeat":"repeat","background-position":"center center","background-size":"auto","background-attachment":"scroll","background-type":"","background-media":"","overlay-type":"","overlay-color":"","overlay-opacity":"","overlay-gradient":""},"tablet":{"background-color":"","background-image":"","background-repeat":"repeat","background-position":"center center","background-size":"auto","background-attachment":"scroll","background-type":"","background-media":"","overlay-type":"","overlay-color":"","overlay-opacity":"","overlay-gradient":""},"mobile":{"background-color":"","background-image":"","background-repeat":"repeat","background-position":"center center","background-size":"auto","background-attachment":"scroll","background-type":"","background-media":"","overlay-type":"","overlay-color":"","overlay-opacity":"","overlay-gradient":""}},"ast-content-background-meta":{"desktop":{"background-color":"var(--ast-global-color-5)","background-image":"","background-repeat":"repeat","background-position":"center center","background-size":"auto","background-attachment":"scroll","background-type":"","background-media":"","overlay-type":"","overlay-color":"","overlay-opacity":"","overlay-gradient":""},"tablet":{"background-color":"var(--ast-global-color-5)","background-image":"","background-repeat":"repeat","background-position":"center center","background-size":"auto","background-attachment":"scroll","background-type":"","background-media":"","overlay-type":"","overlay-color":"","overlay-opacity":"","overlay-gradient":""},"mobile":{"background-color":"var(--ast-global-color-5)","background-image":"","background-repeat":"repeat","background-position":"center center","background-size":"auto","background-attachment":"scroll","background-type":"","background-media":"","overlay-type":"","overlay-color":"","overlay-opacity":"","overlay-gradient":""}},"footnotes":""},"categories":[4],"tags":[],"class_list":["post-7880","post","type-post","status-publish","format-standard","hentry","category-portada"],"post_mailing_queue_ids":[],"_links":{"self":[{"href":"https:\/\/agora.xtec.cat\/ceip-santperesantpau\/wp-json\/wp\/v2\/posts\/7880","targetHints":{"allow":["GET"]}}],"collection":[{"href":"https:\/\/agora.xtec.cat\/ceip-santperesantpau\/wp-json\/wp\/v2\/posts"}],"about":[{"href":"https:\/\/agora.xtec.cat\/ceip-santperesantpau\/wp-json\/wp\/v2\/types\/post"}],"author":[{"embeddable":true,"href":"https:\/\/agora.xtec.cat\/ceip-santperesantpau\/wp-json\/wp\/v2\/users\/1"}],"replies":[{"embeddable":true,"href":"https:\/\/agora.xtec.cat\/ceip-santperesantpau\/wp-json\/wp\/v2\/comments?post=7880"}],"version-history":[{"count":3,"href":"https:\/\/agora.xtec.cat\/ceip-santperesantpau\/wp-json\/wp\/v2\/posts\/7880\/revisions"}],"predecessor-version":[{"id":7896,"href":"https:\/\/agora.xtec.cat\/ceip-santperesantpau\/wp-json\/wp\/v2\/posts\/7880\/revisions\/7896"}],"wp:attachment":[{"href":"https:\/\/agora.xtec.cat\/ceip-santperesantpau\/wp-json\/wp\/v2\/media?parent=7880"}],"wp:term":[{"taxonomy":"category","embeddable":true,"href":"https:\/\/agora.xtec.cat\/ceip-santperesantpau\/wp-json\/wp\/v2\/categories?post=7880"},{"taxonomy":"post_tag","embeddable":true,"href":"https:\/\/agora.xtec.cat\/ceip-santperesantpau\/wp-json\/wp\/v2\/tags?post=7880"}],"curies":[{"name":"wp","href":"https:\/\/api.w.org\/{rel}","templated":true}]}}