{"id":683,"date":"2016-04-07T10:39:39","date_gmt":"2016-04-07T09:39:39","guid":{"rendered":"http:\/\/agora.xtec.cat\/ceip-santperesantpau\/?p=683"},"modified":"2016-04-07T10:41:03","modified_gmt":"2016-04-07T09:41:03","slug":"llegeixem-un-conte-prog-num-103-dimecres-6-dabril16","status":"publish","type":"post","link":"https:\/\/agora.xtec.cat\/ceip-santperesantpau\/general\/llegeixem-un-conte-prog-num-103-dimecres-6-dabril16\/","title":{"rendered":"\u201cLLEGEIXE\u2019M un conte\u201d, Prog. n\u00fam 103, dimecres 6 d&#8217;abril\u201916."},"content":{"rendered":"<p style=\"text-align: center;\">JA PODEU TORNAR A ESCOLTAR el \u201cLLEGEIXE&#8217;M UN CONTE&#8221; a R\u00e0dio Sant Pere i Sant Pau, d&#8217;ahir&#8230;!! ;D<br \/>\n\r\n\t<div class=\"slideshow_container slideshow_container_style-light\" style=\"height: 300px; \" data-slideshow-id=\"685\" data-style-name=\"style-light\" data-style-version=\"2.3.1\" >\r\n\r\n\t\t\t\t\t<div class=\"slideshow_loading_icon\"><\/div>\r\n\t\t\r\n\t\t<div class=\"slideshow_content\" style=\"display: none;\">\r\n\r\n\t\t\t<div class=\"slideshow_view\">\r\n\t\t\t\t<div class=\"slideshow_slide slideshow_slide_image\">\r\n\t\t\t\t\t\t\t\t\t\t\t<img src=\"https:\/\/agora.xtec.cat\/ceip-santperesantpau\/wp-content\/uploads\/usu188\/2016\/04\/la-nena-vol-jornada-continuada.jpg\" alt=\"\u201cLlegeixe\u2019m un conte&quot;, n\u00fam 103\" width=\"436\" height=\"534\" \/>\r\n\t\t\t\t\t\t\t\t\t\t<div class=\"slideshow_description_box slideshow_transparent\">\r\n\t\t\t\t\t\t<div class=\"slideshow_title\">\u201cLlegeixe\u2019m un conte&quot;, n\u00fam 103<\/div>\t\t\t\t\t\t\t\t\t\t\t<\/div>\r\n\t\t\t\t<\/div>\r\n\r\n\t\t\t\t\t\t<div style=\"clear: both;\"><\/div><\/div><div class=\"slideshow_view\">\r\n\t\t\t\t<div class=\"slideshow_slide slideshow_slide_image\">\r\n\t\t\t\t\t\t\t\t\t\t\t<img src=\"https:\/\/agora.xtec.cat\/ceip-santperesantpau\/wp-content\/uploads\/usu188\/2015\/11\/Dragonet-Llegeixem-un-conte-PETIT.jpg\" alt=\"Vols que llegim?\" width=\"201\" height=\"167\" \/>\r\n\t\t\t\t\t\t\t\t\t\t<div class=\"slideshow_description_box slideshow_transparent\">\r\n\t\t\t\t\t\t<div class=\"slideshow_title\">Vols que llegim?<\/div>\t\t\t\t\t\t\t\t\t\t\t<\/div>\r\n\t\t\t\t<\/div>\r\n\r\n\t\t\t\t\t\t<div style=\"clear: both;\"><\/div><\/div>\r\n\t\t<\/div>\r\n\r\n\t\t<div class=\"slideshow_controlPanel slideshow_transparent\" style=\"display: none;\"><ul><li class=\"slideshow_togglePlay\" data-play-text=\"Visualitza\" data-pause-text=\"Pausa\"><\/li><\/ul><\/div>\r\n\r\n\t\t<div class=\"slideshow_button slideshow_previous slideshow_transparent\" role=\"button\" data-previous-text=\"Anterior\" style=\"display: none;\"><\/div>\r\n\t\t<div class=\"slideshow_button slideshow_next slideshow_transparent\" role=\"button\" data-next-text=\"Seg\u00fcent\" style=\"display: none;\"><\/div>\r\n\r\n\t\t<div class=\"slideshow_pagination\" style=\"display: none;\" data-go-to-text=\"V\u00e9s a la diapositiva\"><div class=\"slideshow_pagination_center\"><\/div><\/div>\r\n\r\n\t\t<!-- WordPress Slideshow Version 2.3.1 -->\r\n\r\n\t\t\t<\/div>\r\n\r\n<\/p>\n<p style=\"text-align: center;\"><a href=\"https:\/\/www.mixcloud.com\/t%C3%A0nia-llaurad%C3%B3\/llegeixem-un-conte-dimecres-6-abril16-prog-n%C3%BAm-103\/\">\u201cLlegeixe\u2019m un conte&#8221;, dimecres 6 abril&#8217;16, Prog. n\u00fam 103<\/a><br \/>\nCONTES: &#8220;En Nasi&#8221; i &#8220;L&#8217;aventura d&#8217;un n\u00favol&#8221;<br \/>\nCONTES A BOCINS: &#8220;L&#8217;\u00e0via de Tutankamon&#8221; (&#8220;Senetmania&#8221;)<\/p>\n<div class=\"text_exposed_show\">\n<p>Ja en la seva quarta temporada, &#8220;Llegeixe&#8217;m un conte&#8221; \u00e9s un programa de Joana Margalef i el &#8220;Programa d&#8217;animaci\u00f3 lectora&#8221; de l\u2019Escola Sant Pere i Sant Pau, amb T\u00e0nia Llaurad\u00f3.<br \/>\nPensat per a nens i nenes de totes les edats, aquest programa radiof\u00f2nic s&#8217;emet els dimecres a un quart de set del vespre amb contes, m\u00fasica i participaci\u00f3.<\/p>\n<p>R\u00e0dio Sant Pere i Sant Pau, 101.0 FM<br \/>\nBloc Per\u00fa, baixos, 43007 Tarragona<br \/>\n<a href=\"http:\/\/www.radiospsp.com\/\" target=\"_blank\" data-lynx-uri=\"http:\/\/l.facebook.com\/?u=http%3A%2F%2Fwww.radiospsp.com%2F&amp;e=ATPg1I1u_VeSrSvB9zAR1wEQ3ZoQuuhvaalh4mka7MUuIfgMX1tyTyWBypyQ0Zvf\">www.radiospsp.com<\/a><br \/>\nTDT (opci\u00f3 r\u00e0dio)<br \/>\nTel. 977 201 500<\/p>\n<\/div>\n","protected":false},"excerpt":{"rendered":"<p>JA PODEU TORNAR A ESCOLTAR el \u201cLLEGEIXE&#8217;M UN CONTE&#8221; a R\u00e0dio Sant Pere i Sant Pau, d&#8217;ahir&#8230;!! ;D \u201cLlegeixe\u2019m un conte&#8221;, dimecres 6 abril&#8217;16, Prog. n\u00fam 103 CONTES: &#8220;En Nasi&#8221; i &#8220;L&#8217;aventura d&#8217;un n\u00favol&#8221; CONTES A BOCINS: &#8220;L&#8217;\u00e0via de Tutankamon&#8221; (&#8220;Senetmania&#8221;) Ja en la seva quarta temporada, &#8220;Llegeixe&#8217;m un conte&#8221; \u00e9s un programa de Joana [&hellip;]<\/p>\n","protected":false},"author":1,"featured_media":684,"comment_status":"open","ping_status":"open","sticky":false,"template":"","format":"standard","meta":{"_bbp_topic_count":0,"_bbp_reply_count":0,"_bbp_total_topic_count":0,"_bbp_total_reply_count":0,"_bbp_voice_count":0,"_bbp_anonymous_reply_count":0,"_bbp_topic_count_hidden":0,"_bbp_reply_count_hidden":0,"_bbp_forum_subforum_count":0,"site-sidebar-layout":"default","site-content-layout":"","ast-site-content-layout":"","site-content-style":"default","site-sidebar-style":"default","ast-global-header-display":"","ast-banner-title-visibility":"","ast-main-header-display":"","ast-hfb-above-header-display":"","ast-hfb-below-header-display":"","ast-hfb-mobile-header-display":"","site-post-title":"","ast-breadcrumbs-content":"","ast-featured-img":"","footer-sml-layout":"","theme-transparent-header-meta":"","adv-header-id-meta":"","stick-header-meta":"","header-above-stick-meta":"","header-main-stick-meta":"","header-below-stick-meta":"","astra-migrate-meta-layouts":"default","ast-page-background-enabled":"default","ast-page-background-meta":{"desktop":{"background-color":"var(--ast-global-color-4)","background-image":"","background-repeat":"repeat","background-position":"center center","background-size":"auto","background-attachment":"scroll","background-type":"","background-media":"","overlay-type":"","overlay-color":"","overlay-opacity":"","overlay-gradient":""},"tablet":{"background-color":"","background-image":"","background-repeat":"repeat","background-position":"center center","background-size":"auto","background-attachment":"scroll","background-type":"","background-media":"","overlay-type":"","overlay-color":"","overlay-opacity":"","overlay-gradient":""},"mobile":{"background-color":"","background-image":"","background-repeat":"repeat","background-position":"center center","background-size":"auto","background-attachment":"scroll","background-type":"","background-media":"","overlay-type":"","overlay-color":"","overlay-opacity":"","overlay-gradient":""}},"ast-content-background-meta":{"desktop":{"background-color":"var(--ast-global-color-5)","background-image":"","background-repeat":"repeat","background-position":"center center","background-size":"auto","background-attachment":"scroll","background-type":"","background-media":"","overlay-type":"","overlay-color":"","overlay-opacity":"","overlay-gradient":""},"tablet":{"background-color":"var(--ast-global-color-5)","background-image":"","background-repeat":"repeat","background-position":"center center","background-size":"auto","background-attachment":"scroll","background-type":"","background-media":"","overlay-type":"","overlay-color":"","overlay-opacity":"","overlay-gradient":""},"mobile":{"background-color":"var(--ast-global-color-5)","background-image":"","background-repeat":"repeat","background-position":"center center","background-size":"auto","background-attachment":"scroll","background-type":"","background-media":"","overlay-type":"","overlay-color":"","overlay-opacity":"","overlay-gradient":""}},"footnotes":""},"categories":[59,1,2,4,5,60],"tags":[],"class_list":["post-683","post","type-post","status-publish","format-standard","has-post-thumbnail","hentry","category-animacio-lectora","category-general","category-infantil","category-portada","category-primaria","category-radio"],"post_mailing_queue_ids":[],"_links":{"self":[{"href":"https:\/\/agora.xtec.cat\/ceip-santperesantpau\/wp-json\/wp\/v2\/posts\/683","targetHints":{"allow":["GET"]}}],"collection":[{"href":"https:\/\/agora.xtec.cat\/ceip-santperesantpau\/wp-json\/wp\/v2\/posts"}],"about":[{"href":"https:\/\/agora.xtec.cat\/ceip-santperesantpau\/wp-json\/wp\/v2\/types\/post"}],"author":[{"embeddable":true,"href":"https:\/\/agora.xtec.cat\/ceip-santperesantpau\/wp-json\/wp\/v2\/users\/1"}],"replies":[{"embeddable":true,"href":"https:\/\/agora.xtec.cat\/ceip-santperesantpau\/wp-json\/wp\/v2\/comments?post=683"}],"version-history":[{"count":3,"href":"https:\/\/agora.xtec.cat\/ceip-santperesantpau\/wp-json\/wp\/v2\/posts\/683\/revisions"}],"predecessor-version":[{"id":689,"href":"https:\/\/agora.xtec.cat\/ceip-santperesantpau\/wp-json\/wp\/v2\/posts\/683\/revisions\/689"}],"wp:featuredmedia":[{"embeddable":true,"href":"https:\/\/agora.xtec.cat\/ceip-santperesantpau\/wp-json\/wp\/v2\/media\/684"}],"wp:attachment":[{"href":"https:\/\/agora.xtec.cat\/ceip-santperesantpau\/wp-json\/wp\/v2\/media?parent=683"}],"wp:term":[{"taxonomy":"category","embeddable":true,"href":"https:\/\/agora.xtec.cat\/ceip-santperesantpau\/wp-json\/wp\/v2\/categories?post=683"},{"taxonomy":"post_tag","embeddable":true,"href":"https:\/\/agora.xtec.cat\/ceip-santperesantpau\/wp-json\/wp\/v2\/tags?post=683"}],"curies":[{"name":"wp","href":"https:\/\/api.w.org\/{rel}","templated":true}]}}