{"id":6238,"date":"2020-05-28T16:18:00","date_gmt":"2020-05-28T14:18:00","guid":{"rendered":"https:\/\/agora.xtec.cat\/ceip-santperesantpau\/?p=6238"},"modified":"2020-05-28T16:18:00","modified_gmt":"2020-05-28T14:18:00","slug":"pla-dobertura-de-centres-educatius-fase-2","status":"publish","type":"post","link":"https:\/\/agora.xtec.cat\/ceip-santperesantpau\/portada\/pla-dobertura-de-centres-educatius-fase-2\/","title":{"rendered":"PLA D&#8217;OBERTURA DE CENTRES EDUCATIUS FASE 2."},"content":{"rendered":"<p><a href=\"https:\/\/agora.xtec.cat\/ceip-santperesantpau\/wp-content\/uploads\/usu188\/2020\/05\/PHOTO-2020-05-25-21-42-28.png\"><img loading=\"lazy\" decoding=\"async\" class=\"size-large wp-image-6241 alignleft\" src=\"https:\/\/agora.xtec.cat\/ceip-santperesantpau\/wp-content\/uploads\/usu188\/2020\/05\/PHOTO-2020-05-25-21-42-28-393x1024.png\" alt=\"\" width=\"393\" height=\"1024\" srcset=\"https:\/\/agora.xtec.cat\/ceip-santperesantpau\/wp-content\/uploads\/usu188\/2020\/05\/PHOTO-2020-05-25-21-42-28-393x1024.png 393w, https:\/\/agora.xtec.cat\/ceip-santperesantpau\/wp-content\/uploads\/usu188\/2020\/05\/PHOTO-2020-05-25-21-42-28-115x300.png 115w, https:\/\/agora.xtec.cat\/ceip-santperesantpau\/wp-content\/uploads\/usu188\/2020\/05\/PHOTO-2020-05-25-21-42-28.png 614w\" sizes=\"auto, (max-width: 393px) 100vw, 393px\" \/><\/a><\/p>\n<p style=\"text-align: left;\"><b>PLA D\u2019OBERTURA DE CENTRES EDUCATIUS EN FASE 2 DE\u00a0 \u00a0<\/b><\/p>\n<p style=\"text-align: left;\"><b>DESESCALADA EN LA FINALITZACI\u00d3 DEL CURS 2019-2020<\/b><\/p>\n<p>Benvolgudes fam\u00edlies,<\/p>\n<p>El Departament d\u2019Educaci\u00f3 ens ha donat instruccions d\u2019obrir els centres escolars a partir del proper 1 de juny.<\/p>\n<p>Volem destacar com a punts importants:<\/p>\n<p>E<strong>l curs 2019-20 <\/strong><strong>acabar\u00e0 el dia 19 de juny en format telem\u00e0tic.<\/strong><\/p>\n<p><strong><a href=\"https:\/\/agora.xtec.cat\/ceip-mdomingo-tarragona\/wp-content\/uploads\/usu1782\/2020\/05\/0001.jpg\">\u00a0<\/a><\/strong><\/p>\n<p><strong>Educaci\u00f3 Infantil\u00a0 (P3, P4 i P5): <\/strong>acollida dels alumnes dels quals les fam\u00edlies per motius laborals i professionals hagin de realitzar treball presencial.\u00a0 Caldr\u00e0 presentar a l\u2019escola documentaci\u00f3 acreditativa.<\/p>\n<p><strong>Alumnat de 6\u00e8 de prim\u00e0ria: <\/strong>assist\u00e8ncia a l&#8217;aula en\u00a0grups redu\u00efts i en cap cos s&#8217;avan\u00e7ar\u00e0 mat\u00e8ria.\u00a0Tutories individualitzades pr\u00e8via\u00a0concertaci\u00f3 de cita.<\/p>\n<p><strong>Alumnat de 1r a 5\u00e8:\u00a0 <\/strong>Tutories individualitzades pr\u00e8via\u00a0concertaci\u00f3 de cita.<\/p>\n<p><b>L\u2019assist\u00e8ncia ser\u00e0 volunt\u00e0ria.<\/b><a href=\"https:\/\/agora.xtec.cat\/ceip-mdomingo-tarragona\/wp-content\/uploads\/usu1782\/2020\/05\/0001.jpg\"><br \/>\n<\/a><\/p>\n<p>&nbsp;<\/p>\n<p style=\"text-align: center;\">Atentament<\/p>\n<p style=\"text-align: center;\">L\u2019Equip directiu<\/p>\n","protected":false},"excerpt":{"rendered":"<p>PLA D\u2019OBERTURA DE CENTRES EDUCATIUS EN FASE 2 DE\u00a0 \u00a0 DESESCALADA EN LA FINALITZACI\u00d3 DEL CURS 2019-2020 Benvolgudes fam\u00edlies, El Departament d\u2019Educaci\u00f3 ens ha donat instruccions d\u2019obrir els centres escolars a partir del proper 1 de juny. Volem destacar com a punts importants: El curs 2019-20 acabar\u00e0 el dia 19 de juny en format telem\u00e0tic. [&hellip;]<\/p>\n","protected":false},"author":1,"featured_media":3761,"comment_status":"open","ping_status":"closed","sticky":false,"template":"","format":"standard","meta":{"_bbp_topic_count":0,"_bbp_reply_count":0,"_bbp_total_topic_count":0,"_bbp_total_reply_count":0,"_bbp_voice_count":0,"_bbp_anonymous_reply_count":0,"_bbp_topic_count_hidden":0,"_bbp_reply_count_hidden":0,"_bbp_forum_subforum_count":0,"site-sidebar-layout":"default","site-content-layout":"","ast-site-content-layout":"","site-content-style":"default","site-sidebar-style":"default","ast-global-header-display":"","ast-banner-title-visibility":"","ast-main-header-display":"","ast-hfb-above-header-display":"","ast-hfb-below-header-display":"","ast-hfb-mobile-header-display":"","site-post-title":"","ast-breadcrumbs-content":"","ast-featured-img":"","footer-sml-layout":"","theme-transparent-header-meta":"","adv-header-id-meta":"","stick-header-meta":"","header-above-stick-meta":"","header-main-stick-meta":"","header-below-stick-meta":"","astra-migrate-meta-layouts":"default","ast-page-background-enabled":"default","ast-page-background-meta":{"desktop":{"background-color":"var(--ast-global-color-4)","background-image":"","background-repeat":"repeat","background-position":"center center","background-size":"auto","background-attachment":"scroll","background-type":"","background-media":"","overlay-type":"","overlay-color":"","overlay-opacity":"","overlay-gradient":""},"tablet":{"background-color":"","background-image":"","background-repeat":"repeat","background-position":"center center","background-size":"auto","background-attachment":"scroll","background-type":"","background-media":"","overlay-type":"","overlay-color":"","overlay-opacity":"","overlay-gradient":""},"mobile":{"background-color":"","background-image":"","background-repeat":"repeat","background-position":"center center","background-size":"auto","background-attachment":"scroll","background-type":"","background-media":"","overlay-type":"","overlay-color":"","overlay-opacity":"","overlay-gradient":""}},"ast-content-background-meta":{"desktop":{"background-color":"var(--ast-global-color-5)","background-image":"","background-repeat":"repeat","background-position":"center center","background-size":"auto","background-attachment":"scroll","background-type":"","background-media":"","overlay-type":"","overlay-color":"","overlay-opacity":"","overlay-gradient":""},"tablet":{"background-color":"var(--ast-global-color-5)","background-image":"","background-repeat":"repeat","background-position":"center center","background-size":"auto","background-attachment":"scroll","background-type":"","background-media":"","overlay-type":"","overlay-color":"","overlay-opacity":"","overlay-gradient":""},"mobile":{"background-color":"var(--ast-global-color-5)","background-image":"","background-repeat":"repeat","background-position":"center center","background-size":"auto","background-attachment":"scroll","background-type":"","background-media":"","overlay-type":"","overlay-color":"","overlay-opacity":"","overlay-gradient":""}},"footnotes":""},"categories":[4],"tags":[],"class_list":["post-6238","post","type-post","status-publish","format-standard","has-post-thumbnail","hentry","category-portada"],"post_mailing_queue_ids":[],"_links":{"self":[{"href":"https:\/\/agora.xtec.cat\/ceip-santperesantpau\/wp-json\/wp\/v2\/posts\/6238","targetHints":{"allow":["GET"]}}],"collection":[{"href":"https:\/\/agora.xtec.cat\/ceip-santperesantpau\/wp-json\/wp\/v2\/posts"}],"about":[{"href":"https:\/\/agora.xtec.cat\/ceip-santperesantpau\/wp-json\/wp\/v2\/types\/post"}],"author":[{"embeddable":true,"href":"https:\/\/agora.xtec.cat\/ceip-santperesantpau\/wp-json\/wp\/v2\/users\/1"}],"replies":[{"embeddable":true,"href":"https:\/\/agora.xtec.cat\/ceip-santperesantpau\/wp-json\/wp\/v2\/comments?post=6238"}],"version-history":[{"count":3,"href":"https:\/\/agora.xtec.cat\/ceip-santperesantpau\/wp-json\/wp\/v2\/posts\/6238\/revisions"}],"predecessor-version":[{"id":6243,"href":"https:\/\/agora.xtec.cat\/ceip-santperesantpau\/wp-json\/wp\/v2\/posts\/6238\/revisions\/6243"}],"wp:featuredmedia":[{"embeddable":true,"href":"https:\/\/agora.xtec.cat\/ceip-santperesantpau\/wp-json\/wp\/v2\/media\/3761"}],"wp:attachment":[{"href":"https:\/\/agora.xtec.cat\/ceip-santperesantpau\/wp-json\/wp\/v2\/media?parent=6238"}],"wp:term":[{"taxonomy":"category","embeddable":true,"href":"https:\/\/agora.xtec.cat\/ceip-santperesantpau\/wp-json\/wp\/v2\/categories?post=6238"},{"taxonomy":"post_tag","embeddable":true,"href":"https:\/\/agora.xtec.cat\/ceip-santperesantpau\/wp-json\/wp\/v2\/tags?post=6238"}],"curies":[{"name":"wp","href":"https:\/\/api.w.org\/{rel}","templated":true}]}}