{"id":561,"date":"2016-03-15T09:00:48","date_gmt":"2016-03-15T08:00:48","guid":{"rendered":"http:\/\/agora.xtec.cat\/ceip-santperesantpau\/?p=561"},"modified":"2016-03-15T11:39:37","modified_gmt":"2016-03-15T10:39:37","slug":"preinscripcio-per-al-curs-escolar-2016-17","status":"publish","type":"post","link":"https:\/\/agora.xtec.cat\/ceip-santperesantpau\/general\/preinscripcio-per-al-curs-escolar-2016-17\/","title":{"rendered":"PREINSCRIPCI\u00d3 PER AL CURS ESCOLAR 2016-17"},"content":{"rendered":"<p>&nbsp;<\/p>\n\r\n\t<div class=\"slideshow_container slideshow_container_style-light\" style=\"height: 300px; \" data-slideshow-id=\"563\" data-style-name=\"style-light\" data-style-version=\"2.3.1\" >\r\n\r\n\t\t\t\t\t<div class=\"slideshow_loading_icon\"><\/div>\r\n\t\t\r\n\t\t<div class=\"slideshow_content\" style=\"display: none;\">\r\n\r\n\t\t\t<div class=\"slideshow_view\">\r\n\t\t\t\t<div class=\"slideshow_slide slideshow_slide_image\">\r\n\t\t\t\t\t\t\t\t\t\t\t<img src=\"https:\/\/agora.xtec.cat\/ceip-santperesantpau\/wp-content\/uploads\/usu188\/2016\/02\/CARTELL-VISITES-PREINSCRIPCI\u00d3-2016-17-CARTELL-copia-2.jpg\" alt=\"CARTELL VISITES PREINSCRIPCI\u00d3 2016-17 CARTELL - copia (2)\" width=\"1024\" height=\"738\" \/>\r\n\t\t\t\t\t\t\t\t\t\t<div class=\"slideshow_description_box slideshow_transparent\">\r\n\t\t\t\t\t\t<div class=\"slideshow_title\">CARTELL VISITES PREINSCRIPCI\u00d3 2016-17 CARTELL - copia (2)<\/div>\t\t\t\t\t\t\t\t\t\t\t<\/div>\r\n\t\t\t\t<\/div>\r\n\r\n\t\t\t\t\t\t<div style=\"clear: both;\"><\/div><\/div>\r\n\t\t<\/div>\r\n\r\n\t\t<div class=\"slideshow_controlPanel slideshow_transparent\" style=\"display: none;\"><ul><li class=\"slideshow_togglePlay\" data-play-text=\"Visualitza\" data-pause-text=\"Pausa\"><\/li><\/ul><\/div>\r\n\r\n\t\t<div class=\"slideshow_button slideshow_previous slideshow_transparent\" role=\"button\" data-previous-text=\"Anterior\" style=\"display: none;\"><\/div>\r\n\t\t<div class=\"slideshow_button slideshow_next slideshow_transparent\" role=\"button\" data-next-text=\"Seg\u00fcent\" style=\"display: none;\"><\/div>\r\n\r\n\t\t<div class=\"slideshow_pagination\" style=\"display: none;\" data-go-to-text=\"V\u00e9s a la diapositiva\"><div class=\"slideshow_pagination_center\"><\/div><\/div>\r\n\r\n\t\t<!-- WordPress Slideshow Version 2.3.1 -->\r\n\r\n\t\t\t<\/div>\r\n\r\n\n<p><a href=\"http:\/\/queestudiar.gencat.cat\/ca\/preinscripcio\/informacio_general\/index.html\">INSCRIPCI\u00d3 on line al web del Dpt. d&#8217;Ensenyament<\/a><\/p>\n<div>Pares i mares i\/o tutors\/-es legals\u00a0de\u00a0<strong><span style=\"font-size: large;\">nens i nenes nascuts durant l&#8217;any 2013<\/span><\/strong>&#8230; S&#8217;acosta el moment de<b> reservar pla\u00e7a per al curs escolar 2016-&#8217;17<\/b> a la nostra escola.<\/div>\n<div>Tamb\u00e9 per a nous i noves alumnes per al\u00a0<strong>curs escolar 2016-&#8217;17\u00a0<\/strong>nascuts\/-des en anys anteriors al 2013 fins al 2005.<\/div>\n<div><\/div>\n<div>Si \u00e9s el vostre cas o d&#8217;alg\u00fa que conegueu interessat, aqu\u00ed teniu l&#8217;avan\u00e7ament per tal que pogueu\u00a0<strong>anar preparant la documentaci\u00f3<\/strong>:<\/div>\n<div><\/div>\n<div><\/div>\n<p><span style=\"font-family: 'Palatino Linotype';\"><span style=\"color: #000000;\">\u00a0<\/span><b><u><span lang=\"CA\"><span style=\"color: #000000;\">PREINSCRIPCI\u00d3\u00a0I MATRICULACI\u00d3 ESCOLAR 2016-2017<\/span><\/span><\/u><\/b><\/span><\/p>\n<div><\/div>\n<ol>\n<li><span lang=\"CA\">Impr\u00e8s de\u00a0<i>sol\u00b7licitud<\/i>.<\/span><\/li>\n<li><span lang=\"CA\">Impr\u00e8s de\u00a0<i>dades b\u00e0siques<\/i>\u00a0i perm\u00eds d&#8217;acc\u00e9s dades personals per proc\u00e9s d&#8217;inscripci\u00f3facilitat pel centre\u00a0<\/span><\/li>\n<li><b><span lang=\"CA\">Original i fotoc\u00f2pia del\u00a0<i>Llibre de Fam\u00edlia<\/i>\u00a0o altre document que n&#8217;acrediti la filiaci\u00f3\/tutoria legal.<\/span><\/b><\/li>\n<li><b><span lang=\"CA\">Original i fotoc\u00f2pia del\u00a0<i>DNI, NIE o Passaport<\/i>\u00a0del pare i mare o tutor.<\/span><\/b><\/li>\n<li><b><span lang=\"CA\">Original i fotoc\u00f2pia de la\u00a0<i>TIS<\/i>\u00a0(Targeta\u00a0\u00a0sanit\u00e0ria individual) i M\u00fatua si \u00e9s el cas.<\/span><\/b><\/li>\n<li><span lang=\"CA\"><b>Original i fotoc\u00f2pia del\u00a0<i>carnet de vacunacions<\/i>\u00a0o\u00a0<i>certificat m\u00e8dic oficial<\/i>\u00a0<\/b>expedit pel pediatra on figurin les dosis rebudes i\/o el motiu de la no vacunaci\u00f3.<\/span><\/li>\n<li><b><span lang=\"CA\">Original i fotoc\u00f2pia del\u00a0<i>DNI, NIE o Passaport<\/i>\u00a0del\/la menor, cas que el tingui expedit.<\/span><\/b><\/li>\n<li><b><span lang=\"CA\">Original i fotoc\u00f2pia del\u00a0<i>certificat o volant municipal de conviv\u00e8ncia del menor amb la persona sol\u00b7licitant o volant d&#8217;empadronament<\/i>.<\/span><\/b><\/li>\n<li><b><span lang=\"CA\">Original i fotoc\u00f2pia de la\u00a0<i>Sent\u00e8ncia Judicial\u00a0<\/i>en cas de separaci\u00f3 o allunyaments.<\/span><\/b><\/li>\n<li><span lang=\"CA\">Tres\u00a0<i>fotografies<\/i>\u00a0recents de l&#8217;alumne\/-a.<\/span><\/li>\n<li><b><i><span lang=\"CA\">Autoritzaci\u00f3 \u00fas d&#8217;imatges de l&#8217;alumne\/-a,<\/span><\/i><\/b><b><span lang=\"CA\">\u00a0publicaci\u00f3 de dades de car\u00e0cter personal i material<\/span><\/b><span lang=\"CA\">\u00a0elaborat per l&#8217;alumnat.<\/span><\/li>\n<li><span lang=\"CA\">Autoritzaci\u00f3\u00a0<i>religi\u00f3\/<wbr \/>ensenyaments alternatius<\/i>.<\/span><\/li>\n<li><b><i><span lang=\"CA\">Autoritzaci\u00f3 recollida<\/span><\/i><\/b><b><span lang=\"CA\">\u00a0d&#8217;alumnes.<\/span><\/b><\/li>\n<li><span lang=\"CA\">Autoritzaci\u00f3 per a anar, o no, sol\/-a a casa.<\/span><\/li>\n<li><b><i><span lang=\"CA\">Carta de Comprom\u00eds Educatiu\u00a0<\/span><\/i><\/b><span lang=\"CA\">(per duplicat)<\/span><b><span lang=\"CA\">.<\/span><\/b><b><span lang=\"CA\">\u00a0<\/span><\/b><b><span lang=\"CA\">Si \u00e9s el cas, cal al\u00b7legar:<\/span><\/b><\/li>\n<\/ol>\n<div><\/div>\n<ul>\n<li><b><span lang=\"CA\">Renda anual<\/span><\/b><span lang=\"CA\">\u00a0de la unitat familiar (documentaci\u00f3 acreditativa de ser beneficiari de la prestaci\u00f3 econ\u00f2mica de la renda m\u00ednima d&#8217;inserci\u00f3). <strong>10 punts<\/strong><\/span><\/li>\n<li><b><span lang=\"CA\">Proximitat del domicil<\/span><\/b><span lang=\"CA\">i de la persona sol\u00b7licitant (DNI o NIE amb el domicili \/volant d&#8217;empadronament del sol\u00b7licitant ). <strong>30 punt<\/strong>s<\/span>\n<ul>\n<li>O proximitat del lloc de treball (c\u00f2pia del contracte laboral o certificat de l&#8217;empresa). <strong>20 punts<\/strong><\/li>\n<li><span lang=\"CA\">O, si viu dins el mateix municipi, fora de l&#8217;\u00e0rea d&#8217;influ\u00e8ncia (volant d&#8217;empadronament o DNI, NIE amb domicili). <strong>10 punts<\/strong><\/span><\/li>\n<\/ul>\n<\/li>\n<li><b><span lang=\"CA\">Germans<\/span><\/b><span lang=\"CA\">\u00a0al centre o a centres p\u00fablics adscrits (certificat d\u2019escolaritzaci\u00f3), o\u00a0<b>pares<\/b>\u00a0que treballin al propi centre. <strong>40\u00a0punts<\/strong><\/span><\/li>\n<li><span lang=\"CA\">Tenir un familiar\u00a0<b>discapacitat<\/b>\u00a0\u00a0(33% o m\u00e9s), cal certificaci\u00f3 oficial, original i fotoc\u00f2pia. <strong>10\u00a0punts<\/strong><\/span><\/li>\n<li><span lang=\"CA\">Original i fotoc\u00f2pia del\u00a0<b><i>carnet de fam\u00edlia nombrosa o monoparental<\/i><\/b>, vigent.<strong> 15\u00a0punts<\/strong><\/span><\/li>\n<li><b><span lang=\"CA\">Malaltia cr\u00f2nica<\/span><\/b><span lang=\"CA\">\u00a0de l&#8217;alumne\/-a que afecti el sistema digestiu, endocr\u00ed o metab\u00f2lic (cel\u00edacs tamb\u00e9) justificat amb informe o certificat m\u00e8dic oficial on s\u2019especifiqui la malaltia. <strong>10\u00a0punts<\/strong><\/span><\/li>\n<li><b><span lang=\"CA\">Familiars de primer grau exalumnes<\/span><\/b><span lang=\"CA\">: el pare, mare, tutor legal o germans, haver estat alumne del Centre.\u00a0<\/span><strong><span lang=\"CA\">\u00a05\u00a0punts<\/span><\/strong>\n<div class=\"gmail_default\">\u200b<\/div>\n<p><b><span lang=\"CA\">\u00a0\u00a0\u00a0\u00a0\u00a0\u00a0\u00a0\u00a0\u00a0\u00a0\u00a0\u00a0\u00a0\u00a0\u00a0\u00a0\u00a0\u00a0\u00a0\u00a0\u00a0\u00a0\u00a0\u00a0\u00a0\u00a0\u00a0\u00a0\u00a0\u00a0<wbr \/>\u00a0La\u00a0<span style=\"font-size: large;\">preinscripci\u00f3\u00a0es pot fer via telem\u00e0tica\u00a0<\/span><\/span><\/b><span lang=\"CA\"><span style=\"color: #000000; font-family: 'Palatino Linotype';\">des del web del Departament\u00a0<\/span><\/span>d&#8217;Ensenyament<\/p>\n<div class=\"gmail_default\"><\/div>\n<p><span style=\"color: #0000ff; font-family: 'Palatino Linotype'; font-size: large;\"><span style=\"color: #0000ff; font-family: 'Palatino Linotype'; font-size: large;\"><u><a href=\"http:\/\/queestudiar.gencat.cat\/ca\/preinscripcio\/informacio_general\/index.html\" target=\"_blank\">http:\/\/queestudiar.gencat.cat\/<wbr \/>ca\/<\/a><\/u><\/span><\/span><\/p>\n<div class=\"gmail_default\">\u200b\u200b<\/div>\n<p><span style=\"color: #0000ff; font-family: 'Palatino Linotype'; font-size: large;\"><u><a href=\"http:\/\/queestudiar.gencat.cat\/ca\/preinscripcio\/informacio_general\/index.html\" target=\"_blank\">preinscripcio\/informacio_<wbr \/>general\/index.html<\/a><\/u><\/span><span style=\"color: #000000; font-family: 'Palatino Linotype';\">\u00a0\u00a0i cal lliurar<\/span><b>\u00a0el<\/b><b><span style=\"font-size: large;\">resguard\u00a0<\/span><\/b><span style=\"color: #000000; font-family: 'Palatino Linotype';\">al centre, conjuntament<\/span><b>\u00a0amb tota la <\/b><b><span style=\"font-size: large;\">documentaci\u00f3 acreditativa<\/span><\/b><b>. Es pot presentar la\u00a0preinscripci\u00f3\u00a0en el centre demanat en primer lloc o a l&#8217;OME.\u00a0\u00a0<\/b><span style=\"color: #000000; font-family: 'Palatino Linotype';\">El<\/span><b>\u00a0<\/b><b><span style=\"font-size: large;\">full de sol\u00b7licitud\u00a0<\/span><\/b><span style=\"color: #000000; font-family: 'Palatino Linotype';\">tamb\u00e9 el podreu\u00a0<\/span><b>descarregar<\/b><span style=\"color: #000000; font-family: 'Palatino Linotype';\">\u00a0del mateix lloc web i emplenar-lo per fer la\u00a0<\/span>preinscripci\u00f3\u00a0<span style=\"color: #000000; font-family: 'Palatino Linotype';\">presencialmen<\/span><span style=\"color: #000000; font-family: 'Palatino Linotype';\"><wbr \/>t.<\/span><\/p>\n<div class=\"gmail_default\">\u200bAl mateix web podreu consultar-hi els barems.\u200b<\/div>\n<\/li>\n<\/ul>\n<div><\/div>\n<ul>\n<li><b><u><span lang=\"CA\"><span style=\"font-size: large;\"><b><\/b>No es permet la duplicitat de sol\u00b7licituds.<\/span><\/span><\/u><\/b><b><span lang=\"CA\"><span style=\"font-size: large;\">No s&#8217;admetr\u00e0 cap\u00a0preinscripci\u00f3\u00a0si no va acompanyada de tota la documentaci\u00f3 imprescindible.\u00a0<\/span><\/span><\/b><span lang=\"CA\">(La no presentaci\u00f3 d&#8217;algun d&#8217;aquests documents suposar\u00e0 la p\u00e8rdua de puntuaci\u00f3 en la baremaci\u00f3).\u00a0<b><span style=\"font-size: large;\">No han de fer la\u00a0preinscripci\u00f3\u00a0aquells alumnes que ja estan escolaritzats al centre.<\/span><\/b><\/span><\/li>\n<\/ul>\n<p>&nbsp;<\/p>\n","protected":false},"excerpt":{"rendered":"<p>&nbsp; INSCRIPCI\u00d3 on line al web del Dpt. d&#8217;Ensenyament Pares i mares i\/o tutors\/-es legals\u00a0de\u00a0nens i nenes nascuts durant l&#8217;any 2013&#8230; S&#8217;acosta el moment de reservar pla\u00e7a per al curs escolar 2016-&#8217;17 a la nostra escola. Tamb\u00e9 per a nous i noves alumnes per al\u00a0curs escolar 2016-&#8217;17\u00a0nascuts\/-des en anys anteriors al 2013 fins al 2005. [&hellip;]<\/p>\n","protected":false},"author":1,"featured_media":566,"comment_status":"open","ping_status":"open","sticky":false,"template":"","format":"standard","meta":{"_bbp_topic_count":0,"_bbp_reply_count":0,"_bbp_total_topic_count":0,"_bbp_total_reply_count":0,"_bbp_voice_count":0,"_bbp_anonymous_reply_count":0,"_bbp_topic_count_hidden":0,"_bbp_reply_count_hidden":0,"_bbp_forum_subforum_count":0,"site-sidebar-layout":"default","site-content-layout":"","ast-site-content-layout":"","site-content-style":"default","site-sidebar-style":"default","ast-global-header-display":"","ast-banner-title-visibility":"","ast-main-header-display":"","ast-hfb-above-header-display":"","ast-hfb-below-header-display":"","ast-hfb-mobile-header-display":"","site-post-title":"","ast-breadcrumbs-content":"","ast-featured-img":"","footer-sml-layout":"","theme-transparent-header-meta":"","adv-header-id-meta":"","stick-header-meta":"","header-above-stick-meta":"","header-main-stick-meta":"","header-below-stick-meta":"","astra-migrate-meta-layouts":"default","ast-page-background-enabled":"default","ast-page-background-meta":{"desktop":{"background-color":"var(--ast-global-color-4)","background-image":"","background-repeat":"repeat","background-position":"center center","background-size":"auto","background-attachment":"scroll","background-type":"","background-media":"","overlay-type":"","overlay-color":"","overlay-opacity":"","overlay-gradient":""},"tablet":{"background-color":"","background-image":"","background-repeat":"repeat","background-position":"center center","background-size":"auto","background-attachment":"scroll","background-type":"","background-media":"","overlay-type":"","overlay-color":"","overlay-opacity":"","overlay-gradient":""},"mobile":{"background-color":"","background-image":"","background-repeat":"repeat","background-position":"center center","background-size":"auto","background-attachment":"scroll","background-type":"","background-media":"","overlay-type":"","overlay-color":"","overlay-opacity":"","overlay-gradient":""}},"ast-content-background-meta":{"desktop":{"background-color":"var(--ast-global-color-5)","background-image":"","background-repeat":"repeat","background-position":"center center","background-size":"auto","background-attachment":"scroll","background-type":"","background-media":"","overlay-type":"","overlay-color":"","overlay-opacity":"","overlay-gradient":""},"tablet":{"background-color":"var(--ast-global-color-5)","background-image":"","background-repeat":"repeat","background-position":"center center","background-size":"auto","background-attachment":"scroll","background-type":"","background-media":"","overlay-type":"","overlay-color":"","overlay-opacity":"","overlay-gradient":""},"mobile":{"background-color":"var(--ast-global-color-5)","background-image":"","background-repeat":"repeat","background-position":"center center","background-size":"auto","background-attachment":"scroll","background-type":"","background-media":"","overlay-type":"","overlay-color":"","overlay-opacity":"","overlay-gradient":""}},"footnotes":""},"categories":[1,2,4,5],"tags":[],"class_list":["post-561","post","type-post","status-publish","format-standard","has-post-thumbnail","hentry","category-general","category-infantil","category-portada","category-primaria"],"post_mailing_queue_ids":[],"_links":{"self":[{"href":"https:\/\/agora.xtec.cat\/ceip-santperesantpau\/wp-json\/wp\/v2\/posts\/561","targetHints":{"allow":["GET"]}}],"collection":[{"href":"https:\/\/agora.xtec.cat\/ceip-santperesantpau\/wp-json\/wp\/v2\/posts"}],"about":[{"href":"https:\/\/agora.xtec.cat\/ceip-santperesantpau\/wp-json\/wp\/v2\/types\/post"}],"author":[{"embeddable":true,"href":"https:\/\/agora.xtec.cat\/ceip-santperesantpau\/wp-json\/wp\/v2\/users\/1"}],"replies":[{"embeddable":true,"href":"https:\/\/agora.xtec.cat\/ceip-santperesantpau\/wp-json\/wp\/v2\/comments?post=561"}],"version-history":[{"count":3,"href":"https:\/\/agora.xtec.cat\/ceip-santperesantpau\/wp-json\/wp\/v2\/posts\/561\/revisions"}],"predecessor-version":[{"id":661,"href":"https:\/\/agora.xtec.cat\/ceip-santperesantpau\/wp-json\/wp\/v2\/posts\/561\/revisions\/661"}],"wp:featuredmedia":[{"embeddable":true,"href":"https:\/\/agora.xtec.cat\/ceip-santperesantpau\/wp-json\/wp\/v2\/media\/566"}],"wp:attachment":[{"href":"https:\/\/agora.xtec.cat\/ceip-santperesantpau\/wp-json\/wp\/v2\/media?parent=561"}],"wp:term":[{"taxonomy":"category","embeddable":true,"href":"https:\/\/agora.xtec.cat\/ceip-santperesantpau\/wp-json\/wp\/v2\/categories?post=561"},{"taxonomy":"post_tag","embeddable":true,"href":"https:\/\/agora.xtec.cat\/ceip-santperesantpau\/wp-json\/wp\/v2\/tags?post=561"}],"curies":[{"name":"wp","href":"https:\/\/api.w.org\/{rel}","templated":true}]}}