{"id":507,"date":"2016-01-22T12:55:41","date_gmt":"2016-01-22T11:55:41","guid":{"rendered":"http:\/\/agora.xtec.cat\/ceip-santperesantpau\/?p=507"},"modified":"2016-01-22T12:55:41","modified_gmt":"2016-01-22T11:55:41","slug":"ja-podeu-tornar-a-escoltar-el-programa-num-95-de-llegeixem-un-conte","status":"publish","type":"post","link":"https:\/\/agora.xtec.cat\/ceip-santperesantpau\/general\/ja-podeu-tornar-a-escoltar-el-programa-num-95-de-llegeixem-un-conte\/","title":{"rendered":"JA PODEU TORNAR A ESCOLTAR el Programa n\u00fam. 95&#8230;!!  de &#8220;LLEGEIXE&#8217;M UN CONTE&#8221;"},"content":{"rendered":"<div class=\"ast-oembed-container \" style=\"height: 100%;\"><iframe loading=\"lazy\" title=\"\u201cLlegeixe\u2019M Un Conte&quot;, Dimecres 20 Gen&#039;16, Prog. N\u00fam 95\" width=\"100%\" height=\"120\" src=\"https:\/\/www.mixcloud.com\/widget\/iframe\/?feed=https%3A%2F%2Fwww.mixcloud.com%2Ft%25C3%25A0nia-llaurad%25C3%25B3%2Fllegeixem-un-conte-dimecres-20-gen16-prog-n%25C3%25BAm-95%2F&amp;hide_cover=1\" frameborder=\"0\"><\/iframe><\/div>\n<p>CONTES: &#8220;En Pere i el ninja&#8221; i &#8220;El llop ferotge&#8221;<br \/>\nCONTE A BOCINS: &#8220;El fantasma de la biblioteca&#8221; (2a part)<\/p>\n<div class=\"text_exposed_show\">\n<p>Ja en la seva quarta temporada, &#8220;Llegeixe&#8217;m un conte&#8221; \u00e9s un programa de Joana Margalef i el &#8220;Programa d&#8217;animaci\u00f3 lectora&#8221; de l\u2019Escola Sant Pere i Sant Pau, amb T\u00e0nia Llaurad\u00f3.<br \/>\nPensat per a nens i nenes de totes les edats, aquest programa radiof\u00f2nic d&#8217;animaci\u00f3 lectora s&#8217;emet els dimecres a tres quarts de sis del vespre amb contes, m\u00fasica i participaci\u00f3.<br \/>\nSINTONIES: &#8220;Light&#8221; de Hanz Zimmer<br \/>\ni &#8220;One day&#8221; d&#8217;Arash ft. Helena.<\/p>\n<p>R\u00e0dio Sant Pere i Sant Pau, 101.0FM<br \/>\nBloc Per\u00fa, baixos, 43007 Tarragona<br \/>\n<a href=\"http:\/\/l.facebook.com\/l.php?u=http%3A%2F%2Fwww.radiospsp.com%2F&amp;h=rAQGy2JTuAQEbuFvFVLVymScfxNyy4F6ssVUc6E0vQxUg0g&amp;enc=AZPc6hSd6dMdiOoYHumMetdWZndhmPOcOPQeoKH92zb6bZOV_osSOcpUj6SyMuzZV8HuOYHWQqb8X_bxH8WAn1gxPWPPx_t62XTIOGCtIFxxQTXXeQS6Bsf7BPBSooKQgTYDueydWYxrVTPhmjAMItpo2-7VwTBRbh3uehrIu_EuXCAa_BC0-m5i9hciZXXu2Fh2oYVT0sxzHY3rjeCy5BIQ&amp;s=1\" target=\"_blank\" rel=\"nofollow\">www.radiospsp.com<\/a><br \/>\nTDT (opci\u00f3 r\u00e0dio)<br \/>\nTel. 977 201 500<\/p>\n<\/div>\n","protected":false},"excerpt":{"rendered":"<p>CONTES: &#8220;En Pere i el ninja&#8221; i &#8220;El llop ferotge&#8221; CONTE A BOCINS: &#8220;El fantasma de la biblioteca&#8221; (2a part) Ja en la seva quarta temporada, &#8220;Llegeixe&#8217;m un conte&#8221; \u00e9s un programa de Joana Margalef i el &#8220;Programa d&#8217;animaci\u00f3 lectora&#8221; de l\u2019Escola Sant Pere i Sant Pau, amb T\u00e0nia Llaurad\u00f3. Pensat per a nens i [&hellip;]<\/p>\n","protected":false},"author":1,"featured_media":0,"comment_status":"open","ping_status":"open","sticky":false,"template":"","format":"standard","meta":{"_bbp_topic_count":0,"_bbp_reply_count":0,"_bbp_total_topic_count":0,"_bbp_total_reply_count":0,"_bbp_voice_count":0,"_bbp_anonymous_reply_count":0,"_bbp_topic_count_hidden":0,"_bbp_reply_count_hidden":0,"_bbp_forum_subforum_count":0,"site-sidebar-layout":"default","site-content-layout":"","ast-site-content-layout":"","site-content-style":"default","site-sidebar-style":"default","ast-global-header-display":"","ast-banner-title-visibility":"","ast-main-header-display":"","ast-hfb-above-header-display":"","ast-hfb-below-header-display":"","ast-hfb-mobile-header-display":"","site-post-title":"","ast-breadcrumbs-content":"","ast-featured-img":"","footer-sml-layout":"","theme-transparent-header-meta":"","adv-header-id-meta":"","stick-header-meta":"","header-above-stick-meta":"","header-main-stick-meta":"","header-below-stick-meta":"","astra-migrate-meta-layouts":"default","ast-page-background-enabled":"default","ast-page-background-meta":{"desktop":{"background-color":"var(--ast-global-color-4)","background-image":"","background-repeat":"repeat","background-position":"center center","background-size":"auto","background-attachment":"scroll","background-type":"","background-media":"","overlay-type":"","overlay-color":"","overlay-opacity":"","overlay-gradient":""},"tablet":{"background-color":"","background-image":"","background-repeat":"repeat","background-position":"center center","background-size":"auto","background-attachment":"scroll","background-type":"","background-media":"","overlay-type":"","overlay-color":"","overlay-opacity":"","overlay-gradient":""},"mobile":{"background-color":"","background-image":"","background-repeat":"repeat","background-position":"center center","background-size":"auto","background-attachment":"scroll","background-type":"","background-media":"","overlay-type":"","overlay-color":"","overlay-opacity":"","overlay-gradient":""}},"ast-content-background-meta":{"desktop":{"background-color":"var(--ast-global-color-5)","background-image":"","background-repeat":"repeat","background-position":"center center","background-size":"auto","background-attachment":"scroll","background-type":"","background-media":"","overlay-type":"","overlay-color":"","overlay-opacity":"","overlay-gradient":""},"tablet":{"background-color":"var(--ast-global-color-5)","background-image":"","background-repeat":"repeat","background-position":"center center","background-size":"auto","background-attachment":"scroll","background-type":"","background-media":"","overlay-type":"","overlay-color":"","overlay-opacity":"","overlay-gradient":""},"mobile":{"background-color":"var(--ast-global-color-5)","background-image":"","background-repeat":"repeat","background-position":"center center","background-size":"auto","background-attachment":"scroll","background-type":"","background-media":"","overlay-type":"","overlay-color":"","overlay-opacity":"","overlay-gradient":""}},"footnotes":""},"categories":[1,2,4,5],"tags":[],"class_list":["post-507","post","type-post","status-publish","format-standard","hentry","category-general","category-infantil","category-portada","category-primaria"],"post_mailing_queue_ids":[],"_links":{"self":[{"href":"https:\/\/agora.xtec.cat\/ceip-santperesantpau\/wp-json\/wp\/v2\/posts\/507","targetHints":{"allow":["GET"]}}],"collection":[{"href":"https:\/\/agora.xtec.cat\/ceip-santperesantpau\/wp-json\/wp\/v2\/posts"}],"about":[{"href":"https:\/\/agora.xtec.cat\/ceip-santperesantpau\/wp-json\/wp\/v2\/types\/post"}],"author":[{"embeddable":true,"href":"https:\/\/agora.xtec.cat\/ceip-santperesantpau\/wp-json\/wp\/v2\/users\/1"}],"replies":[{"embeddable":true,"href":"https:\/\/agora.xtec.cat\/ceip-santperesantpau\/wp-json\/wp\/v2\/comments?post=507"}],"version-history":[{"count":4,"href":"https:\/\/agora.xtec.cat\/ceip-santperesantpau\/wp-json\/wp\/v2\/posts\/507\/revisions"}],"predecessor-version":[{"id":513,"href":"https:\/\/agora.xtec.cat\/ceip-santperesantpau\/wp-json\/wp\/v2\/posts\/507\/revisions\/513"}],"wp:attachment":[{"href":"https:\/\/agora.xtec.cat\/ceip-santperesantpau\/wp-json\/wp\/v2\/media?parent=507"}],"wp:term":[{"taxonomy":"category","embeddable":true,"href":"https:\/\/agora.xtec.cat\/ceip-santperesantpau\/wp-json\/wp\/v2\/categories?post=507"},{"taxonomy":"post_tag","embeddable":true,"href":"https:\/\/agora.xtec.cat\/ceip-santperesantpau\/wp-json\/wp\/v2\/tags?post=507"}],"curies":[{"name":"wp","href":"https:\/\/api.w.org\/{rel}","templated":true}]}}