{"id":462,"date":"2015-12-03T10:28:52","date_gmt":"2015-12-03T09:28:52","guid":{"rendered":"http:\/\/agora.xtec.cat\/ceip-santperesantpau\/?p=462"},"modified":"2015-12-03T10:30:07","modified_gmt":"2015-12-03T09:30:07","slug":"llegeixem-un-conte-dimecres-2-des15-prog-num-93","status":"publish","type":"post","link":"https:\/\/agora.xtec.cat\/ceip-santperesantpau\/general\/llegeixem-un-conte-dimecres-2-des15-prog-num-93\/","title":{"rendered":"\u201cLlegeixe\u2019m un conte&#8221;, dimecres 2 des&#8217;15, Prog. n\u00fam 93"},"content":{"rendered":"<div class=\"_209g _2vxa\" data-block=\"true\" data-offset-key=\"eb9l1-0-0\"><span data-offset-key=\"eb9l1-0-0\"><span data-offset-key=\"eb9l1-0-0\"><span data-offset-key=\"eb9l1-0-0\"><span data-text=\"true\">JA PODEU TORNAR A ESCOLTAR EL PROGRAMA D&#8217;AHIR! \ud83d\ude42<\/span><\/span><\/span><\/span><\/div>\n<div class=\"_209g _2vxa\" data-block=\"true\" data-offset-key=\"eb9l1-0-0\">\r\n\t<div class=\"slideshow_container slideshow_container_style-light\" style=\" \" data-slideshow-id=\"469\" data-style-name=\"style-light\" data-style-version=\"2.3.1\" >\r\n\r\n\t\t\t\t\t<div class=\"slideshow_loading_icon\"><\/div>\r\n\t\t\r\n\t\t<div class=\"slideshow_content\" style=\"display: none;\">\r\n\r\n\t\t\t<div class=\"slideshow_view\">\r\n\t\t\t\t<div class=\"slideshow_slide slideshow_slide_image\">\r\n\t\t\t\t\t\t\t\t\t\t\t<img src=\"https:\/\/agora.xtec.cat\/ceip-santperesantpau\/wp-content\/uploads\/usu188\/2016\/02\/l\u00e0via-Tiy.jpg\" alt=\"l&#039;\u00e0via Tiy\" width=\"1127\" height=\"1198\" \/>\r\n\t\t\t\t\t\t\t\t\t\t<div class=\"slideshow_description_box slideshow_transparent\">\r\n\t\t\t\t\t\t<div class=\"slideshow_title\">l&#039;\u00e0via Tiy<\/div>\t\t\t\t\t\t\t\t\t\t\t<\/div>\r\n\t\t\t\t<\/div>\r\n\r\n\t\t\t\t\t\t<div style=\"clear: both;\"><\/div><\/div><div class=\"slideshow_view\">\r\n\t\t\t\t<div class=\"slideshow_slide slideshow_slide_image\">\r\n\t\t\t\t\t\t\t\t\t\t\t<img src=\"https:\/\/agora.xtec.cat\/ceip-santperesantpau\/wp-content\/uploads\/usu188\/2015\/12\/conte-de-lescola.jpg\" alt=\"conte de l&#039;escola\" width=\"1405\" height=\"1357\" \/>\r\n\t\t\t\t\t\t\t\t\t\t<div class=\"slideshow_description_box slideshow_transparent\">\r\n\t\t\t\t\t\t<div class=\"slideshow_title\">conte de l&#039;escola<\/div>\t\t\t\t\t\t\t\t\t\t\t<\/div>\r\n\t\t\t\t<\/div>\r\n\r\n\t\t\t\t\t\t<div style=\"clear: both;\"><\/div><\/div>\r\n\t\t<\/div>\r\n\r\n\t\t<div class=\"slideshow_controlPanel slideshow_transparent\" style=\"display: none;\"><ul><li class=\"slideshow_togglePlay\" data-play-text=\"Visualitza\" data-pause-text=\"Pausa\"><\/li><\/ul><\/div>\r\n\r\n\t\t<div class=\"slideshow_button slideshow_previous slideshow_transparent\" role=\"button\" data-previous-text=\"Anterior\" style=\"display: none;\"><\/div>\r\n\t\t<div class=\"slideshow_button slideshow_next slideshow_transparent\" role=\"button\" data-next-text=\"Seg\u00fcent\" style=\"display: none;\"><\/div>\r\n\r\n\t\t<div class=\"slideshow_pagination\" style=\"display: none;\" data-go-to-text=\"V\u00e9s a la diapositiva\"><div class=\"slideshow_pagination_center\"><\/div><\/div>\r\n\r\n\t\t<!-- WordPress Slideshow Version 2.3.1 -->\r\n\r\n\t\t\t<\/div>\r\n\r\n<\/div>\n<div class=\"_209g _2vxa\" data-block=\"true\" data-offset-key=\"eb9l1-0-0\"><\/div>\n<div class=\"_209g _2vxa\" data-block=\"true\" data-offset-key=\"eb9l1-0-0\"><a href=\"http:\/\/agora.xtec.cat\/ceip-santperesantpau\/general\/el-conte-de-les-mascotes-de-lescola\/\" target=\"_blank\">\u201cLlegeixe\u2019m un conte&#8221;, dimecres 2 des&#8217;15, Prog. n\u00fam 93<\/a><\/div>\n<div class=\"_209g _2vxa\" data-block=\"true\" data-offset-key=\"5ih7m-0-0\"><span data-offset-key=\"5ih7m-0-0\">\u00a0<\/span><\/div>\n<div class=\"_209g _2vxa\" data-block=\"true\" data-offset-key=\"4dk5p-0-0\"><span data-offset-key=\"4dk5p-0-0\"><span data-text=\"true\">CONTES: &#8220;La noia del sud&#8221;, &#8220;La nit dels capgrossos&#8221; i final del CONTE A BOCINS &#8220;L&#8217;arbre de les hist\u00f2ries&#8221;.<\/span><\/span><\/div>\n<div class=\"_209g _2vxa\" data-block=\"true\" data-offset-key=\"c51d5-0-0\"><span data-offset-key=\"c51d5-0-0\">\u00a0<\/span><\/div>\n<div class=\"_209g _2vxa\" data-block=\"true\" data-offset-key=\"7g022-0-0\"><span data-offset-key=\"7g022-0-0\"><span data-text=\"true\">Programa n\u00fam. 93 de \u201cLlegeixe\u2019m un conte&#8221; a R\u00e0dio Sant Pere i Sant Pau. <\/span><\/span><\/div>\n<div class=\"_209g _2vxa\" data-block=\"true\" data-offset-key=\"lg15-0-0\"><span data-offset-key=\"lg15-0-0\"><span data-text=\"true\">Ja en la seva quarta temporada, &#8220;Llegeixe&#8217;m un conte&#8221; \u00e9s un programa de Joana Margalef i el &#8220;Programa d&#8217;animaci\u00f3 lectora&#8221; de l\u2019Escola Sant Pere i Sant Pau, amb T\u00e0nia Llaurad\u00f3.<\/span><\/span><\/div>\n<div class=\"_209g _2vxa\" data-block=\"true\" data-offset-key=\"3do02-0-0\"><span data-offset-key=\"3do02-0-0\"><span data-text=\"true\">Pensat per a nens i nenes de totes les edats, aquest programa radiof\u00f2nic d&#8217;animaci\u00f3 lectora s&#8217;emet els dimecres a tres quarts de sis del vespre amb contes, m\u00fasica i participaci\u00f3.<\/span><\/span><\/div>\n<div class=\"_209g _2vxa\" data-block=\"true\" data-offset-key=\"dedag-0-0\"><span data-offset-key=\"dedag-0-0\">\u00a0<\/span><\/div>\n<div class=\"_209g _2vxa\" data-block=\"true\" data-offset-key=\"7oi53-0-0\"><span data-offset-key=\"7oi53-0-0\"><span data-text=\"true\">SINTONIES: &#8220;Light&#8221; de Hanz Zimmer <\/span><\/span><\/div>\n<div class=\"_209g _2vxa\" data-block=\"true\" data-offset-key=\"ceq4-0-0\"><span data-offset-key=\"ceq4-0-0\"><span data-text=\"true\">i &#8220;One day&#8221; d&#8217;Arash ft. Helena<\/span><\/span><\/div>\n<div class=\"_209g _2vxa\" data-block=\"true\" data-offset-key=\"feg0q-0-0\"><span data-offset-key=\"feg0q-0-0\">\u00a0<\/span><\/div>\n<div class=\"_209g _2vxa\" data-block=\"true\" data-offset-key=\"32edk-0-0\"><span data-offset-key=\"32edk-0-0\"><span data-text=\"true\">R\u00e0dio Sant Pere i Sant Pau, 101.0FM<\/span><\/span><\/div>\n<div class=\"_209g _2vxa\" data-block=\"true\" data-offset-key=\"796bm-0-0\"><span data-offset-key=\"796bm-0-0\"><span data-text=\"true\">Bloc Per\u00fa, baixos, 43007 Tarragona<\/span><\/span><\/div>\n<div class=\"_209g _2vxa\" data-block=\"true\" data-offset-key=\"f2msg-0-0\"><span data-offset-key=\"f2msg-0-0\"><span data-text=\"true\">www.radiospsp.com<\/span><\/span><\/div>\n<div class=\"_209g _2vxa\" data-block=\"true\" data-offset-key=\"bebap-0-0\"><span data-offset-key=\"bebap-0-0\"><span data-text=\"true\">TDT (opci\u00f3 r\u00e0dio)<\/span><\/span><\/div>\n<div class=\"_209g _2vxa\" data-block=\"true\" data-offset-key=\"4bf11-0-0\"><span data-offset-key=\"4bf11-0-0\"><span data-text=\"true\">Tel. 977 201 500<\/span><\/span><\/div>\n<div class=\"_209g _2vxa\" data-block=\"true\" data-offset-key=\"d5ooe-0-0\"><span data-offset-key=\"d5ooe-0-0\">\u00a0<\/span><\/div>\n<div class=\"_209g _2vxa\" data-block=\"true\" data-offset-key=\"3b8o-0-0\"><span data-offset-key=\"3b8o-0-0\"><span data-text=\"true\">Us desitgem molt bones festes i que tingueu una molt bona sortida i entrada d&#8217;any!!<\/span><\/span><\/div>\n<div class=\"_209g _2vxa\" data-block=\"true\" data-offset-key=\"6uuar-0-0\"><span data-offset-key=\"6uuar-0-0\"><span data-text=\"true\">TORNAREM&#8230;!!! \ud83d\ude00 &#8230; el 13 de gener de l&#8217;any que ve.<\/span><\/span><\/div>\n","protected":false},"excerpt":{"rendered":"<p>JA PODEU TORNAR A ESCOLTAR EL PROGRAMA D&#8217;AHIR! \ud83d\ude42 \u201cLlegeixe\u2019m un conte&#8221;, dimecres 2 des&#8217;15, Prog. n\u00fam 93 \u00a0 CONTES: &#8220;La noia del sud&#8221;, &#8220;La nit dels capgrossos&#8221; i final del CONTE A BOCINS &#8220;L&#8217;arbre de les hist\u00f2ries&#8221;. \u00a0 Programa n\u00fam. 93 de \u201cLlegeixe\u2019m un conte&#8221; a R\u00e0dio Sant Pere i Sant Pau. Ja en [&hellip;]<\/p>\n","protected":false},"author":1,"featured_media":466,"comment_status":"open","ping_status":"open","sticky":false,"template":"","format":"standard","meta":{"_bbp_topic_count":0,"_bbp_reply_count":0,"_bbp_total_topic_count":0,"_bbp_total_reply_count":0,"_bbp_voice_count":0,"_bbp_anonymous_reply_count":0,"_bbp_topic_count_hidden":0,"_bbp_reply_count_hidden":0,"_bbp_forum_subforum_count":0,"site-sidebar-layout":"default","site-content-layout":"","ast-site-content-layout":"","site-content-style":"default","site-sidebar-style":"default","ast-global-header-display":"","ast-banner-title-visibility":"","ast-main-header-display":"","ast-hfb-above-header-display":"","ast-hfb-below-header-display":"","ast-hfb-mobile-header-display":"","site-post-title":"","ast-breadcrumbs-content":"","ast-featured-img":"","footer-sml-layout":"","theme-transparent-header-meta":"","adv-header-id-meta":"","stick-header-meta":"","header-above-stick-meta":"","header-main-stick-meta":"","header-below-stick-meta":"","astra-migrate-meta-layouts":"default","ast-page-background-enabled":"default","ast-page-background-meta":{"desktop":{"background-color":"var(--ast-global-color-4)","background-image":"","background-repeat":"repeat","background-position":"center center","background-size":"auto","background-attachment":"scroll","background-type":"","background-media":"","overlay-type":"","overlay-color":"","overlay-opacity":"","overlay-gradient":""},"tablet":{"background-color":"","background-image":"","background-repeat":"repeat","background-position":"center center","background-size":"auto","background-attachment":"scroll","background-type":"","background-media":"","overlay-type":"","overlay-color":"","overlay-opacity":"","overlay-gradient":""},"mobile":{"background-color":"","background-image":"","background-repeat":"repeat","background-position":"center center","background-size":"auto","background-attachment":"scroll","background-type":"","background-media":"","overlay-type":"","overlay-color":"","overlay-opacity":"","overlay-gradient":""}},"ast-content-background-meta":{"desktop":{"background-color":"var(--ast-global-color-5)","background-image":"","background-repeat":"repeat","background-position":"center center","background-size":"auto","background-attachment":"scroll","background-type":"","background-media":"","overlay-type":"","overlay-color":"","overlay-opacity":"","overlay-gradient":""},"tablet":{"background-color":"var(--ast-global-color-5)","background-image":"","background-repeat":"repeat","background-position":"center center","background-size":"auto","background-attachment":"scroll","background-type":"","background-media":"","overlay-type":"","overlay-color":"","overlay-opacity":"","overlay-gradient":""},"mobile":{"background-color":"var(--ast-global-color-5)","background-image":"","background-repeat":"repeat","background-position":"center center","background-size":"auto","background-attachment":"scroll","background-type":"","background-media":"","overlay-type":"","overlay-color":"","overlay-opacity":"","overlay-gradient":""}},"footnotes":""},"categories":[10,11,1,3,8,9,2,4,5],"tags":[],"class_list":["post-462","post","type-post","status-publish","format-standard","has-post-thumbnail","hentry","category-1r","category-2n","category-general","category-i3","category-i4","category-i5","category-infantil","category-portada","category-primaria"],"post_mailing_queue_ids":[],"_links":{"self":[{"href":"https:\/\/agora.xtec.cat\/ceip-santperesantpau\/wp-json\/wp\/v2\/posts\/462","targetHints":{"allow":["GET"]}}],"collection":[{"href":"https:\/\/agora.xtec.cat\/ceip-santperesantpau\/wp-json\/wp\/v2\/posts"}],"about":[{"href":"https:\/\/agora.xtec.cat\/ceip-santperesantpau\/wp-json\/wp\/v2\/types\/post"}],"author":[{"embeddable":true,"href":"https:\/\/agora.xtec.cat\/ceip-santperesantpau\/wp-json\/wp\/v2\/users\/1"}],"replies":[{"embeddable":true,"href":"https:\/\/agora.xtec.cat\/ceip-santperesantpau\/wp-json\/wp\/v2\/comments?post=462"}],"version-history":[{"count":3,"href":"https:\/\/agora.xtec.cat\/ceip-santperesantpau\/wp-json\/wp\/v2\/posts\/462\/revisions"}],"predecessor-version":[{"id":472,"href":"https:\/\/agora.xtec.cat\/ceip-santperesantpau\/wp-json\/wp\/v2\/posts\/462\/revisions\/472"}],"wp:featuredmedia":[{"embeddable":true,"href":"https:\/\/agora.xtec.cat\/ceip-santperesantpau\/wp-json\/wp\/v2\/media\/466"}],"wp:attachment":[{"href":"https:\/\/agora.xtec.cat\/ceip-santperesantpau\/wp-json\/wp\/v2\/media?parent=462"}],"wp:term":[{"taxonomy":"category","embeddable":true,"href":"https:\/\/agora.xtec.cat\/ceip-santperesantpau\/wp-json\/wp\/v2\/categories?post=462"},{"taxonomy":"post_tag","embeddable":true,"href":"https:\/\/agora.xtec.cat\/ceip-santperesantpau\/wp-json\/wp\/v2\/tags?post=462"}],"curies":[{"name":"wp","href":"https:\/\/api.w.org\/{rel}","templated":true}]}}