{"id":3291,"date":"2018-07-16T07:00:53","date_gmt":"2018-07-16T05:00:53","guid":{"rendered":"http:\/\/agora.xtec.cat\/ceip-santperesantpau\/?p=3291"},"modified":"2018-07-16T07:11:55","modified_gmt":"2018-07-16T05:11:55","slug":"llegeixem-un-conte-num-145-dimecres-20-juny18-t6","status":"publish","type":"post","link":"https:\/\/agora.xtec.cat\/ceip-santperesantpau\/general\/llegeixem-un-conte-num-145-dimecres-20-juny18-t6\/","title":{"rendered":"&#8220;Llegeixe&#8217;m un conte&#8221; n\u00fam 145, dimecres 20 juny&#8217;18 (T6)"},"content":{"rendered":"<p>Aqu\u00ed tenim per fi, el darrer &#8220;&#8221;LLEGEIXE&#8217;M UN CONTE&#8221; de la temporada perqu\u00e8 pugueu tornar a escoltar el final del &#8220;The Magic Finger&#8221; i de &#8220;Visca la Pepa!&#8221; <span class=\"_5mfr _47e3\"><img loading=\"lazy\" decoding=\"async\" class=\"img\" src=\"https:\/\/static.xx.fbcdn.net\/images\/emoji.php\/v9\/f57\/1\/16\/1f609.png\" alt=\"\" width=\"16\" height=\"16\" \/><\/span><\/p>\n<div class=\"ast-oembed-container \" style=\"height: 100%;\"><iframe loading=\"lazy\" title=\"&quot;Llegeixe&#039;m Un Conte&quot; N\u00fam 145, Dimecres 20 Juny&#039;18 (T6)\" width=\"100%\" height=\"120\" src=\"https:\/\/www.mixcloud.com\/widget\/iframe\/?feed=https%3A%2F%2Fwww.mixcloud.com%2Ft%25C3%25A0nia-llaurad%25C3%25B3%2Fllegeixem-un-conte-n%25C3%25BAm-145-dimecres-20-juny18-t6%2F&amp;hide_cover=1\" frameborder=\"0\"><\/iframe><\/div>\n<div class=\"show-description\">\n<div>\n<p><a href=\"http:\/\/agora.xtec.cat\/ceip-santperesantpau\/wp-content\/uploads\/usu188\/2018\/07\/20180620_180151retallat.jpg\"><img loading=\"lazy\" decoding=\"async\" class=\"alignnone size-large wp-image-3296\" src=\"http:\/\/agora.xtec.cat\/ceip-santperesantpau\/wp-content\/uploads\/usu188\/2018\/07\/20180620_180151retallat-1024x712.jpg\" alt=\"\" width=\"1024\" height=\"712\" srcset=\"https:\/\/agora.xtec.cat\/ceip-santperesantpau\/wp-content\/uploads\/usu188\/2018\/07\/20180620_180151retallat-1024x712.jpg 1024w, https:\/\/agora.xtec.cat\/ceip-santperesantpau\/wp-content\/uploads\/usu188\/2018\/07\/20180620_180151retallat-300x208.jpg 300w, https:\/\/agora.xtec.cat\/ceip-santperesantpau\/wp-content\/uploads\/usu188\/2018\/07\/20180620_180151retallat-768x534.jpg 768w\" sizes=\"auto, (max-width: 1024px) 100vw, 1024px\" \/><\/a>Programa n\u00fam. 145 de \u201cLlegeixe&#8217;m un conte&#8221; a R\u00e0dio Sant Pere i Sant Pau.<br \/>\nJa en la seva sisena temporada, &#8220;Llegeixe&#8217;m un conte&#8221;, creat el curs 2012-2013, \u00e9s un programa de Joana Margalef i el &#8220;Programa d&#8217;animaci\u00f3 lectora&#8221; de l\u2019Escola Sant Pere i Sant Pau, amb T\u00e0nia Llaurad\u00f3.<br \/>\nPensat per a nens i nenes de totes les edats, aquest programa radiof\u00f2nic s&#8217;emet els dimecres a dos quarts de sis del vespre amb contes, m\u00fasica i participaci\u00f3. Avui amb la Venus, la Judith, la J\u00e9ssica, el Za\u00efd, el Marian i la Cl\u00e0udia de 6\u00e8A que ens porten els &#8220;Tales in english&#8221; amb &#8220;The magic finger&#8221; (2a part).<br \/>\n<a href=\"http:\/\/agora.xtec.cat\/ceip-santperesantpau\/general\/llegeixem-un-conte-num-144-dimecres-6-juny18-t6-amb-tales-in-english\/\" target=\"_blank\" rel=\"nofollow noopener noreferrer\">http:\/\/agora.xtec.cat\/ceip-santperesantpau\/general\/llegeixem-un-conte-num-144-dimecres-6-juny18-t6-amb-tales-in-english\/<\/a><br \/>\n<a href=\"https:\/\/twitter.com\/@escolaspsp\/\" target=\"_blank\" rel=\"nofollow noopener noreferrer\">https:\/\/twitter.com\/@escolaspsp\/<\/a><br \/>\n<a href=\"http:\/\/www.facebook.com\/escola.spsp\/\" target=\"_blank\" rel=\"nofollow noopener noreferrer\">www.facebook.com\/escola.spsp\/<\/a><\/p>\n<p>R\u00e0dio Sant Pere i Sant Pau, 101.0FM<br \/>\nBloc Per\u00fa, baixos, 43007 Tarragona<br \/>\n<a href=\"http:\/\/www.radiospsp.com\" target=\"_blank\" rel=\"nofollow noopener noreferrer\">www.radiospsp.com<\/a><br \/>\nTDT (opci\u00f3 r\u00e0dio)<br \/>\nTel. 977 201 500<\/p>\n<\/div>\n<\/div>\n","protected":false},"excerpt":{"rendered":"<p>Aqu\u00ed tenim per fi, el darrer &#8220;&#8221;LLEGEIXE&#8217;M UN CONTE&#8221; de la temporada perqu\u00e8 pugueu tornar a escoltar el final del &#8220;The Magic Finger&#8221; i de &#8220;Visca la Pepa!&#8221; Programa n\u00fam. 145 de \u201cLlegeixe&#8217;m un conte&#8221; a R\u00e0dio Sant Pere i Sant Pau. Ja en la seva sisena temporada, &#8220;Llegeixe&#8217;m un conte&#8221;, creat el curs 2012-2013, [&hellip;]<\/p>\n","protected":false},"author":1,"featured_media":3292,"comment_status":"closed","ping_status":"closed","sticky":false,"template":"","format":"standard","meta":{"_bbp_topic_count":0,"_bbp_reply_count":0,"_bbp_total_topic_count":0,"_bbp_total_reply_count":0,"_bbp_voice_count":0,"_bbp_anonymous_reply_count":0,"_bbp_topic_count_hidden":0,"_bbp_reply_count_hidden":0,"_bbp_forum_subforum_count":0,"site-sidebar-layout":"default","site-content-layout":"","ast-site-content-layout":"","site-content-style":"default","site-sidebar-style":"default","ast-global-header-display":"","ast-banner-title-visibility":"","ast-main-header-display":"","ast-hfb-above-header-display":"","ast-hfb-below-header-display":"","ast-hfb-mobile-header-display":"","site-post-title":"","ast-breadcrumbs-content":"","ast-featured-img":"","footer-sml-layout":"","theme-transparent-header-meta":"","adv-header-id-meta":"","stick-header-meta":"","header-above-stick-meta":"","header-main-stick-meta":"","header-below-stick-meta":"","astra-migrate-meta-layouts":"default","ast-page-background-enabled":"default","ast-page-background-meta":{"desktop":{"background-color":"var(--ast-global-color-4)","background-image":"","background-repeat":"repeat","background-position":"center center","background-size":"auto","background-attachment":"scroll","background-type":"","background-media":"","overlay-type":"","overlay-color":"","overlay-opacity":"","overlay-gradient":""},"tablet":{"background-color":"","background-image":"","background-repeat":"repeat","background-position":"center center","background-size":"auto","background-attachment":"scroll","background-type":"","background-media":"","overlay-type":"","overlay-color":"","overlay-opacity":"","overlay-gradient":""},"mobile":{"background-color":"","background-image":"","background-repeat":"repeat","background-position":"center center","background-size":"auto","background-attachment":"scroll","background-type":"","background-media":"","overlay-type":"","overlay-color":"","overlay-opacity":"","overlay-gradient":""}},"ast-content-background-meta":{"desktop":{"background-color":"var(--ast-global-color-5)","background-image":"","background-repeat":"repeat","background-position":"center center","background-size":"auto","background-attachment":"scroll","background-type":"","background-media":"","overlay-type":"","overlay-color":"","overlay-opacity":"","overlay-gradient":""},"tablet":{"background-color":"var(--ast-global-color-5)","background-image":"","background-repeat":"repeat","background-position":"center center","background-size":"auto","background-attachment":"scroll","background-type":"","background-media":"","overlay-type":"","overlay-color":"","overlay-opacity":"","overlay-gradient":""},"mobile":{"background-color":"var(--ast-global-color-5)","background-image":"","background-repeat":"repeat","background-position":"center center","background-size":"auto","background-attachment":"scroll","background-type":"","background-media":"","overlay-type":"","overlay-color":"","overlay-opacity":"","overlay-gradient":""}},"footnotes":""},"categories":[15,59,62,1,4,5,60],"tags":[],"class_list":["post-3291","post","type-post","status-publish","format-standard","has-post-thumbnail","hentry","category-6e","category-animacio-lectora","category-extraescolars","category-general","category-portada","category-primaria","category-radio"],"post_mailing_queue_ids":[],"_links":{"self":[{"href":"https:\/\/agora.xtec.cat\/ceip-santperesantpau\/wp-json\/wp\/v2\/posts\/3291","targetHints":{"allow":["GET"]}}],"collection":[{"href":"https:\/\/agora.xtec.cat\/ceip-santperesantpau\/wp-json\/wp\/v2\/posts"}],"about":[{"href":"https:\/\/agora.xtec.cat\/ceip-santperesantpau\/wp-json\/wp\/v2\/types\/post"}],"author":[{"embeddable":true,"href":"https:\/\/agora.xtec.cat\/ceip-santperesantpau\/wp-json\/wp\/v2\/users\/1"}],"replies":[{"embeddable":true,"href":"https:\/\/agora.xtec.cat\/ceip-santperesantpau\/wp-json\/wp\/v2\/comments?post=3291"}],"version-history":[{"count":3,"href":"https:\/\/agora.xtec.cat\/ceip-santperesantpau\/wp-json\/wp\/v2\/posts\/3291\/revisions"}],"predecessor-version":[{"id":3295,"href":"https:\/\/agora.xtec.cat\/ceip-santperesantpau\/wp-json\/wp\/v2\/posts\/3291\/revisions\/3295"}],"wp:featuredmedia":[{"embeddable":true,"href":"https:\/\/agora.xtec.cat\/ceip-santperesantpau\/wp-json\/wp\/v2\/media\/3292"}],"wp:attachment":[{"href":"https:\/\/agora.xtec.cat\/ceip-santperesantpau\/wp-json\/wp\/v2\/media?parent=3291"}],"wp:term":[{"taxonomy":"category","embeddable":true,"href":"https:\/\/agora.xtec.cat\/ceip-santperesantpau\/wp-json\/wp\/v2\/categories?post=3291"},{"taxonomy":"post_tag","embeddable":true,"href":"https:\/\/agora.xtec.cat\/ceip-santperesantpau\/wp-json\/wp\/v2\/tags?post=3291"}],"curies":[{"name":"wp","href":"https:\/\/api.w.org\/{rel}","templated":true}]}}