{"id":2818,"date":"2018-03-06T10:03:46","date_gmt":"2018-03-06T09:03:46","guid":{"rendered":"http:\/\/agora.xtec.cat\/ceip-santperesantpau\/?p=2818"},"modified":"2018-03-07T16:19:46","modified_gmt":"2018-03-07T15:19:46","slug":"preinscripcio-curs-2018-2019","status":"publish","type":"post","link":"https:\/\/agora.xtec.cat\/ceip-santperesantpau\/general\/preinscripcio-curs-2018-2019\/","title":{"rendered":"PREINSCRIPCI\u00d3 CURS ESCOLAR 2018-2019"},"content":{"rendered":"<p>El <strong>termini<\/strong> de <strong>presentaci\u00f3 de sol\u00b7licituds<\/strong> previstos per al <strong>segon cicle d&#8217;educaci\u00f3 infantil, prim\u00e0ria<\/strong> i secund\u00e0ria obligat\u00f2ria ser\u00e0 <strong>del 13 al 24 d&#8217;abril.<br \/>\n<\/strong><a href=\"http:\/\/agora.xtec.cat\/ceip-santperesantpau\/wp-content\/uploads\/usu188\/2018\/03\/preinscripci\u00d3-2018-2019.jpg\"><img loading=\"lazy\" decoding=\"async\" class=\"alignnone size-full wp-image-2819\" src=\"http:\/\/agora.xtec.cat\/ceip-santperesantpau\/wp-content\/uploads\/usu188\/2018\/03\/preinscripci\u00d3-2018-2019.jpg\" alt=\"\" width=\"80\" height=\"80\" \/><br \/>\n<\/a>Recordeu que les JPO (<strong>Jornades de Portes Obertes<\/strong>) del nostre centre, se celebraran mitjan\u00e7ant <strong>visites guiades concertades<\/strong>, en horari lectiu, <strong>del 5 a l&#8217;11 d&#8217;abril<\/strong>, ambd\u00f3s inclosos, <strong>pr\u00e8via concertaci\u00f3<\/strong> via telef\u00f2nica al <strong>977 201 227, a partir del 3 d&#8217;abril de 2018<\/strong>\u00a0(atenci\u00f3 telef\u00f2nica, de 8:15h\u00a0 a 14h i de 15:15h a 18:30h).<br \/>\nAl llarg\u00a0de propers dies actualitzarem la informaci\u00f3 sobre el procediment.<\/p>\n<h5 id=\":ev\" class=\"hP\" tabindex=\"-1\" data-thread-perm-id=\"16200091420d1f58\">NIE \/ NIF documentaci\u00f3 OBLIGAT\u00d2RIA tramitaci\u00f3 beques menjador, curs 2018-2019: Per a tramitaci\u00f3 beques menjador, curs 2018-2019. CALDR\u00c0 PRESENTAR OBLIGAT\u00d2RIAMENT LA FOTOC\u00d2PIA DEL NIE \/ NIF DE L\u2019AUMNE\/A QUE DEMANI LA BECA.<\/h5>\n<div id=\":ez\" class=\"pG\" data-tooltip-contained=\"true\" data-tooltip-align=\"b,l\" data-tooltip-delay=\"1500\"><\/div>\n<p>&nbsp;<\/p>\n","protected":false},"excerpt":{"rendered":"<p>El termini de presentaci\u00f3 de sol\u00b7licituds previstos per al segon cicle d&#8217;educaci\u00f3 infantil, prim\u00e0ria i secund\u00e0ria obligat\u00f2ria ser\u00e0 del 13 al 24 d&#8217;abril. Recordeu que les JPO (Jornades de Portes Obertes) del nostre centre, se celebraran mitjan\u00e7ant visites guiades concertades, en horari lectiu, del 5 a l&#8217;11 d&#8217;abril, ambd\u00f3s inclosos, pr\u00e8via concertaci\u00f3 via telef\u00f2nica al [&hellip;]<\/p>\n","protected":false},"author":1,"featured_media":2819,"comment_status":"closed","ping_status":"closed","sticky":false,"template":"","format":"standard","meta":{"_bbp_topic_count":0,"_bbp_reply_count":0,"_bbp_total_topic_count":0,"_bbp_total_reply_count":0,"_bbp_voice_count":0,"_bbp_anonymous_reply_count":0,"_bbp_topic_count_hidden":0,"_bbp_reply_count_hidden":0,"_bbp_forum_subforum_count":0,"site-sidebar-layout":"default","site-content-layout":"","ast-site-content-layout":"","site-content-style":"default","site-sidebar-style":"default","ast-global-header-display":"","ast-banner-title-visibility":"","ast-main-header-display":"","ast-hfb-above-header-display":"","ast-hfb-below-header-display":"","ast-hfb-mobile-header-display":"","site-post-title":"","ast-breadcrumbs-content":"","ast-featured-img":"","footer-sml-layout":"","theme-transparent-header-meta":"","adv-header-id-meta":"","stick-header-meta":"","header-above-stick-meta":"","header-main-stick-meta":"","header-below-stick-meta":"","astra-migrate-meta-layouts":"default","ast-page-background-enabled":"default","ast-page-background-meta":{"desktop":{"background-color":"var(--ast-global-color-4)","background-image":"","background-repeat":"repeat","background-position":"center center","background-size":"auto","background-attachment":"scroll","background-type":"","background-media":"","overlay-type":"","overlay-color":"","overlay-opacity":"","overlay-gradient":""},"tablet":{"background-color":"","background-image":"","background-repeat":"repeat","background-position":"center center","background-size":"auto","background-attachment":"scroll","background-type":"","background-media":"","overlay-type":"","overlay-color":"","overlay-opacity":"","overlay-gradient":""},"mobile":{"background-color":"","background-image":"","background-repeat":"repeat","background-position":"center center","background-size":"auto","background-attachment":"scroll","background-type":"","background-media":"","overlay-type":"","overlay-color":"","overlay-opacity":"","overlay-gradient":""}},"ast-content-background-meta":{"desktop":{"background-color":"var(--ast-global-color-5)","background-image":"","background-repeat":"repeat","background-position":"center center","background-size":"auto","background-attachment":"scroll","background-type":"","background-media":"","overlay-type":"","overlay-color":"","overlay-opacity":"","overlay-gradient":""},"tablet":{"background-color":"var(--ast-global-color-5)","background-image":"","background-repeat":"repeat","background-position":"center center","background-size":"auto","background-attachment":"scroll","background-type":"","background-media":"","overlay-type":"","overlay-color":"","overlay-opacity":"","overlay-gradient":""},"mobile":{"background-color":"var(--ast-global-color-5)","background-image":"","background-repeat":"repeat","background-position":"center center","background-size":"auto","background-attachment":"scroll","background-type":"","background-media":"","overlay-type":"","overlay-color":"","overlay-opacity":"","overlay-gradient":""}},"footnotes":""},"categories":[1,2,4,5],"tags":[],"class_list":["post-2818","post","type-post","status-publish","format-standard","has-post-thumbnail","hentry","category-general","category-infantil","category-portada","category-primaria"],"post_mailing_queue_ids":[],"_links":{"self":[{"href":"https:\/\/agora.xtec.cat\/ceip-santperesantpau\/wp-json\/wp\/v2\/posts\/2818","targetHints":{"allow":["GET"]}}],"collection":[{"href":"https:\/\/agora.xtec.cat\/ceip-santperesantpau\/wp-json\/wp\/v2\/posts"}],"about":[{"href":"https:\/\/agora.xtec.cat\/ceip-santperesantpau\/wp-json\/wp\/v2\/types\/post"}],"author":[{"embeddable":true,"href":"https:\/\/agora.xtec.cat\/ceip-santperesantpau\/wp-json\/wp\/v2\/users\/1"}],"replies":[{"embeddable":true,"href":"https:\/\/agora.xtec.cat\/ceip-santperesantpau\/wp-json\/wp\/v2\/comments?post=2818"}],"version-history":[{"count":3,"href":"https:\/\/agora.xtec.cat\/ceip-santperesantpau\/wp-json\/wp\/v2\/posts\/2818\/revisions"}],"predecessor-version":[{"id":2825,"href":"https:\/\/agora.xtec.cat\/ceip-santperesantpau\/wp-json\/wp\/v2\/posts\/2818\/revisions\/2825"}],"wp:featuredmedia":[{"embeddable":true,"href":"https:\/\/agora.xtec.cat\/ceip-santperesantpau\/wp-json\/wp\/v2\/media\/2819"}],"wp:attachment":[{"href":"https:\/\/agora.xtec.cat\/ceip-santperesantpau\/wp-json\/wp\/v2\/media?parent=2818"}],"wp:term":[{"taxonomy":"category","embeddable":true,"href":"https:\/\/agora.xtec.cat\/ceip-santperesantpau\/wp-json\/wp\/v2\/categories?post=2818"},{"taxonomy":"post_tag","embeddable":true,"href":"https:\/\/agora.xtec.cat\/ceip-santperesantpau\/wp-json\/wp\/v2\/tags?post=2818"}],"curies":[{"name":"wp","href":"https:\/\/api.w.org\/{rel}","templated":true}]}}