{"id":2814,"date":"2018-03-03T12:16:34","date_gmt":"2018-03-03T11:16:34","guid":{"rendered":"http:\/\/agora.xtec.cat\/ceip-santperesantpau\/?p=2814"},"modified":"2018-03-03T12:16:34","modified_gmt":"2018-03-03T11:16:34","slug":"llegeixem-un-conte-num-138-dimecres-28-febr18-t6","status":"publish","type":"post","link":"https:\/\/agora.xtec.cat\/ceip-santperesantpau\/general\/llegeixem-un-conte-num-138-dimecres-28-febr18-t6\/","title":{"rendered":"&#8220;Llegeixe&#8217;m un conte&#8221; n\u00fam 138, dimecres 28 febr&#8217;18 (T6)"},"content":{"rendered":"<p>Ja podeu escoltar tantes vegades com volgueu el programa &#8220;LLEGEIXE&#8217;M UN CONTE&#8221; de dimecres passat, que va comptar amb la secci\u00f3 &#8220;TALES IN ENGLISH&#8221; gr\u00e0cies a la Malak, l&#8217;Angie, l&#8217;Andrei, l&#8217;Adam i la seva mestra d&#8217;angl\u00e8s, la Sra. Laura Su\u00e1rez.<br \/>\nGr\u00e0cies als cinc&#8230;!! <span class=\"_47e3 _5mfr\" title=\"Emoticona wink\"><img loading=\"lazy\" decoding=\"async\" class=\"img\" src=\"https:\/\/static.xx.fbcdn.net\/images\/emoji.php\/v9\/fb0\/1.5\/16\/1f609.png\" alt=\"\" width=\"16\" height=\"16\" \/><br \/>\nCONTES: &#8220;Legend Batok Volcano&#8221;, &#8220;La nouvinguda&#8221;, &#8220;Et trobo a faltar, \u00e0via Eul\u00e0lia&#8221;<br \/>\n<\/span><\/p>\n<div class=\"ast-oembed-container \" style=\"height: 100%;\"><iframe loading=\"lazy\" title=\"&quot;Llegeixe&#039;m Un Conte&quot; N\u00fam 138, Dimecres 28 Febr&#039;18 (T6)\" width=\"100%\" height=\"120\" src=\"https:\/\/www.mixcloud.com\/widget\/iframe\/?feed=https%3A%2F%2Fwww.mixcloud.com%2Ft%25C3%25A0nia-llaurad%25C3%25B3%2Fllegeixem-un-conte-n%25C3%25BAm-138-dimecres-28-febr18-t6%2F&amp;hide_cover=1\" frameborder=\"0\"><\/iframe><\/div>\n<p>Programa n\u00fam. 138 de \u201cLlegeixe&#8217;m un conte&#8221; a R\u00e0dio Sant Pere i Sant Pau, avui amb el &#8220;Tales in english&#8221; que ens porten la Malak M.<span class=\"text_exposed_show\">, l&#8217; Angie R., l&#8217;Andrei M. i Adam Z., gr\u00e0cies a la seva mestra especialista de llengua anglesa, la Sra. Laura Su\u00e1rezi .<br \/>\nJa en la seva sisena temporada, &#8220;Llegeixe&#8217;m un conte&#8221;, creat el curs 2012-2013, \u00e9s un programa de Joana Margalef i el &#8220;Programa d&#8217;animaci\u00f3 lectora&#8221; de l\u2019Escola Sant Pere i Sant Pau, amb T\u00e0nia Llaurad\u00f3.<br \/>\nPensat per a nens i nenes de totes les edats, aquest programa radiof\u00f2nic s&#8217;emet els dimecres a dos quarts de sis del vespre amb contes, m\u00fasica i participaci\u00f3.<br \/>\n<a href=\"https:\/\/l.facebook.com\/l.php?u=http%3A%2F%2Fagora.xtec.cat%2F&amp;h=ATOV7jurKu8X2oqnFrK5--y5vR2bRZwHaiGY5sMFjPMBpmXjwVcPKsc7ENWjaEUmJhdIl0p9xSNFyOI4A1Et_peJG9_3A62qVe-gBL-5rbuDN4SJvQjSsZ8F9lAdE8na1mVUXUtP\" target=\"_blank\" rel=\"nofollow noopener noreferrer\" data-ft=\"{&quot;tn&quot;:&quot;-U&quot;}\" data-lynx-mode=\"asynclazy\">http:\/\/agora.xtec.cat\/<\/a>\u2026\/llegeixem-un-conte-num134-dimecres\u2026\/<br \/>\n<a href=\"https:\/\/l.facebook.com\/l.php?u=https%3A%2F%2Ftwitter.com%2F%40escolaspsp%2F&amp;h=ATPxMSynUibeehSi0uDl7D1o6dNVCNTsyTFVMv8e69udMH2f_c_64SUudoIVs8C4EtqWD9H70hu-jsu5EFPvGvJooF3BgPcexzXBH4IGzCJRgEvjHKPavbrKrb_-jbT8KcyvqG1y\" target=\"_blank\" rel=\"nofollow noopener noreferrer\" data-ft=\"{&quot;tn&quot;:&quot;-U&quot;}\" data-lynx-mode=\"asynclazy\">https:\/\/twitter.com\/@escolaspsp\/<\/a><br \/>\n<a href=\"https:\/\/www.facebook.com\/escola.spsp\/\" data-ft=\"{&quot;tn&quot;:&quot;-U&quot;}\">www.facebook.com\/escola.spsp\/<\/a><\/span><\/p>\n<div class=\"text_exposed_show\">\n<p>R\u00e0dio Sant Pere i Sant Pau, 101.0FM<br \/>\nBloc Per\u00fa, baixos, 43007 Tarragona<br \/>\n<a href=\"https:\/\/l.facebook.com\/l.php?u=http%3A%2F%2Fwww.radiospsp.com%2F&amp;h=ATPV_IYhwfWIBAHEvsLcan6w8m3soYV_zsb7UQIpaik15GlzCrM7XNkWSJ0q9mvSsiyhrv7QeBT3FTeKOAfzs9ptNFIvE5pXbfFVRNf5Kh0G6uoEZ8wUAgtSriKmWVneAgk2Ay05\" target=\"_blank\" rel=\"nofollow noopener noreferrer\" data-ft=\"{&quot;tn&quot;:&quot;-U&quot;}\" data-lynx-mode=\"asynclazy\">www.radiospsp.com<\/a><br \/>\nTDT (opci\u00f3 r\u00e0dio)<br \/>\nTel. 977 201 500<\/p>\n<\/div>\n<p>&nbsp;<\/p>\n","protected":false},"excerpt":{"rendered":"<p>Ja podeu escoltar tantes vegades com volgueu el programa &#8220;LLEGEIXE&#8217;M UN CONTE&#8221; de dimecres passat, que va comptar amb la secci\u00f3 &#8220;TALES IN ENGLISH&#8221; gr\u00e0cies a la Malak, l&#8217;Angie, l&#8217;Andrei, l&#8217;Adam i la seva mestra d&#8217;angl\u00e8s, la Sra. Laura Su\u00e1rez. Gr\u00e0cies als cinc&#8230;!! CONTES: &#8220;Legend Batok Volcano&#8221;, &#8220;La nouvinguda&#8221;, &#8220;Et trobo a faltar, \u00e0via Eul\u00e0lia&#8221; [&hellip;]<\/p>\n","protected":false},"author":1,"featured_media":2815,"comment_status":"closed","ping_status":"closed","sticky":false,"template":"","format":"standard","meta":{"_bbp_topic_count":0,"_bbp_reply_count":0,"_bbp_total_topic_count":0,"_bbp_total_reply_count":0,"_bbp_voice_count":0,"_bbp_anonymous_reply_count":0,"_bbp_topic_count_hidden":0,"_bbp_reply_count_hidden":0,"_bbp_forum_subforum_count":0,"site-sidebar-layout":"default","site-content-layout":"","ast-site-content-layout":"","site-content-style":"default","site-sidebar-style":"default","ast-global-header-display":"","ast-banner-title-visibility":"","ast-main-header-display":"","ast-hfb-above-header-display":"","ast-hfb-below-header-display":"","ast-hfb-mobile-header-display":"","site-post-title":"","ast-breadcrumbs-content":"","ast-featured-img":"","footer-sml-layout":"","theme-transparent-header-meta":"","adv-header-id-meta":"","stick-header-meta":"","header-above-stick-meta":"","header-main-stick-meta":"","header-below-stick-meta":"","astra-migrate-meta-layouts":"default","ast-page-background-enabled":"default","ast-page-background-meta":{"desktop":{"background-color":"var(--ast-global-color-4)","background-image":"","background-repeat":"repeat","background-position":"center center","background-size":"auto","background-attachment":"scroll","background-type":"","background-media":"","overlay-type":"","overlay-color":"","overlay-opacity":"","overlay-gradient":""},"tablet":{"background-color":"","background-image":"","background-repeat":"repeat","background-position":"center center","background-size":"auto","background-attachment":"scroll","background-type":"","background-media":"","overlay-type":"","overlay-color":"","overlay-opacity":"","overlay-gradient":""},"mobile":{"background-color":"","background-image":"","background-repeat":"repeat","background-position":"center center","background-size":"auto","background-attachment":"scroll","background-type":"","background-media":"","overlay-type":"","overlay-color":"","overlay-opacity":"","overlay-gradient":""}},"ast-content-background-meta":{"desktop":{"background-color":"var(--ast-global-color-5)","background-image":"","background-repeat":"repeat","background-position":"center center","background-size":"auto","background-attachment":"scroll","background-type":"","background-media":"","overlay-type":"","overlay-color":"","overlay-opacity":"","overlay-gradient":""},"tablet":{"background-color":"var(--ast-global-color-5)","background-image":"","background-repeat":"repeat","background-position":"center center","background-size":"auto","background-attachment":"scroll","background-type":"","background-media":"","overlay-type":"","overlay-color":"","overlay-opacity":"","overlay-gradient":""},"mobile":{"background-color":"var(--ast-global-color-5)","background-image":"","background-repeat":"repeat","background-position":"center center","background-size":"auto","background-attachment":"scroll","background-type":"","background-media":"","overlay-type":"","overlay-color":"","overlay-opacity":"","overlay-gradient":""}},"footnotes":""},"categories":[59,62,1,2,83,4,5,60],"tags":[],"class_list":["post-2814","post","type-post","status-publish","format-standard","has-post-thumbnail","hentry","category-animacio-lectora","category-extraescolars","category-general","category-infantil","category-musica","category-portada","category-primaria","category-radio"],"post_mailing_queue_ids":[],"_links":{"self":[{"href":"https:\/\/agora.xtec.cat\/ceip-santperesantpau\/wp-json\/wp\/v2\/posts\/2814","targetHints":{"allow":["GET"]}}],"collection":[{"href":"https:\/\/agora.xtec.cat\/ceip-santperesantpau\/wp-json\/wp\/v2\/posts"}],"about":[{"href":"https:\/\/agora.xtec.cat\/ceip-santperesantpau\/wp-json\/wp\/v2\/types\/post"}],"author":[{"embeddable":true,"href":"https:\/\/agora.xtec.cat\/ceip-santperesantpau\/wp-json\/wp\/v2\/users\/1"}],"replies":[{"embeddable":true,"href":"https:\/\/agora.xtec.cat\/ceip-santperesantpau\/wp-json\/wp\/v2\/comments?post=2814"}],"version-history":[{"count":2,"href":"https:\/\/agora.xtec.cat\/ceip-santperesantpau\/wp-json\/wp\/v2\/posts\/2814\/revisions"}],"predecessor-version":[{"id":2817,"href":"https:\/\/agora.xtec.cat\/ceip-santperesantpau\/wp-json\/wp\/v2\/posts\/2814\/revisions\/2817"}],"wp:featuredmedia":[{"embeddable":true,"href":"https:\/\/agora.xtec.cat\/ceip-santperesantpau\/wp-json\/wp\/v2\/media\/2815"}],"wp:attachment":[{"href":"https:\/\/agora.xtec.cat\/ceip-santperesantpau\/wp-json\/wp\/v2\/media?parent=2814"}],"wp:term":[{"taxonomy":"category","embeddable":true,"href":"https:\/\/agora.xtec.cat\/ceip-santperesantpau\/wp-json\/wp\/v2\/categories?post=2814"},{"taxonomy":"post_tag","embeddable":true,"href":"https:\/\/agora.xtec.cat\/ceip-santperesantpau\/wp-json\/wp\/v2\/tags?post=2814"}],"curies":[{"name":"wp","href":"https:\/\/api.w.org\/{rel}","templated":true}]}}