{"id":2686,"date":"2018-02-04T10:46:41","date_gmt":"2018-02-04T09:46:41","guid":{"rendered":"http:\/\/agora.xtec.cat\/ceip-santperesantpau\/?p=2686"},"modified":"2018-02-04T10:46:41","modified_gmt":"2018-02-04T09:46:41","slug":"el-malalt-imaginari-de-moliere","status":"publish","type":"post","link":"https:\/\/agora.xtec.cat\/ceip-santperesantpau\/general\/el-malalt-imaginari-de-moliere\/","title":{"rendered":"&#8220;EL MALALT IMAGINARI&#8221; de MOLI\u00c8RE"},"content":{"rendered":"<h6><a href=\"http:\/\/agora.xtec.cat\/ceip-santperesantpau\/wp-content\/uploads\/usu188\/2018\/02\/IMG-20180130-WA0009.jpg\"><span style=\"color: #000000;\">Dijous passat, l&#8217;alumnat de 4t, 5\u00e8 i 6\u00e8 d&#8217;educaci\u00f3 prim\u00e0ria van encetar el mes de febrer tot gaudint d&#8217;una adaptaci\u00f3 de l&#8217;obra &#8220;El malalt imaginari&#8221; de Moli\u00e8re, interpretada per la Companyia de Teatre de l&#8217;Art, de l&#8217;Institut Sant Pere i Sant Pau, de secund\u00e0ria, al Centre C\u00edvic del propi barri. <\/span><br \/>\n<span style=\"color: #000000;\"> Quina il\u00b7lusi\u00f3 veure-hi actuar alguns excompanys i excompanyes&#8230;! <span class=\"_47e3 _5mfr\" title=\"Emoticona grin\"><img loading=\"lazy\" decoding=\"async\" class=\"img\" src=\"https:\/\/static.xx.fbcdn.net\/images\/emoji.php\/v9\/faa\/1.5\/16\/1f603.png\" alt=\"\" width=\"16\" height=\"16\" \/><\/span> Bravo, nois i noies! <span class=\"_47e3 _5mfr\" title=\"Emoticona wink\"><img loading=\"lazy\" decoding=\"async\" class=\"img\" src=\"https:\/\/static.xx.fbcdn.net\/images\/emoji.php\/v9\/fb0\/1.5\/16\/1f609.png\" alt=\"\" width=\"16\" height=\"16\" \/><\/span><\/span><img loading=\"lazy\" decoding=\"async\" class=\"alignnone size-large wp-image-2687\" src=\"http:\/\/agora.xtec.cat\/ceip-santperesantpau\/wp-content\/uploads\/usu188\/2018\/02\/IMG-20180130-WA0009-733x1024.jpg\" alt=\"\" width=\"733\" height=\"1024\" srcset=\"https:\/\/agora.xtec.cat\/ceip-santperesantpau\/wp-content\/uploads\/usu188\/2018\/02\/IMG-20180130-WA0009-733x1024.jpg 733w, https:\/\/agora.xtec.cat\/ceip-santperesantpau\/wp-content\/uploads\/usu188\/2018\/02\/IMG-20180130-WA0009-215x300.jpg 215w, https:\/\/agora.xtec.cat\/ceip-santperesantpau\/wp-content\/uploads\/usu188\/2018\/02\/IMG-20180130-WA0009-768x1073.jpg 768w, https:\/\/agora.xtec.cat\/ceip-santperesantpau\/wp-content\/uploads\/usu188\/2018\/02\/IMG-20180130-WA0009.jpg 900w\" sizes=\"auto, (max-width: 733px) 100vw, 733px\" \/><\/a><\/h6>\n","protected":false},"excerpt":{"rendered":"<p>Dijous passat, l&#8217;alumnat de 4t, 5\u00e8 i 6\u00e8 d&#8217;educaci\u00f3 prim\u00e0ria van encetar el mes de febrer tot gaudint d&#8217;una adaptaci\u00f3 de l&#8217;obra &#8220;El malalt imaginari&#8221; de Moli\u00e8re, interpretada per la Companyia de Teatre de l&#8217;Art, de l&#8217;Institut Sant Pere i Sant Pau, de secund\u00e0ria, al Centre C\u00edvic del propi barri. Quina il\u00b7lusi\u00f3 veure-hi actuar alguns [&hellip;]<\/p>\n","protected":false},"author":1,"featured_media":2687,"comment_status":"closed","ping_status":"closed","sticky":false,"template":"","format":"standard","meta":{"_bbp_topic_count":0,"_bbp_reply_count":0,"_bbp_total_topic_count":0,"_bbp_total_reply_count":0,"_bbp_voice_count":0,"_bbp_anonymous_reply_count":0,"_bbp_topic_count_hidden":0,"_bbp_reply_count_hidden":0,"_bbp_forum_subforum_count":0,"site-sidebar-layout":"default","site-content-layout":"","ast-site-content-layout":"","site-content-style":"default","site-sidebar-style":"default","ast-global-header-display":"","ast-banner-title-visibility":"","ast-main-header-display":"","ast-hfb-above-header-display":"","ast-hfb-below-header-display":"","ast-hfb-mobile-header-display":"","site-post-title":"","ast-breadcrumbs-content":"","ast-featured-img":"","footer-sml-layout":"","theme-transparent-header-meta":"","adv-header-id-meta":"","stick-header-meta":"","header-above-stick-meta":"","header-main-stick-meta":"","header-below-stick-meta":"","astra-migrate-meta-layouts":"default","ast-page-background-enabled":"default","ast-page-background-meta":{"desktop":{"background-color":"var(--ast-global-color-4)","background-image":"","background-repeat":"repeat","background-position":"center center","background-size":"auto","background-attachment":"scroll","background-type":"","background-media":"","overlay-type":"","overlay-color":"","overlay-opacity":"","overlay-gradient":""},"tablet":{"background-color":"","background-image":"","background-repeat":"repeat","background-position":"center center","background-size":"auto","background-attachment":"scroll","background-type":"","background-media":"","overlay-type":"","overlay-color":"","overlay-opacity":"","overlay-gradient":""},"mobile":{"background-color":"","background-image":"","background-repeat":"repeat","background-position":"center center","background-size":"auto","background-attachment":"scroll","background-type":"","background-media":"","overlay-type":"","overlay-color":"","overlay-opacity":"","overlay-gradient":""}},"ast-content-background-meta":{"desktop":{"background-color":"var(--ast-global-color-5)","background-image":"","background-repeat":"repeat","background-position":"center center","background-size":"auto","background-attachment":"scroll","background-type":"","background-media":"","overlay-type":"","overlay-color":"","overlay-opacity":"","overlay-gradient":""},"tablet":{"background-color":"var(--ast-global-color-5)","background-image":"","background-repeat":"repeat","background-position":"center center","background-size":"auto","background-attachment":"scroll","background-type":"","background-media":"","overlay-type":"","overlay-color":"","overlay-opacity":"","overlay-gradient":""},"mobile":{"background-color":"var(--ast-global-color-5)","background-image":"","background-repeat":"repeat","background-position":"center center","background-size":"auto","background-attachment":"scroll","background-type":"","background-media":"","overlay-type":"","overlay-color":"","overlay-opacity":"","overlay-gradient":""}},"footnotes":""},"categories":[13,14,15,59,1,4,5,61],"tags":[],"class_list":["post-2686","post","type-post","status-publish","format-standard","has-post-thumbnail","hentry","category-4t","category-5e","category-6e","category-animacio-lectora","category-general","category-portada","category-primaria","category-xep-de-spsp"],"post_mailing_queue_ids":[],"_links":{"self":[{"href":"https:\/\/agora.xtec.cat\/ceip-santperesantpau\/wp-json\/wp\/v2\/posts\/2686","targetHints":{"allow":["GET"]}}],"collection":[{"href":"https:\/\/agora.xtec.cat\/ceip-santperesantpau\/wp-json\/wp\/v2\/posts"}],"about":[{"href":"https:\/\/agora.xtec.cat\/ceip-santperesantpau\/wp-json\/wp\/v2\/types\/post"}],"author":[{"embeddable":true,"href":"https:\/\/agora.xtec.cat\/ceip-santperesantpau\/wp-json\/wp\/v2\/users\/1"}],"replies":[{"embeddable":true,"href":"https:\/\/agora.xtec.cat\/ceip-santperesantpau\/wp-json\/wp\/v2\/comments?post=2686"}],"version-history":[{"count":2,"href":"https:\/\/agora.xtec.cat\/ceip-santperesantpau\/wp-json\/wp\/v2\/posts\/2686\/revisions"}],"predecessor-version":[{"id":2689,"href":"https:\/\/agora.xtec.cat\/ceip-santperesantpau\/wp-json\/wp\/v2\/posts\/2686\/revisions\/2689"}],"wp:featuredmedia":[{"embeddable":true,"href":"https:\/\/agora.xtec.cat\/ceip-santperesantpau\/wp-json\/wp\/v2\/media\/2687"}],"wp:attachment":[{"href":"https:\/\/agora.xtec.cat\/ceip-santperesantpau\/wp-json\/wp\/v2\/media?parent=2686"}],"wp:term":[{"taxonomy":"category","embeddable":true,"href":"https:\/\/agora.xtec.cat\/ceip-santperesantpau\/wp-json\/wp\/v2\/categories?post=2686"},{"taxonomy":"post_tag","embeddable":true,"href":"https:\/\/agora.xtec.cat\/ceip-santperesantpau\/wp-json\/wp\/v2\/tags?post=2686"}],"curies":[{"name":"wp","href":"https:\/\/api.w.org\/{rel}","templated":true}]}}