{"id":2675,"date":"2018-02-01T01:00:40","date_gmt":"2018-02-01T00:00:40","guid":{"rendered":"http:\/\/agora.xtec.cat\/ceip-santperesantpau\/?p=2675"},"modified":"2018-02-01T01:24:28","modified_gmt":"2018-02-01T00:24:28","slug":"llegeixem-un-conte-num-135-dimecres-24-gen18-t6","status":"publish","type":"post","link":"https:\/\/agora.xtec.cat\/ceip-santperesantpau\/general\/llegeixem-un-conte-num-135-dimecres-24-gen18-t6\/","title":{"rendered":"&#8220;Llegeixe&#8217;m un conte&#8221; n\u00fam 135, dimecres 24 gen&#8217;18 (T6)"},"content":{"rendered":"<p>Ha costat per\u00f2&#8230;, aqu\u00ed teniu el programa 135 del &#8220;LLEGEIXE&#8217;M UN CONTE&#8221; de la setmana passada, a R\u00e0dio Sant Pere i Sant Pau! <span class=\"_47e3 _5mfr\" title=\"Emoticona wink\"><img loading=\"lazy\" decoding=\"async\" class=\"img\" src=\"https:\/\/static.xx.fbcdn.net\/images\/emoji.php\/v9\/fb0\/1.5\/16\/1f609.png\" alt=\"\" width=\"16\" height=\"16\" \/><\/span><\/p>\n<p>CONTES: &#8220;El ruc del Pessebre es jubila&#8221; i &#8220;En una ciutat anomenada Roquetes&#8221;.<br \/>\nCONTES A BOCINS: &#8220;El codi del drac&#8221; (8a part, &#8220;Serenata amb algnes inc\u00f2gnites&#8221;)<\/p>\n<div class=\"ast-oembed-container \" style=\"height: 100%;\"><iframe loading=\"lazy\" title=\"&quot;Llegeixe&#039;m Un Conte&quot; N\u00fam.135, Dimecres 24 Gen&#039;18 (T6)\" width=\"100%\" height=\"120\" src=\"https:\/\/www.mixcloud.com\/widget\/iframe\/?feed=https%3A%2F%2Fwww.mixcloud.com%2Ft%25C3%25A0nia-llaurad%25C3%25B3%2Fllegeixem-un-conte-135_24-gen18_t6%2F&amp;hide_cover=1\" frameborder=\"0\"><\/iframe><\/div>\n<div class=\"text_exposed_show\">\n<p>Programa n\u00fam. 135 de \u201cLlegeixe&#8217;m un conte&#8221; a R\u00e0dio Sant Pere i Sant Pau.<br \/>\nJa en la seva sisena temporada, &#8220;Llegeixe&#8217;m un conte&#8221;, creat el curs 2012-2013, \u00e9s un programa de Joana Margalef i el &#8220;Programa d&#8217;animaci\u00f3 lectora&#8221; de l\u2019Escola Sant Pere i Sant Pau, amb T\u00e0nia Llaurad\u00f3.<br \/>\nPensat per a nens i nenes de totes les edats, aquest programa radiof\u00f2nic s&#8217;emet els dimecres a dos quarts de sis del vespre amb contes, m\u00fasica, contes a bocins i participaci\u00f3.<\/p>\n<p><a href=\"http:\/\/agora.xtec.cat\/ceip-santperesantpau\/general\/llegeixem-un-conte-num134-dimecres-17gen18-t6\/\" target=\"_blank\" rel=\"nofollow noopener noreferrer\" data-ft=\"{&quot;tn&quot;:&quot;-U&quot;}\" data-lynx-mode=\"async\" data-lynx-uri=\"https:\/\/l.facebook.com\/l.php?u=http%3A%2F%2Fagora.xtec.cat%2Fceip-santperesantpau%2Fgeneral%2Fllegeixem-un-conte-num134-dimecres-17gen18-t6%2F&amp;h=ATOqHveNvrdMDjAWtlAq7hxISnl3a555PgH6cbSdVooRNXJk7CHbQ8JExeWnxrpvgAOlOJA_65Mj7tNoR895xf_h8X035RzCFhM1JzVzS8cBs05AvvjiWhHEK9E-uPwyHQBH6oh2ODiUGEUT8_Xni8cM0QurgOaeCblCat7qwUu5f86N35GGbf7oekQJ15yqoXxtiZ82ah2z2sopfEe2bIihE8iffJ3wEgKPYvlROIva9YfO0S40PmUD-KEYG3kh_uyyjNMNWho4-OS7vKX6tlD46hy0pAL9Ei4DcfAGYZ2uWQ\">http:\/\/agora.xtec.cat\/\u2026\/llegeixem-un-conte-num134-dimecres\u2026\/<\/a><br \/>\n<a href=\"https:\/\/twitter.com\/@escolaspsp\/\" target=\"_blank\" rel=\"nofollow noopener noreferrer\" data-ft=\"{&quot;tn&quot;:&quot;-U&quot;}\" data-lynx-mode=\"async\" data-lynx-uri=\"https:\/\/l.facebook.com\/l.php?u=https%3A%2F%2Ftwitter.com%2F%40escolaspsp%2F&amp;h=ATNikS613a8uTwE6Niu4KyG2J8lzTOWA0yY7nZKMkiFBbAPjYzuJrq1oChK3De1OsN9_6qS205ka6FpInW0kTzjlnmDkqCOU_cR69cciRWNPCGarWPXIK1Au_u38ZBDiwWATxRRe3bUwc13ef9y9hobq_U8Yi6HRN88BshdAYlEVui8k5txktTeqIPwR1WB3TD69yKdxkprVXQ9ZwxSOr0DTosPiVYRlNcAg6fWI8Bbt97EAc75wt9IwaW7lXrg8oflECsm9qRB7sGtxsLzs2z8gsaFtY6vzuZ4hmWVIQ8DM5w\">https:\/\/twitter.com\/@escolaspsp\/<\/a><br \/>\n<a href=\"https:\/\/www.facebook.com\/escola.spsp\/\" data-ft=\"{&quot;tn&quot;:&quot;-U&quot;}\">www.facebook.com\/escola.spsp\/<\/a><\/p>\n<p>R\u00e0dio Sant Pere i Sant Pau, 101.0FM<br \/>\nBloc Per\u00fa, baixos, 43007 Tarragona<br \/>\n<a href=\"http:\/\/www.radiospsp.com\/\" target=\"_blank\" rel=\"nofollow noopener noreferrer\" data-ft=\"{&quot;tn&quot;:&quot;-U&quot;}\" data-lynx-mode=\"async\" data-lynx-uri=\"https:\/\/l.facebook.com\/l.php?u=http%3A%2F%2Fwww.radiospsp.com%2F&amp;h=ATPtzHb7PCuNNyXUPvp41euJSRjDEBmWvvfDT6SfRbcFyMMQ-5QC4SBHjxzulO97xjmtRFqiRsiTJQ5v4MTPKvxbTLmzCoMblKojw0ZWdXdpfd-HsN4cETn95tfLD8ZdO37KnsS7pqEQcpIVLGUT4vg39-80xkWztwCGQ4p7qcpx4ccOUWxH1svONV86ZBA3AhRIfgbZh5oflQKioQwMv9_YOR8MEpavcFvWJKEqhxzvKeOjZApUCDj9CVI7kJbwlSJqbFDSIPIG_DWCgAJNyA_bmbWF0wJtw4M7v9d1kiY1xg\">www.radiospsp.com<\/a><br \/>\nTDT (opci\u00f3 r\u00e0dio)<br \/>\nTel. 977 201 500<\/p>\n<\/div>\n","protected":false},"excerpt":{"rendered":"<p>Ha costat per\u00f2&#8230;, aqu\u00ed teniu el programa 135 del &#8220;LLEGEIXE&#8217;M UN CONTE&#8221; de la setmana passada, a R\u00e0dio Sant Pere i Sant Pau! CONTES: &#8220;El ruc del Pessebre es jubila&#8221; i &#8220;En una ciutat anomenada Roquetes&#8221;. CONTES A BOCINS: &#8220;El codi del drac&#8221; (8a part, &#8220;Serenata amb algnes inc\u00f2gnites&#8221;) Programa n\u00fam. 135 de \u201cLlegeixe&#8217;m un [&hellip;]<\/p>\n","protected":false},"author":1,"featured_media":2676,"comment_status":"closed","ping_status":"closed","sticky":false,"template":"","format":"standard","meta":{"_bbp_topic_count":0,"_bbp_reply_count":0,"_bbp_total_topic_count":0,"_bbp_total_reply_count":0,"_bbp_voice_count":0,"_bbp_anonymous_reply_count":0,"_bbp_topic_count_hidden":0,"_bbp_reply_count_hidden":0,"_bbp_forum_subforum_count":0,"site-sidebar-layout":"default","site-content-layout":"","ast-site-content-layout":"","site-content-style":"default","site-sidebar-style":"default","ast-global-header-display":"","ast-banner-title-visibility":"","ast-main-header-display":"","ast-hfb-above-header-display":"","ast-hfb-below-header-display":"","ast-hfb-mobile-header-display":"","site-post-title":"","ast-breadcrumbs-content":"","ast-featured-img":"","footer-sml-layout":"","theme-transparent-header-meta":"","adv-header-id-meta":"","stick-header-meta":"","header-above-stick-meta":"","header-main-stick-meta":"","header-below-stick-meta":"","astra-migrate-meta-layouts":"default","ast-page-background-enabled":"default","ast-page-background-meta":{"desktop":{"background-color":"var(--ast-global-color-4)","background-image":"","background-repeat":"repeat","background-position":"center center","background-size":"auto","background-attachment":"scroll","background-type":"","background-media":"","overlay-type":"","overlay-color":"","overlay-opacity":"","overlay-gradient":""},"tablet":{"background-color":"","background-image":"","background-repeat":"repeat","background-position":"center center","background-size":"auto","background-attachment":"scroll","background-type":"","background-media":"","overlay-type":"","overlay-color":"","overlay-opacity":"","overlay-gradient":""},"mobile":{"background-color":"","background-image":"","background-repeat":"repeat","background-position":"center center","background-size":"auto","background-attachment":"scroll","background-type":"","background-media":"","overlay-type":"","overlay-color":"","overlay-opacity":"","overlay-gradient":""}},"ast-content-background-meta":{"desktop":{"background-color":"var(--ast-global-color-5)","background-image":"","background-repeat":"repeat","background-position":"center center","background-size":"auto","background-attachment":"scroll","background-type":"","background-media":"","overlay-type":"","overlay-color":"","overlay-opacity":"","overlay-gradient":""},"tablet":{"background-color":"var(--ast-global-color-5)","background-image":"","background-repeat":"repeat","background-position":"center center","background-size":"auto","background-attachment":"scroll","background-type":"","background-media":"","overlay-type":"","overlay-color":"","overlay-opacity":"","overlay-gradient":""},"mobile":{"background-color":"var(--ast-global-color-5)","background-image":"","background-repeat":"repeat","background-position":"center center","background-size":"auto","background-attachment":"scroll","background-type":"","background-media":"","overlay-type":"","overlay-color":"","overlay-opacity":"","overlay-gradient":""}},"footnotes":""},"categories":[7,59,62,1,2,83,4,5,60],"tags":[],"class_list":["post-2675","post","type-post","status-publish","format-standard","has-post-thumbnail","hentry","category-ampa","category-animacio-lectora","category-extraescolars","category-general","category-infantil","category-musica","category-portada","category-primaria","category-radio"],"post_mailing_queue_ids":[],"_links":{"self":[{"href":"https:\/\/agora.xtec.cat\/ceip-santperesantpau\/wp-json\/wp\/v2\/posts\/2675","targetHints":{"allow":["GET"]}}],"collection":[{"href":"https:\/\/agora.xtec.cat\/ceip-santperesantpau\/wp-json\/wp\/v2\/posts"}],"about":[{"href":"https:\/\/agora.xtec.cat\/ceip-santperesantpau\/wp-json\/wp\/v2\/types\/post"}],"author":[{"embeddable":true,"href":"https:\/\/agora.xtec.cat\/ceip-santperesantpau\/wp-json\/wp\/v2\/users\/1"}],"replies":[{"embeddable":true,"href":"https:\/\/agora.xtec.cat\/ceip-santperesantpau\/wp-json\/wp\/v2\/comments?post=2675"}],"version-history":[{"count":3,"href":"https:\/\/agora.xtec.cat\/ceip-santperesantpau\/wp-json\/wp\/v2\/posts\/2675\/revisions"}],"predecessor-version":[{"id":2680,"href":"https:\/\/agora.xtec.cat\/ceip-santperesantpau\/wp-json\/wp\/v2\/posts\/2675\/revisions\/2680"}],"wp:featuredmedia":[{"embeddable":true,"href":"https:\/\/agora.xtec.cat\/ceip-santperesantpau\/wp-json\/wp\/v2\/media\/2676"}],"wp:attachment":[{"href":"https:\/\/agora.xtec.cat\/ceip-santperesantpau\/wp-json\/wp\/v2\/media?parent=2675"}],"wp:term":[{"taxonomy":"category","embeddable":true,"href":"https:\/\/agora.xtec.cat\/ceip-santperesantpau\/wp-json\/wp\/v2\/categories?post=2675"},{"taxonomy":"post_tag","embeddable":true,"href":"https:\/\/agora.xtec.cat\/ceip-santperesantpau\/wp-json\/wp\/v2\/tags?post=2675"}],"curies":[{"name":"wp","href":"https:\/\/api.w.org\/{rel}","templated":true}]}}