{"id":2251,"date":"2017-10-22T12:12:32","date_gmt":"2017-10-22T10:12:32","guid":{"rendered":"http:\/\/agora.xtec.cat\/ceip-santperesantpau\/?p=2251"},"modified":"2017-10-22T13:20:44","modified_gmt":"2017-10-22T11:20:44","slug":"llegeixem-un-conte-num-129-dimecres-18-oct17","status":"publish","type":"post","link":"https:\/\/agora.xtec.cat\/ceip-santperesantpau\/general\/llegeixem-un-conte-num-129-dimecres-18-oct17\/","title":{"rendered":"Llegeixe&#8217;m un conte, n\u00fam 129, dimecres 18 oct&#8217;17"},"content":{"rendered":"<p>Tot i la turmenta de dimecres que ens va interrompre el programa, ho hem aconseguit! Aqu\u00ed teniu el primer programa de la sisena temporada!<br \/>\nSi us el vau perdre, aqu\u00ed teniu el &#8220;Llegeixe&#8217;m un conte&#8221; de dimecres passat a R\u00e0dio Sant Pere i Sant Pau, la 101.0 de la FM. <span class=\"_47e3 _5mfr\" title=\"Emoticona wink\"><img loading=\"lazy\" decoding=\"async\" class=\"img\" src=\"https:\/\/www.facebook.com\/images\/emoji.php\/v9\/fb0\/1.5\/16\/1f609.png\" alt=\"\" width=\"16\" height=\"16\" \/><\/span><\/p>\n<p>CONTES: &#8220;Dos nens del Poble&#8221; i &#8220;Rocu i el mar dels invisibles&#8221;<br \/>\nCONTES A BOCINS: &#8220;El codi del drac&#8221; (1a part &#8220;Tot va comen\u00e7ar un vespre&#8221;)<\/p>\n<div class=\"ast-oembed-container \" style=\"height: 100%;\"><iframe loading=\"lazy\" title=\"Llegeixe&#039;m Un Conte 129_18oct&#039;17_T6\" width=\"100%\" height=\"120\" src=\"https:\/\/www.mixcloud.com\/widget\/iframe\/?feed=https%3A%2F%2Fwww.mixcloud.com%2Ft%25C3%25A0nia-llaurad%25C3%25B3%2Fllegeixem-una-conte-129_18oct17_t6%2F&amp;hide_cover=1\" frameborder=\"0\"><\/iframe><\/div>\n<p>Programa n\u00fam. 129 de \u201cLlegeixe&#8217;m un conte&#8221; a R\u00e0dio Sant Pere i Sant Pau.<br \/>\nJa en la seva sisena temporada, &#8220;Llegeixe&#8217;m un conte&#8221;, creat el curs 2012-2013, \u00e9s un programa de Joana Margalef i el &#8220;Programa d&#8217;animaci\u00f3 lectora&#8221; de l\u2019Escola Sant Pere i Sant Pau, amb T\u00e0nia Llaurad\u00f3.<br \/>\nPensat per a nens i nenes de totes les edats, aquest programa radiof\u00f2nic s&#8217;emet els dimecres a dos quarts de sis del vespre amb contes, m\u00fasica i participaci\u00f3.<br \/>\nR\u00e0dio Sant Pere i Sant Pau, 101.0FM<br \/>\nBloc Per\u00fa, baixos, 43007 Tarragona<br \/>\n<a href=\"http:\/\/www.radiospsp.com\" target=\"_blank\" rel=\"nofollow noopener noreferrer\">www.radiospsp.com<\/a><br \/>\nTDT (opci\u00f3 r\u00e0dio)<br \/>\nTel. 977 201 500<\/p>\n","protected":false},"excerpt":{"rendered":"<p>Tot i la turmenta de dimecres que ens va interrompre el programa, ho hem aconseguit! Aqu\u00ed teniu el primer programa de la sisena temporada! Si us el vau perdre, aqu\u00ed teniu el &#8220;Llegeixe&#8217;m un conte&#8221; de dimecres passat a R\u00e0dio Sant Pere i Sant Pau, la 101.0 de la FM. CONTES: &#8220;Dos nens del Poble&#8221; [&hellip;]<\/p>\n","protected":false},"author":1,"featured_media":2252,"comment_status":"open","ping_status":"closed","sticky":false,"template":"","format":"standard","meta":{"_bbp_topic_count":0,"_bbp_reply_count":0,"_bbp_total_topic_count":0,"_bbp_total_reply_count":0,"_bbp_voice_count":0,"_bbp_anonymous_reply_count":0,"_bbp_topic_count_hidden":0,"_bbp_reply_count_hidden":0,"_bbp_forum_subforum_count":0,"site-sidebar-layout":"default","site-content-layout":"","ast-site-content-layout":"","site-content-style":"default","site-sidebar-style":"default","ast-global-header-display":"","ast-banner-title-visibility":"","ast-main-header-display":"","ast-hfb-above-header-display":"","ast-hfb-below-header-display":"","ast-hfb-mobile-header-display":"","site-post-title":"","ast-breadcrumbs-content":"","ast-featured-img":"","footer-sml-layout":"","theme-transparent-header-meta":"","adv-header-id-meta":"","stick-header-meta":"","header-above-stick-meta":"","header-main-stick-meta":"","header-below-stick-meta":"","astra-migrate-meta-layouts":"default","ast-page-background-enabled":"default","ast-page-background-meta":{"desktop":{"background-color":"var(--ast-global-color-4)","background-image":"","background-repeat":"repeat","background-position":"center center","background-size":"auto","background-attachment":"scroll","background-type":"","background-media":"","overlay-type":"","overlay-color":"","overlay-opacity":"","overlay-gradient":""},"tablet":{"background-color":"","background-image":"","background-repeat":"repeat","background-position":"center center","background-size":"auto","background-attachment":"scroll","background-type":"","background-media":"","overlay-type":"","overlay-color":"","overlay-opacity":"","overlay-gradient":""},"mobile":{"background-color":"","background-image":"","background-repeat":"repeat","background-position":"center center","background-size":"auto","background-attachment":"scroll","background-type":"","background-media":"","overlay-type":"","overlay-color":"","overlay-opacity":"","overlay-gradient":""}},"ast-content-background-meta":{"desktop":{"background-color":"var(--ast-global-color-5)","background-image":"","background-repeat":"repeat","background-position":"center center","background-size":"auto","background-attachment":"scroll","background-type":"","background-media":"","overlay-type":"","overlay-color":"","overlay-opacity":"","overlay-gradient":""},"tablet":{"background-color":"var(--ast-global-color-5)","background-image":"","background-repeat":"repeat","background-position":"center center","background-size":"auto","background-attachment":"scroll","background-type":"","background-media":"","overlay-type":"","overlay-color":"","overlay-opacity":"","overlay-gradient":""},"mobile":{"background-color":"var(--ast-global-color-5)","background-image":"","background-repeat":"repeat","background-position":"center center","background-size":"auto","background-attachment":"scroll","background-type":"","background-media":"","overlay-type":"","overlay-color":"","overlay-opacity":"","overlay-gradient":""}},"footnotes":""},"categories":[59,62,1,2,83,4,5,60,61],"tags":[],"class_list":["post-2251","post","type-post","status-publish","format-standard","has-post-thumbnail","hentry","category-animacio-lectora","category-extraescolars","category-general","category-infantil","category-musica","category-portada","category-primaria","category-radio","category-xep-de-spsp"],"post_mailing_queue_ids":[],"_links":{"self":[{"href":"https:\/\/agora.xtec.cat\/ceip-santperesantpau\/wp-json\/wp\/v2\/posts\/2251","targetHints":{"allow":["GET"]}}],"collection":[{"href":"https:\/\/agora.xtec.cat\/ceip-santperesantpau\/wp-json\/wp\/v2\/posts"}],"about":[{"href":"https:\/\/agora.xtec.cat\/ceip-santperesantpau\/wp-json\/wp\/v2\/types\/post"}],"author":[{"embeddable":true,"href":"https:\/\/agora.xtec.cat\/ceip-santperesantpau\/wp-json\/wp\/v2\/users\/1"}],"replies":[{"embeddable":true,"href":"https:\/\/agora.xtec.cat\/ceip-santperesantpau\/wp-json\/wp\/v2\/comments?post=2251"}],"version-history":[{"count":3,"href":"https:\/\/agora.xtec.cat\/ceip-santperesantpau\/wp-json\/wp\/v2\/posts\/2251\/revisions"}],"predecessor-version":[{"id":2259,"href":"https:\/\/agora.xtec.cat\/ceip-santperesantpau\/wp-json\/wp\/v2\/posts\/2251\/revisions\/2259"}],"wp:featuredmedia":[{"embeddable":true,"href":"https:\/\/agora.xtec.cat\/ceip-santperesantpau\/wp-json\/wp\/v2\/media\/2252"}],"wp:attachment":[{"href":"https:\/\/agora.xtec.cat\/ceip-santperesantpau\/wp-json\/wp\/v2\/media?parent=2251"}],"wp:term":[{"taxonomy":"category","embeddable":true,"href":"https:\/\/agora.xtec.cat\/ceip-santperesantpau\/wp-json\/wp\/v2\/categories?post=2251"},{"taxonomy":"post_tag","embeddable":true,"href":"https:\/\/agora.xtec.cat\/ceip-santperesantpau\/wp-json\/wp\/v2\/tags?post=2251"}],"curies":[{"name":"wp","href":"https:\/\/api.w.org\/{rel}","templated":true}]}}