{"id":2225,"date":"2017-10-17T15:58:56","date_gmt":"2017-10-17T13:58:56","guid":{"rendered":"http:\/\/agora.xtec.cat\/ceip-santperesantpau\/?p=2225"},"modified":"2017-10-17T16:14:54","modified_gmt":"2017-10-17T14:14:54","slug":"hey-families-que-ja-arriba","status":"publish","type":"post","link":"https:\/\/agora.xtec.cat\/ceip-santperesantpau\/general\/hey-families-que-ja-arriba\/","title":{"rendered":"HEY FAM\u00cdLIES! QUE JA ARRIBA&#8230;"},"content":{"rendered":"<div class=\"gmail_default\">Benvolgudes fam\u00edlies,<\/div>\n<div class=\"gmail_default\"><\/div>\n<div class=\"gmail_default\"><\/div>\n<div class=\"gmail_default\"><\/div>\n<div class=\"gmail_default\"><\/div>\n<div class=\"gmail_default\">S&#8217;acosta la celebraci\u00f3 de la castanyada i, com cada any, l&#8217;<b>AMPA cerca voluntaris i volunt\u00e0ries<\/b>\u00a0(pares, mares, avis, \u00e0vies, tiets, tietes, cosins i cosines majors d&#8217;edat&#8230;)\u00a0<b>per tallar-les<\/b>\u00a0(la tarda del 30 d&#8217;octubre a les 15:15h\u00a0<b>i\/o coure-les<\/b>\u00a0(el mat\u00ed del 31, a partir de les 8h).<\/div>\n<div class=\"gmail_default\"><\/div>\n<div class=\"gmail_default\"><\/div>\n<div class=\"gmail_default\"><\/div>\n<div class=\"gmail_default\"><\/div>\n<div class=\"gmail_default\"><\/div>\n<div class=\"gmail_default\">Us animem a participar: nom\u00e9s cal que seguiu les intruccions\u00a0d&#8217;aquest cartell tan divertit\u00a0\ud83d\ude09<\/div>\n<p><a href=\"http:\/\/agora.xtec.cat\/ceip-santperesantpau\/wp-content\/uploads\/usu188\/2017\/10\/IMG-20171011-WA0002.jpg\"><img loading=\"lazy\" decoding=\"async\" class=\"alignnone size-large wp-image-2226\" src=\"http:\/\/agora.xtec.cat\/ceip-santperesantpau\/wp-content\/uploads\/usu188\/2017\/10\/IMG-20171011-WA0002-724x1024.jpg\" alt=\"\" width=\"724\" height=\"1024\" srcset=\"https:\/\/agora.xtec.cat\/ceip-santperesantpau\/wp-content\/uploads\/usu188\/2017\/10\/IMG-20171011-WA0002.jpg 724w, https:\/\/agora.xtec.cat\/ceip-santperesantpau\/wp-content\/uploads\/usu188\/2017\/10\/IMG-20171011-WA0002-212x300.jpg 212w\" sizes=\"auto, (max-width: 724px) 100vw, 724px\" \/><\/a><\/p>\n<div class=\"gmail_default\"><\/div>\n","protected":false},"excerpt":{"rendered":"<p>Benvolgudes fam\u00edlies, S&#8217;acosta la celebraci\u00f3 de la castanyada i, com cada any, l&#8217;AMPA cerca voluntaris i volunt\u00e0ries\u00a0(pares, mares, avis, \u00e0vies, tiets, tietes, cosins i cosines majors d&#8217;edat&#8230;)\u00a0per tallar-les\u00a0(la tarda del 30 d&#8217;octubre a les 15:15h\u00a0i\/o coure-les\u00a0(el mat\u00ed del 31, a partir de les 8h). Us animem a participar: nom\u00e9s cal que seguiu les intruccions\u00a0d&#8217;aquest cartell [&hellip;]<\/p>\n","protected":false},"author":1,"featured_media":2226,"comment_status":"open","ping_status":"closed","sticky":false,"template":"","format":"standard","meta":{"_bbp_topic_count":0,"_bbp_reply_count":0,"_bbp_total_topic_count":0,"_bbp_total_reply_count":0,"_bbp_voice_count":0,"_bbp_anonymous_reply_count":0,"_bbp_topic_count_hidden":0,"_bbp_reply_count_hidden":0,"_bbp_forum_subforum_count":0,"site-sidebar-layout":"default","site-content-layout":"","ast-site-content-layout":"","site-content-style":"default","site-sidebar-style":"default","ast-global-header-display":"","ast-banner-title-visibility":"","ast-main-header-display":"","ast-hfb-above-header-display":"","ast-hfb-below-header-display":"","ast-hfb-mobile-header-display":"","site-post-title":"","ast-breadcrumbs-content":"","ast-featured-img":"","footer-sml-layout":"","theme-transparent-header-meta":"","adv-header-id-meta":"","stick-header-meta":"","header-above-stick-meta":"","header-main-stick-meta":"","header-below-stick-meta":"","astra-migrate-meta-layouts":"default","ast-page-background-enabled":"default","ast-page-background-meta":{"desktop":{"background-color":"var(--ast-global-color-4)","background-image":"","background-repeat":"repeat","background-position":"center center","background-size":"auto","background-attachment":"scroll","background-type":"","background-media":"","overlay-type":"","overlay-color":"","overlay-opacity":"","overlay-gradient":""},"tablet":{"background-color":"","background-image":"","background-repeat":"repeat","background-position":"center center","background-size":"auto","background-attachment":"scroll","background-type":"","background-media":"","overlay-type":"","overlay-color":"","overlay-opacity":"","overlay-gradient":""},"mobile":{"background-color":"","background-image":"","background-repeat":"repeat","background-position":"center center","background-size":"auto","background-attachment":"scroll","background-type":"","background-media":"","overlay-type":"","overlay-color":"","overlay-opacity":"","overlay-gradient":""}},"ast-content-background-meta":{"desktop":{"background-color":"var(--ast-global-color-5)","background-image":"","background-repeat":"repeat","background-position":"center center","background-size":"auto","background-attachment":"scroll","background-type":"","background-media":"","overlay-type":"","overlay-color":"","overlay-opacity":"","overlay-gradient":""},"tablet":{"background-color":"var(--ast-global-color-5)","background-image":"","background-repeat":"repeat","background-position":"center center","background-size":"auto","background-attachment":"scroll","background-type":"","background-media":"","overlay-type":"","overlay-color":"","overlay-opacity":"","overlay-gradient":""},"mobile":{"background-color":"var(--ast-global-color-5)","background-image":"","background-repeat":"repeat","background-position":"center center","background-size":"auto","background-attachment":"scroll","background-type":"","background-media":"","overlay-type":"","overlay-color":"","overlay-opacity":"","overlay-gradient":""}},"footnotes":""},"categories":[7,1,2,4,5],"tags":[],"class_list":["post-2225","post","type-post","status-publish","format-standard","has-post-thumbnail","hentry","category-ampa","category-general","category-infantil","category-portada","category-primaria"],"post_mailing_queue_ids":[],"_links":{"self":[{"href":"https:\/\/agora.xtec.cat\/ceip-santperesantpau\/wp-json\/wp\/v2\/posts\/2225","targetHints":{"allow":["GET"]}}],"collection":[{"href":"https:\/\/agora.xtec.cat\/ceip-santperesantpau\/wp-json\/wp\/v2\/posts"}],"about":[{"href":"https:\/\/agora.xtec.cat\/ceip-santperesantpau\/wp-json\/wp\/v2\/types\/post"}],"author":[{"embeddable":true,"href":"https:\/\/agora.xtec.cat\/ceip-santperesantpau\/wp-json\/wp\/v2\/users\/1"}],"replies":[{"embeddable":true,"href":"https:\/\/agora.xtec.cat\/ceip-santperesantpau\/wp-json\/wp\/v2\/comments?post=2225"}],"version-history":[{"count":3,"href":"https:\/\/agora.xtec.cat\/ceip-santperesantpau\/wp-json\/wp\/v2\/posts\/2225\/revisions"}],"predecessor-version":[{"id":2229,"href":"https:\/\/agora.xtec.cat\/ceip-santperesantpau\/wp-json\/wp\/v2\/posts\/2225\/revisions\/2229"}],"wp:featuredmedia":[{"embeddable":true,"href":"https:\/\/agora.xtec.cat\/ceip-santperesantpau\/wp-json\/wp\/v2\/media\/2226"}],"wp:attachment":[{"href":"https:\/\/agora.xtec.cat\/ceip-santperesantpau\/wp-json\/wp\/v2\/media?parent=2225"}],"wp:term":[{"taxonomy":"category","embeddable":true,"href":"https:\/\/agora.xtec.cat\/ceip-santperesantpau\/wp-json\/wp\/v2\/categories?post=2225"},{"taxonomy":"post_tag","embeddable":true,"href":"https:\/\/agora.xtec.cat\/ceip-santperesantpau\/wp-json\/wp\/v2\/tags?post=2225"}],"curies":[{"name":"wp","href":"https:\/\/api.w.org\/{rel}","templated":true}]}}