{"id":2215,"date":"2017-10-16T18:30:59","date_gmt":"2017-10-16T16:30:59","guid":{"rendered":"http:\/\/agora.xtec.cat\/ceip-santperesantpau\/?p=2215"},"modified":"2017-10-16T18:30:59","modified_gmt":"2017-10-16T16:30:59","slug":"simulacres-demergencia-curs-2017-18","status":"publish","type":"post","link":"https:\/\/agora.xtec.cat\/ceip-santperesantpau\/general\/simulacres-demergencia-curs-2017-18\/","title":{"rendered":"SIMULACRES D&#8217;EMERG\u00c8NCIA CURS 2017-18"},"content":{"rendered":"<p>Benvolgudes fam\u00edlies,<\/p>\n<p>Serveixi el present per a informar-vos del <em><strong>primer simulacre de confinament<\/strong><\/em> que realitzarem a l&#8217;escola, tot aprofitant la <em><strong>prova de sirenes de ciutat <\/strong><\/em>del proper <strong>dimecres 25 d&#8217;octubre<\/strong>.<\/p>\n<p>Com ja sabeu els membres m\u00e9s veterans de la nostra comunitat educativa, a la nostra escola realitzem dos simulacres de confinament i dos simulacres d&#8217;evacuaci\u00f3 al llarg del curs. Els <strong>simulacres d&#8217;emerg\u00e8ncia prescriptius<\/strong> del primer trimestre, s\u00f3n <strong>informats<\/strong>. \u00c9s a dir, que tant l&#8217;alumnat com el professorat i les fam\u00edlies estan assabentats de quin dia es preveu que es dugui a terme. Aix\u00ed doncs, aprofitem per avan\u00e7ar-vos que el <strong><em>primer simulacre d&#8217;evacuaci\u00f3<\/em><\/strong> est\u00e0 previst per al dia 15 de novembre.<\/p>\n<p>La resta de simulacres del curs (habitualment un <em>segon simulacre de confinament<\/em> i un<em> segon simulacre d&#8217;evacuaci\u00f3<\/em>) no s&#8217;informa quan es realitzaran per tal de comprovar l&#8217;efectivitat de l&#8217;actuaci\u00f3 en cas real. Aix\u00ed doncs, malgrat es contemplin en la previsi\u00f3 d&#8217;activitats complement\u00e0ries, no hi ha data concreta i es fan per sorpresa.<\/p>\n<p>Us deixem al peu del present correu, la comunicaci\u00f3 de Protecci\u00f3 Civil al respecte de la <em>prova de sirenes de ciutat<\/em> del proper 25 d&#8217;octubre.<\/p>\n<p>Molt cordialment,<\/p>\n<p>La direcci\u00f3<\/p>\n<p>&#8212;&#8212;&#8212;- Missatge reenviat &#8212;&#8212;&#8212;-<br \/>\nDe: <strong>protecciocivil<\/strong><br \/>\nData: 16 d\u2019octubre de 2017 a les 13:43<br \/>\nAssumpte: Prova de sirenes 25 d&#8217;octubre<br \/>\nPer a:<\/p>\n<p>Benvolgut, Benvolguda,<\/p>\n<p>Com sabeu, la Direcci\u00f3 General de Protecci\u00f3 Civil realitza cada any dues proves de sirenes d\u2019av\u00eds a la poblaci\u00f3 per risc qu\u00edmic. Aquestes sirenes estan instal\u00b7lades als municipis on, en cas que es produ\u00eds un accident qu\u00edmic en un establiment industrial, la poblaci\u00f3 podria ser afectada.<\/p>\n<p>La segona <strong> prova de sirenes<\/strong> d\u2019enguany es realitzar\u00e0 el <strong>diMECRES 25 d\u00b4Octubre.<\/strong> L\u2019objectiu \u00e9s familiaritzar la poblaci\u00f3 amb els sons d\u2019av\u00eds, \u00e9s per aix\u00f2 que us demanem que feu difusi\u00f3 de la data de la prova de sirenes entre tots els treballadors del centre, l\u2019alumnat i l\u2019associaci\u00f3 de pares i mares d\u2019alumnes.<\/p>\n<p>En situaci\u00f3 d\u2019emerg\u00e8ncia \u00e9s molt important poder actuar amb rapidesa, especialment en els centres educatius, per aix\u00f2 <strong>us convidem a participar activament realitzant un simulacre de confinament durant la prova de sirenes en el vostre centre educatiu<\/strong>.<\/p>\n<p>D\u2019acord amb el Servei de Prevenci\u00f3 de Riscos Laborals del Departament d\u2019Ensenyament us enviem adjunt la seg\u00fcent documentaci\u00f3 sobre el risc qu\u00edmic i la prova de sirenes:<\/p>\n<p>&#8211;\u00a0\u00a0\u00a0\u00a0\u00a0\u00a0\u00a0 P\u00f2ster informatiu de la prova de sirenes<\/p>\n<p>Aprofitem per recordar-vos que podeu aprofitar el <strong>v\u00eddeo<\/strong> que explica els consells d\u2019autoprotecci\u00f3 en cas de risc qu\u00edmic que us pot servir per ensenyar-lo a classe. El trobeu conjuntament amb material informatiu espec\u00edfic per als centres educatius a la nostra p\u00e0gina de consells: <a href=\"http:\/\/interior.gencat.cat\/riscquimic\" data-saferedirecturl=\"https:\/\/www.google.com\/url?hl=ca&amp;q=http:\/\/interior.gencat.cat\/riscquimic&amp;source=gmail&amp;ust=1508254487752000&amp;usg=AFQjCNH4BxmUd36NCKCZgAONJIZ1LRiqaQ\">http:\/\/interior.gencat.cat\/riscquimic<\/a><\/p>\n<p><strong>Us recordem tamb\u00e9 que es tracta d\u2019un simulacre, no d\u2019una situaci\u00f3 real, per aix\u00f2 cal tenir en compte el seg\u00fcent:<\/strong><\/p>\n<ul>\n<li>En funci\u00f3 de l\u2019\u00e0rea on es trobi el vostre centre, podria ser que no sent\u00edssiu les sirenes, per\u00f2 \u00e9s convenient que conegueu aquesta actuaci\u00f3 que es fa en el terme municipal on esteu ubicats.<\/li>\n<\/ul>\n<p><u>En una situaci\u00f3 d\u2019emerg\u00e8ncia real<\/u>: en cas d\u2019un perill que us pugui afectar, ser\u00edeu avisats pels responsables de protecci\u00f3 civil del vostre municipi o per qualsevol altra autoritat que participi en l\u2019emerg\u00e8ncia.<\/p>\n<ul>\n<li>Les sirenes estan fetes per ser sentides des de l\u2019exterior, ja que \u00e9s la gent que es troba a l\u2019exterior la que est\u00e0 en perill. Com que es tracta d\u2019un simulacre nom\u00e9s sonaran una vegada a cada municipi (d\u2019inici i de final d\u2019alerta).<\/li>\n<\/ul>\n<p><u>En una situaci\u00f3 d\u2019emerg\u00e8ncia real<\/u>: en funci\u00f3 de la durada de l\u2019emerg\u00e8ncia, les sirenes es farien sonar varies vegades per a alertar a aquelles persones que no les haguessin sentit i avisar-los per tal que es confinin.<\/p>\n<p>Igualment, durant el simulacre, podeu fer el seguiment de cada activaci\u00f3 de les sirenes a trav\u00e9s del twitter de la Direcci\u00f3 General de Protecci\u00f3 Civil: @emergenciescat<\/p>\n<p>Aprofitem aquest correu per agrair-vos la vostra col\u00b7laboraci\u00f3 i la important feina de difusi\u00f3 i informaci\u00f3 sobre el risc qu\u00edmic i les proves de sirenes que feu al vostre centre.<\/p>\n<p>&nbsp;<\/p>\n<p>Cordialment,<\/p>\n<p>Subdirecci\u00f3 General de Programes en Protecci\u00f3 Civil<br \/>\nDirecci\u00f3 General de Protecci\u00f3 Civil<br \/>\nDepartament d\u2019Interior<\/p>\n<p><a href=\"http:\/\/agora.xtec.cat\/ceip-santperesantpau\/wp-content\/uploads\/usu188\/2017\/10\/AAFF_Cartell_sirenes_25_10_2017_CAT_baixa.jpg\"><img loading=\"lazy\" decoding=\"async\" class=\"alignnone size-large wp-image-2216\" src=\"http:\/\/agora.xtec.cat\/ceip-santperesantpau\/wp-content\/uploads\/usu188\/2017\/10\/AAFF_Cartell_sirenes_25_10_2017_CAT_baixa-740x1024.jpg\" alt=\"\" width=\"740\" height=\"1024\" srcset=\"https:\/\/agora.xtec.cat\/ceip-santperesantpau\/wp-content\/uploads\/usu188\/2017\/10\/AAFF_Cartell_sirenes_25_10_2017_CAT_baixa-740x1024.jpg 740w, https:\/\/agora.xtec.cat\/ceip-santperesantpau\/wp-content\/uploads\/usu188\/2017\/10\/AAFF_Cartell_sirenes_25_10_2017_CAT_baixa-217x300.jpg 217w, https:\/\/agora.xtec.cat\/ceip-santperesantpau\/wp-content\/uploads\/usu188\/2017\/10\/AAFF_Cartell_sirenes_25_10_2017_CAT_baixa-768x1063.jpg 768w\" sizes=\"auto, (max-width: 740px) 100vw, 740px\" \/><\/a><\/p>\n","protected":false},"excerpt":{"rendered":"<p>Benvolgudes fam\u00edlies, Serveixi el present per a informar-vos del primer simulacre de confinament que realitzarem a l&#8217;escola, tot aprofitant la prova de sirenes de ciutat del proper dimecres 25 d&#8217;octubre. Com ja sabeu els membres m\u00e9s veterans de la nostra comunitat educativa, a la nostra escola realitzem dos simulacres de confinament i dos simulacres d&#8217;evacuaci\u00f3 [&hellip;]<\/p>\n","protected":false},"author":1,"featured_media":2216,"comment_status":"open","ping_status":"closed","sticky":false,"template":"","format":"standard","meta":{"_bbp_topic_count":0,"_bbp_reply_count":0,"_bbp_total_topic_count":0,"_bbp_total_reply_count":0,"_bbp_voice_count":0,"_bbp_anonymous_reply_count":0,"_bbp_topic_count_hidden":0,"_bbp_reply_count_hidden":0,"_bbp_forum_subforum_count":0,"site-sidebar-layout":"default","site-content-layout":"","ast-site-content-layout":"","site-content-style":"default","site-sidebar-style":"default","ast-global-header-display":"","ast-banner-title-visibility":"","ast-main-header-display":"","ast-hfb-above-header-display":"","ast-hfb-below-header-display":"","ast-hfb-mobile-header-display":"","site-post-title":"","ast-breadcrumbs-content":"","ast-featured-img":"","footer-sml-layout":"","theme-transparent-header-meta":"","adv-header-id-meta":"","stick-header-meta":"","header-above-stick-meta":"","header-main-stick-meta":"","header-below-stick-meta":"","astra-migrate-meta-layouts":"default","ast-page-background-enabled":"default","ast-page-background-meta":{"desktop":{"background-color":"var(--ast-global-color-4)","background-image":"","background-repeat":"repeat","background-position":"center center","background-size":"auto","background-attachment":"scroll","background-type":"","background-media":"","overlay-type":"","overlay-color":"","overlay-opacity":"","overlay-gradient":""},"tablet":{"background-color":"","background-image":"","background-repeat":"repeat","background-position":"center center","background-size":"auto","background-attachment":"scroll","background-type":"","background-media":"","overlay-type":"","overlay-color":"","overlay-opacity":"","overlay-gradient":""},"mobile":{"background-color":"","background-image":"","background-repeat":"repeat","background-position":"center center","background-size":"auto","background-attachment":"scroll","background-type":"","background-media":"","overlay-type":"","overlay-color":"","overlay-opacity":"","overlay-gradient":""}},"ast-content-background-meta":{"desktop":{"background-color":"var(--ast-global-color-5)","background-image":"","background-repeat":"repeat","background-position":"center center","background-size":"auto","background-attachment":"scroll","background-type":"","background-media":"","overlay-type":"","overlay-color":"","overlay-opacity":"","overlay-gradient":""},"tablet":{"background-color":"var(--ast-global-color-5)","background-image":"","background-repeat":"repeat","background-position":"center center","background-size":"auto","background-attachment":"scroll","background-type":"","background-media":"","overlay-type":"","overlay-color":"","overlay-opacity":"","overlay-gradient":""},"mobile":{"background-color":"var(--ast-global-color-5)","background-image":"","background-repeat":"repeat","background-position":"center center","background-size":"auto","background-attachment":"scroll","background-type":"","background-media":"","overlay-type":"","overlay-color":"","overlay-opacity":"","overlay-gradient":""}},"footnotes":""},"categories":[7,62,1,2,85,4,5],"tags":[],"class_list":["post-2215","post","type-post","status-publish","format-standard","has-post-thumbnail","hentry","category-ampa","category-extraescolars","category-general","category-infantil","category-menjador","category-portada","category-primaria"],"post_mailing_queue_ids":[],"_links":{"self":[{"href":"https:\/\/agora.xtec.cat\/ceip-santperesantpau\/wp-json\/wp\/v2\/posts\/2215","targetHints":{"allow":["GET"]}}],"collection":[{"href":"https:\/\/agora.xtec.cat\/ceip-santperesantpau\/wp-json\/wp\/v2\/posts"}],"about":[{"href":"https:\/\/agora.xtec.cat\/ceip-santperesantpau\/wp-json\/wp\/v2\/types\/post"}],"author":[{"embeddable":true,"href":"https:\/\/agora.xtec.cat\/ceip-santperesantpau\/wp-json\/wp\/v2\/users\/1"}],"replies":[{"embeddable":true,"href":"https:\/\/agora.xtec.cat\/ceip-santperesantpau\/wp-json\/wp\/v2\/comments?post=2215"}],"version-history":[{"count":1,"href":"https:\/\/agora.xtec.cat\/ceip-santperesantpau\/wp-json\/wp\/v2\/posts\/2215\/revisions"}],"predecessor-version":[{"id":2217,"href":"https:\/\/agora.xtec.cat\/ceip-santperesantpau\/wp-json\/wp\/v2\/posts\/2215\/revisions\/2217"}],"wp:featuredmedia":[{"embeddable":true,"href":"https:\/\/agora.xtec.cat\/ceip-santperesantpau\/wp-json\/wp\/v2\/media\/2216"}],"wp:attachment":[{"href":"https:\/\/agora.xtec.cat\/ceip-santperesantpau\/wp-json\/wp\/v2\/media?parent=2215"}],"wp:term":[{"taxonomy":"category","embeddable":true,"href":"https:\/\/agora.xtec.cat\/ceip-santperesantpau\/wp-json\/wp\/v2\/categories?post=2215"},{"taxonomy":"post_tag","embeddable":true,"href":"https:\/\/agora.xtec.cat\/ceip-santperesantpau\/wp-json\/wp\/v2\/tags?post=2215"}],"curies":[{"name":"wp","href":"https:\/\/api.w.org\/{rel}","templated":true}]}}