{"id":2146,"date":"2017-10-02T17:21:24","date_gmt":"2017-10-02T15:21:24","guid":{"rendered":"http:\/\/agora.xtec.cat\/ceip-santperesantpau\/?p=2146"},"modified":"2017-10-02T17:22:59","modified_gmt":"2017-10-02T15:22:59","slug":"aires-daturada-general-dema-dimarts-3-doctubre","status":"publish","type":"post","link":"https:\/\/agora.xtec.cat\/ceip-santperesantpau\/general\/aires-daturada-general-dema-dimarts-3-doctubre\/","title":{"rendered":"AIRES D&#8217;ATURADA GENERAL dem\u00e0 DIMARTS 3 d&#8217;octubre"},"content":{"rendered":"<div>Benvolguda fam\u00edlia,<\/div>\n<div><\/div>\n<div>Per dem\u00e0, dimarts 3 d&#8217;octubre,\u00a0\u00a0tot i que no tenim instruccions clares del Departament d&#8217;Ensenyament,\u00a0sembla ser que hi ha convocada una Vaga General i, possiblement, tamb\u00e9 pot haver-hi una ATURADA T\u00c8CNICA (total de tots els serveis p\u00fablics).<\/div>\n<div><\/div>\n<div><\/div>\n<div>Hi ha una part del claustre que s&#8217;acollir\u00e0 al dret de vaga per\u00f2 \u00e9s possible que les circumst\u00e0ncies de possible ATURADA T\u00c8CNICA no\u00a0 ens permetin de GARANTIR els serveis m\u00ednims, tant de professorat com dels altres serveis escolars (menjador, acollida, extraescolars, transport, etc.)<\/div>\n<div><\/div>\n<div>Us preguem que valoreu molt detingudament si dureu els vostres fills\/-es a l&#8217;escola, amb el benent\u00e9s que l&#8217;abs\u00e8ncia la podeu justificar com a &#8220;dret a vaga&#8221; i que en cap cas avan\u00e7arem temari ni farem activitats a l&#8217;aire lliure..<\/div>\n<div><\/div>\n<div>Sincerament, no us podem dir res m\u00e9s.<\/div>\n<div><\/div>\n<div>Atentament,<\/div>\n<div><\/div>\n<div>La Direcci\u00f3<\/div>\n","protected":false},"excerpt":{"rendered":"<p>Benvolguda fam\u00edlia, Per dem\u00e0, dimarts 3 d&#8217;octubre,\u00a0\u00a0tot i que no tenim instruccions clares del Departament d&#8217;Ensenyament,\u00a0sembla ser que hi ha convocada una Vaga General i, possiblement, tamb\u00e9 pot haver-hi una ATURADA T\u00c8CNICA (total de tots els serveis p\u00fablics). Hi ha una part del claustre que s&#8217;acollir\u00e0 al dret de vaga per\u00f2 \u00e9s possible que les [&hellip;]<\/p>\n","protected":false},"author":1,"featured_media":0,"comment_status":"open","ping_status":"closed","sticky":false,"template":"","format":"standard","meta":{"_bbp_topic_count":0,"_bbp_reply_count":0,"_bbp_total_topic_count":0,"_bbp_total_reply_count":0,"_bbp_voice_count":0,"_bbp_anonymous_reply_count":0,"_bbp_topic_count_hidden":0,"_bbp_reply_count_hidden":0,"_bbp_forum_subforum_count":0,"site-sidebar-layout":"default","site-content-layout":"","ast-site-content-layout":"","site-content-style":"default","site-sidebar-style":"default","ast-global-header-display":"","ast-banner-title-visibility":"","ast-main-header-display":"","ast-hfb-above-header-display":"","ast-hfb-below-header-display":"","ast-hfb-mobile-header-display":"","site-post-title":"","ast-breadcrumbs-content":"","ast-featured-img":"","footer-sml-layout":"","theme-transparent-header-meta":"","adv-header-id-meta":"","stick-header-meta":"","header-above-stick-meta":"","header-main-stick-meta":"","header-below-stick-meta":"","astra-migrate-meta-layouts":"default","ast-page-background-enabled":"default","ast-page-background-meta":{"desktop":{"background-color":"var(--ast-global-color-4)","background-image":"","background-repeat":"repeat","background-position":"center center","background-size":"auto","background-attachment":"scroll","background-type":"","background-media":"","overlay-type":"","overlay-color":"","overlay-opacity":"","overlay-gradient":""},"tablet":{"background-color":"","background-image":"","background-repeat":"repeat","background-position":"center center","background-size":"auto","background-attachment":"scroll","background-type":"","background-media":"","overlay-type":"","overlay-color":"","overlay-opacity":"","overlay-gradient":""},"mobile":{"background-color":"","background-image":"","background-repeat":"repeat","background-position":"center center","background-size":"auto","background-attachment":"scroll","background-type":"","background-media":"","overlay-type":"","overlay-color":"","overlay-opacity":"","overlay-gradient":""}},"ast-content-background-meta":{"desktop":{"background-color":"var(--ast-global-color-5)","background-image":"","background-repeat":"repeat","background-position":"center center","background-size":"auto","background-attachment":"scroll","background-type":"","background-media":"","overlay-type":"","overlay-color":"","overlay-opacity":"","overlay-gradient":""},"tablet":{"background-color":"var(--ast-global-color-5)","background-image":"","background-repeat":"repeat","background-position":"center center","background-size":"auto","background-attachment":"scroll","background-type":"","background-media":"","overlay-type":"","overlay-color":"","overlay-opacity":"","overlay-gradient":""},"mobile":{"background-color":"var(--ast-global-color-5)","background-image":"","background-repeat":"repeat","background-position":"center center","background-size":"auto","background-attachment":"scroll","background-type":"","background-media":"","overlay-type":"","overlay-color":"","overlay-opacity":"","overlay-gradient":""}},"footnotes":""},"categories":[10,11,12,13,14,15,7,59,84,31,62,1,3,8,9,2,85,83,4,5,60],"tags":[],"class_list":["post-2146","post","type-post","status-publish","format-standard","hentry","category-1r","category-2n","category-3r","category-4t","category-5e","category-6e","category-ampa","category-animacio-lectora","category-educacio-fisica","category-ef","category-extraescolars","category-general","category-i3","category-i4","category-i5","category-infantil","category-menjador","category-musica","category-portada","category-primaria","category-radio"],"post_mailing_queue_ids":[],"_links":{"self":[{"href":"https:\/\/agora.xtec.cat\/ceip-santperesantpau\/wp-json\/wp\/v2\/posts\/2146","targetHints":{"allow":["GET"]}}],"collection":[{"href":"https:\/\/agora.xtec.cat\/ceip-santperesantpau\/wp-json\/wp\/v2\/posts"}],"about":[{"href":"https:\/\/agora.xtec.cat\/ceip-santperesantpau\/wp-json\/wp\/v2\/types\/post"}],"author":[{"embeddable":true,"href":"https:\/\/agora.xtec.cat\/ceip-santperesantpau\/wp-json\/wp\/v2\/users\/1"}],"replies":[{"embeddable":true,"href":"https:\/\/agora.xtec.cat\/ceip-santperesantpau\/wp-json\/wp\/v2\/comments?post=2146"}],"version-history":[{"count":3,"href":"https:\/\/agora.xtec.cat\/ceip-santperesantpau\/wp-json\/wp\/v2\/posts\/2146\/revisions"}],"predecessor-version":[{"id":2149,"href":"https:\/\/agora.xtec.cat\/ceip-santperesantpau\/wp-json\/wp\/v2\/posts\/2146\/revisions\/2149"}],"wp:attachment":[{"href":"https:\/\/agora.xtec.cat\/ceip-santperesantpau\/wp-json\/wp\/v2\/media?parent=2146"}],"wp:term":[{"taxonomy":"category","embeddable":true,"href":"https:\/\/agora.xtec.cat\/ceip-santperesantpau\/wp-json\/wp\/v2\/categories?post=2146"},{"taxonomy":"post_tag","embeddable":true,"href":"https:\/\/agora.xtec.cat\/ceip-santperesantpau\/wp-json\/wp\/v2\/tags?post=2146"}],"curies":[{"name":"wp","href":"https:\/\/api.w.org\/{rel}","templated":true}]}}