{"id":1804,"date":"2017-03-23T15:47:26","date_gmt":"2017-03-23T14:47:26","guid":{"rendered":"http:\/\/agora.xtec.cat\/ceip-santperesantpau\/?p=1804"},"modified":"2017-03-23T15:47:26","modified_gmt":"2017-03-23T14:47:26","slug":"llegeixem-un-conte-num-124-dimecres-22-marc17","status":"publish","type":"post","link":"https:\/\/agora.xtec.cat\/ceip-santperesantpau\/general\/llegeixem-un-conte-num-124-dimecres-22-marc17\/","title":{"rendered":"Llegeixe&#8217;m un conte n\u00fam 124, dimecres 22 mar\u00e7&#8217;17"},"content":{"rendered":"<p>Ja podeu tornar a escoltar el programa d&#8217;ahir amb el conte de l&#8217;escola&#8230;!!! <span class=\"_47e3 _5mfr\" title=\"Emoticona grin\"><img loading=\"lazy\" decoding=\"async\" class=\"img\" src=\"https:\/\/www.facebook.com\/images\/emoji.php\/v8\/faa\/1.5\/16\/1f603.png\" alt=\"\" width=\"16\" height=\"16\" \/><\/span> &#8220;En Pere i en Pau, els esquirols del xipreret&#8221; Sab\u00edeu que aquest mat\u00ed ens ha visitat un dels dos&#8230;? L&#8217;han vist els nens i les nenes de 3r quan tornaven d&#8217;educaci\u00f3 f\u00edsica amb el Sr. Carlos&#8230;! <span class=\"_47e3 _5mfr\" title=\"Emoticona grin\"><img loading=\"lazy\" decoding=\"async\" class=\"img\" src=\"https:\/\/www.facebook.com\/images\/emoji.php\/v8\/faa\/1.5\/16\/1f603.png\" alt=\"\" width=\"16\" height=\"16\" \/><span class=\"_7oe\"><br \/>\n<\/span><\/span><\/p>\n<div class=\"ast-oembed-container \" style=\"height: 100%;\"><iframe loading=\"lazy\" title=\"Llegeixe&#039;m Un Conte N\u00fam 124, Dimecres 22 Mar\u00e7&#039;17\" width=\"100%\" height=\"120\" src=\"https:\/\/www.mixcloud.com\/widget\/iframe\/?feed=https%3A%2F%2Fwww.mixcloud.com%2Ft%25C3%25A0nia-llaurad%25C3%25B3%2Fllegeixem-un-conte-n%25C3%25BAm-124-dimecres-22-mar%25C3%25A717%2F&amp;hide_cover=1\" frameborder=\"0\"><\/iframe><\/div>\n<p><span class=\"_47e3 _5mfr\" title=\"Emoticona grin\"><span class=\"_7oe\">\u00a0<\/span><\/span><\/p>\n<p>CONTES A BOCINS: &#8220;El misteri del conill que pensava&#8221; (3a part)<\/p>\n<p>Programa n\u00fam. 124 de \u201cLlegeixe&#8217;m Un Conte&#8221; a R\u00e0dio Sant Pere i Sant Pau.<span class=\"text_exposed_show\"><br \/>\nJa en la seva cinquena temporada, &#8220;Llegeixe&#8217;m un conte&#8221;, creat el curs 2012-2013, \u00e9s un programa de Joana Margalef i el &#8220;Programa d&#8217;animaci\u00f3 lectora&#8221; de l\u2019Escola Sant Pere i Sant Pau, amb T\u00e0nia Llaurad\u00f3.<br \/>\nPensat per a nens i nenes de totes les edats, aquest programa radiof\u00f2nic s&#8217;emet els dimecres a dos quarts de sis del vespre amb contes, m\u00fasica i participaci\u00f3.<\/span><\/p>\n<div class=\"text_exposed_show\">\n<p>R\u00e0dio Sant Pere i Sant Pau, 101.0FM<br \/>\nBloc Per\u00fa, baixos, 43007 Tarragona<br \/>\n<a href=\"http:\/\/www.radiospsp.com\/\" target=\"_blank\" rel=\"nofollow noopener\">www.radiospsp.com<\/a><br \/>\nTDT (opci\u00f3 r\u00e0dio)<br \/>\nTel. 977 201 500<\/p>\n<\/div>\n","protected":false},"excerpt":{"rendered":"<p>Ja podeu tornar a escoltar el programa d&#8217;ahir amb el conte de l&#8217;escola&#8230;!!! &#8220;En Pere i en Pau, els esquirols del xipreret&#8221; Sab\u00edeu que aquest mat\u00ed ens ha visitat un dels dos&#8230;? L&#8217;han vist els nens i les nenes de 3r quan tornaven d&#8217;educaci\u00f3 f\u00edsica amb el Sr. Carlos&#8230;! \u00a0 CONTES A BOCINS: &#8220;El misteri [&hellip;]<\/p>\n","protected":false},"author":1,"featured_media":1805,"comment_status":"open","ping_status":"open","sticky":false,"template":"","format":"standard","meta":{"_bbp_topic_count":0,"_bbp_reply_count":0,"_bbp_total_topic_count":0,"_bbp_total_reply_count":0,"_bbp_voice_count":0,"_bbp_anonymous_reply_count":0,"_bbp_topic_count_hidden":0,"_bbp_reply_count_hidden":0,"_bbp_forum_subforum_count":0,"site-sidebar-layout":"default","site-content-layout":"","ast-site-content-layout":"","site-content-style":"default","site-sidebar-style":"default","ast-global-header-display":"","ast-banner-title-visibility":"","ast-main-header-display":"","ast-hfb-above-header-display":"","ast-hfb-below-header-display":"","ast-hfb-mobile-header-display":"","site-post-title":"","ast-breadcrumbs-content":"","ast-featured-img":"","footer-sml-layout":"","theme-transparent-header-meta":"","adv-header-id-meta":"","stick-header-meta":"","header-above-stick-meta":"","header-main-stick-meta":"","header-below-stick-meta":"","astra-migrate-meta-layouts":"default","ast-page-background-enabled":"default","ast-page-background-meta":{"desktop":{"background-color":"var(--ast-global-color-4)","background-image":"","background-repeat":"repeat","background-position":"center center","background-size":"auto","background-attachment":"scroll","background-type":"","background-media":"","overlay-type":"","overlay-color":"","overlay-opacity":"","overlay-gradient":""},"tablet":{"background-color":"","background-image":"","background-repeat":"repeat","background-position":"center center","background-size":"auto","background-attachment":"scroll","background-type":"","background-media":"","overlay-type":"","overlay-color":"","overlay-opacity":"","overlay-gradient":""},"mobile":{"background-color":"","background-image":"","background-repeat":"repeat","background-position":"center center","background-size":"auto","background-attachment":"scroll","background-type":"","background-media":"","overlay-type":"","overlay-color":"","overlay-opacity":"","overlay-gradient":""}},"ast-content-background-meta":{"desktop":{"background-color":"var(--ast-global-color-5)","background-image":"","background-repeat":"repeat","background-position":"center center","background-size":"auto","background-attachment":"scroll","background-type":"","background-media":"","overlay-type":"","overlay-color":"","overlay-opacity":"","overlay-gradient":""},"tablet":{"background-color":"var(--ast-global-color-5)","background-image":"","background-repeat":"repeat","background-position":"center center","background-size":"auto","background-attachment":"scroll","background-type":"","background-media":"","overlay-type":"","overlay-color":"","overlay-opacity":"","overlay-gradient":""},"mobile":{"background-color":"var(--ast-global-color-5)","background-image":"","background-repeat":"repeat","background-position":"center center","background-size":"auto","background-attachment":"scroll","background-type":"","background-media":"","overlay-type":"","overlay-color":"","overlay-opacity":"","overlay-gradient":""}},"footnotes":""},"categories":[59,62,1,4,5,60],"tags":[],"class_list":["post-1804","post","type-post","status-publish","format-standard","has-post-thumbnail","hentry","category-animacio-lectora","category-extraescolars","category-general","category-portada","category-primaria","category-radio"],"post_mailing_queue_ids":[],"_links":{"self":[{"href":"https:\/\/agora.xtec.cat\/ceip-santperesantpau\/wp-json\/wp\/v2\/posts\/1804","targetHints":{"allow":["GET"]}}],"collection":[{"href":"https:\/\/agora.xtec.cat\/ceip-santperesantpau\/wp-json\/wp\/v2\/posts"}],"about":[{"href":"https:\/\/agora.xtec.cat\/ceip-santperesantpau\/wp-json\/wp\/v2\/types\/post"}],"author":[{"embeddable":true,"href":"https:\/\/agora.xtec.cat\/ceip-santperesantpau\/wp-json\/wp\/v2\/users\/1"}],"replies":[{"embeddable":true,"href":"https:\/\/agora.xtec.cat\/ceip-santperesantpau\/wp-json\/wp\/v2\/comments?post=1804"}],"version-history":[{"count":2,"href":"https:\/\/agora.xtec.cat\/ceip-santperesantpau\/wp-json\/wp\/v2\/posts\/1804\/revisions"}],"predecessor-version":[{"id":1807,"href":"https:\/\/agora.xtec.cat\/ceip-santperesantpau\/wp-json\/wp\/v2\/posts\/1804\/revisions\/1807"}],"wp:featuredmedia":[{"embeddable":true,"href":"https:\/\/agora.xtec.cat\/ceip-santperesantpau\/wp-json\/wp\/v2\/media\/1805"}],"wp:attachment":[{"href":"https:\/\/agora.xtec.cat\/ceip-santperesantpau\/wp-json\/wp\/v2\/media?parent=1804"}],"wp:term":[{"taxonomy":"category","embeddable":true,"href":"https:\/\/agora.xtec.cat\/ceip-santperesantpau\/wp-json\/wp\/v2\/categories?post=1804"},{"taxonomy":"post_tag","embeddable":true,"href":"https:\/\/agora.xtec.cat\/ceip-santperesantpau\/wp-json\/wp\/v2\/tags?post=1804"}],"curies":[{"name":"wp","href":"https:\/\/api.w.org\/{rel}","templated":true}]}}