{"id":1774,"date":"2017-03-16T12:22:47","date_gmt":"2017-03-16T11:22:47","guid":{"rendered":"http:\/\/agora.xtec.cat\/ceip-santperesantpau\/?p=1774"},"modified":"2017-03-16T12:22:47","modified_gmt":"2017-03-16T11:22:47","slug":"llegeixem-un-conte-num-123-dimecres-15-marc17","status":"publish","type":"post","link":"https:\/\/agora.xtec.cat\/ceip-santperesantpau\/general\/llegeixem-un-conte-num-123-dimecres-15-marc17\/","title":{"rendered":"Llegeixe&#8217;m un conte n\u00fam 123, dimecres 15 mar\u00e7&#8217;17"},"content":{"rendered":"<p>Ja podeu tornar a escoltar el programa d&#8217;ahir a R\u00e0dio Sant Pere i Sant Pau&#8230;! \ud83d\ude00<br \/>\nCONTE: &#8220;El Bar\u00f3 del Pujol Ras&#8221; i &#8220;Nit de tempesta&#8221;<br \/>\nCONTES A BOCINS: &#8220;El misteri del conill que pensava (2a part)<\/p>\n<div class=\"ast-oembed-container \" style=\"height: 100%;\"><iframe loading=\"lazy\" title=\"Llegeixe&#039;m Un Conte N\u00fam 123, Dimecres 15 Mar\u00e7&#039;17\" width=\"100%\" height=\"120\" src=\"https:\/\/www.mixcloud.com\/widget\/iframe\/?feed=https%3A%2F%2Fwww.mixcloud.com%2Ft%25C3%25A0nia-llaurad%25C3%25B3%2Fllegeixem-un-conte-n%25C3%25BAm-123-dimecres-15-mar%25C3%25A717%2F&amp;hide_cover=1\" frameborder=\"0\"><\/iframe><\/div>\n<p>Programa n\u00fam. 123 de \u201cLlegeixe&#8217;m Un Conte&#8221; a R\u00e0dio Sant Pere i Sant Pau.<br \/>\nJa en la seva cinquena temporada, &#8220;Llegeixe&#8217;m un conte&#8221;, creat el curs 2012-2013, \u00e9s un programa de Joana Margalef i el &#8220;Programa d&#8217;animaci\u00f3 lectora&#8221; de l\u2019Escola Sant Pere i Sant Pau, amb T\u00e0nia Llaurad\u00f3.<br \/>\nPensat per a nens i nenes de totes les edats, aquest programa radiof\u00f2nic s&#8217;emet els dimecres a dos quarts de sis del vespre amb contes, m\u00fasica i participaci\u00f3.<\/p>\n<p>R\u00e0dio Sant Pere i Sant Pau, 101.0FM<br \/>\nBloc Per\u00fa, baixos, 43007 Tarragona<br \/>\n<a class=\"mx-link\" href=\"http:\/\/www.radiospsp.com\/\" target=\"_blank\" rel=\"nofollow\">www.radiospsp.com<\/a><br \/>\nTDT (opci\u00f3 r\u00e0dio)<br \/>\nTel. 977 201 500<\/p>\n","protected":false},"excerpt":{"rendered":"<p>Ja podeu tornar a escoltar el programa d&#8217;ahir a R\u00e0dio Sant Pere i Sant Pau&#8230;! \ud83d\ude00 CONTE: &#8220;El Bar\u00f3 del Pujol Ras&#8221; i &#8220;Nit de tempesta&#8221; CONTES A BOCINS: &#8220;El misteri del conill que pensava (2a part) Programa n\u00fam. 123 de \u201cLlegeixe&#8217;m Un Conte&#8221; a R\u00e0dio Sant Pere i Sant Pau. Ja en la seva [&hellip;]<\/p>\n","protected":false},"author":1,"featured_media":1775,"comment_status":"open","ping_status":"open","sticky":false,"template":"","format":"standard","meta":{"_bbp_topic_count":0,"_bbp_reply_count":0,"_bbp_total_topic_count":0,"_bbp_total_reply_count":0,"_bbp_voice_count":0,"_bbp_anonymous_reply_count":0,"_bbp_topic_count_hidden":0,"_bbp_reply_count_hidden":0,"_bbp_forum_subforum_count":0,"site-sidebar-layout":"default","site-content-layout":"","ast-site-content-layout":"","site-content-style":"default","site-sidebar-style":"default","ast-global-header-display":"","ast-banner-title-visibility":"","ast-main-header-display":"","ast-hfb-above-header-display":"","ast-hfb-below-header-display":"","ast-hfb-mobile-header-display":"","site-post-title":"","ast-breadcrumbs-content":"","ast-featured-img":"","footer-sml-layout":"","theme-transparent-header-meta":"","adv-header-id-meta":"","stick-header-meta":"","header-above-stick-meta":"","header-main-stick-meta":"","header-below-stick-meta":"","astra-migrate-meta-layouts":"default","ast-page-background-enabled":"default","ast-page-background-meta":{"desktop":{"background-color":"var(--ast-global-color-4)","background-image":"","background-repeat":"repeat","background-position":"center center","background-size":"auto","background-attachment":"scroll","background-type":"","background-media":"","overlay-type":"","overlay-color":"","overlay-opacity":"","overlay-gradient":""},"tablet":{"background-color":"","background-image":"","background-repeat":"repeat","background-position":"center center","background-size":"auto","background-attachment":"scroll","background-type":"","background-media":"","overlay-type":"","overlay-color":"","overlay-opacity":"","overlay-gradient":""},"mobile":{"background-color":"","background-image":"","background-repeat":"repeat","background-position":"center center","background-size":"auto","background-attachment":"scroll","background-type":"","background-media":"","overlay-type":"","overlay-color":"","overlay-opacity":"","overlay-gradient":""}},"ast-content-background-meta":{"desktop":{"background-color":"var(--ast-global-color-5)","background-image":"","background-repeat":"repeat","background-position":"center center","background-size":"auto","background-attachment":"scroll","background-type":"","background-media":"","overlay-type":"","overlay-color":"","overlay-opacity":"","overlay-gradient":""},"tablet":{"background-color":"var(--ast-global-color-5)","background-image":"","background-repeat":"repeat","background-position":"center center","background-size":"auto","background-attachment":"scroll","background-type":"","background-media":"","overlay-type":"","overlay-color":"","overlay-opacity":"","overlay-gradient":""},"mobile":{"background-color":"var(--ast-global-color-5)","background-image":"","background-repeat":"repeat","background-position":"center center","background-size":"auto","background-attachment":"scroll","background-type":"","background-media":"","overlay-type":"","overlay-color":"","overlay-opacity":"","overlay-gradient":""}},"footnotes":""},"categories":[59,62,1,2,4,5,60],"tags":[],"class_list":["post-1774","post","type-post","status-publish","format-standard","has-post-thumbnail","hentry","category-animacio-lectora","category-extraescolars","category-general","category-infantil","category-portada","category-primaria","category-radio"],"post_mailing_queue_ids":[],"_links":{"self":[{"href":"https:\/\/agora.xtec.cat\/ceip-santperesantpau\/wp-json\/wp\/v2\/posts\/1774","targetHints":{"allow":["GET"]}}],"collection":[{"href":"https:\/\/agora.xtec.cat\/ceip-santperesantpau\/wp-json\/wp\/v2\/posts"}],"about":[{"href":"https:\/\/agora.xtec.cat\/ceip-santperesantpau\/wp-json\/wp\/v2\/types\/post"}],"author":[{"embeddable":true,"href":"https:\/\/agora.xtec.cat\/ceip-santperesantpau\/wp-json\/wp\/v2\/users\/1"}],"replies":[{"embeddable":true,"href":"https:\/\/agora.xtec.cat\/ceip-santperesantpau\/wp-json\/wp\/v2\/comments?post=1774"}],"version-history":[{"count":2,"href":"https:\/\/agora.xtec.cat\/ceip-santperesantpau\/wp-json\/wp\/v2\/posts\/1774\/revisions"}],"predecessor-version":[{"id":1777,"href":"https:\/\/agora.xtec.cat\/ceip-santperesantpau\/wp-json\/wp\/v2\/posts\/1774\/revisions\/1777"}],"wp:featuredmedia":[{"embeddable":true,"href":"https:\/\/agora.xtec.cat\/ceip-santperesantpau\/wp-json\/wp\/v2\/media\/1775"}],"wp:attachment":[{"href":"https:\/\/agora.xtec.cat\/ceip-santperesantpau\/wp-json\/wp\/v2\/media?parent=1774"}],"wp:term":[{"taxonomy":"category","embeddable":true,"href":"https:\/\/agora.xtec.cat\/ceip-santperesantpau\/wp-json\/wp\/v2\/categories?post=1774"},{"taxonomy":"post_tag","embeddable":true,"href":"https:\/\/agora.xtec.cat\/ceip-santperesantpau\/wp-json\/wp\/v2\/tags?post=1774"}],"curies":[{"name":"wp","href":"https:\/\/api.w.org\/{rel}","templated":true}]}}