{"id":1470,"date":"2016-11-10T15:45:40","date_gmt":"2016-11-10T14:45:40","guid":{"rendered":"http:\/\/agora.xtec.cat\/ceip-santperesantpau\/?p=1470"},"modified":"2016-11-10T15:45:40","modified_gmt":"2016-11-10T14:45:40","slug":"llegeixem-un-conte-dimecres-9-de-nov16-num-113","status":"publish","type":"post","link":"https:\/\/agora.xtec.cat\/ceip-santperesantpau\/general\/llegeixem-un-conte-dimecres-9-de-nov16-num-113\/","title":{"rendered":"Llegeixe&#8217;m un conte, dimecres 9 de nov&#8217;16, n\u00fam 113."},"content":{"rendered":"<div class=\"\" data-block=\"true\" data-editor=\"b56gp\" data-offset-key=\"3g5qf-0-0\">\n<div class=\"_1mf _1mj\" data-offset-key=\"3g5qf-0-0\"><span data-offset-key=\"3g5qf-0-0\"><span data-text=\"true\">Si us el vau perdre o us va agradar tant el programa que no podeu esperar quinze dies fins al proper &#8220;Llegeixe&#8217;m un conte&#8221;&#8230;, no patiu: aqu\u00ed teniu el programa d&#8217;ahir&#8230; \ud83d\ude09<\/span><\/span><\/div>\n<\/div>\n<div class=\"\" data-block=\"true\" data-editor=\"b56gp\" data-offset-key=\"edonm-0-0\">\n<div class=\"_1mf _1mj\" data-offset-key=\"edonm-0-0\">\r\n\t<div class=\"slideshow_container slideshow_container_style-light\" style=\" \" data-slideshow-id=\"423\" data-style-name=\"style-light\" data-style-version=\"2.3.1\" >\r\n\r\n\t\t\t\t\t<div class=\"slideshow_loading_icon\"><\/div>\r\n\t\t\r\n\t\t<div class=\"slideshow_content\" style=\"display: none;\">\r\n\r\n\t\t\t<div class=\"slideshow_view\">\r\n\t\t\t\t<div class=\"slideshow_slide slideshow_slide_image\">\r\n\t\t\t\t\t\t\t\t\t\t\t<img src=\"https:\/\/agora.xtec.cat\/ceip-santperesantpau\/wp-content\/uploads\/usu188\/2015\/11\/Dragonet-Llegeixem-un-conte-PETIT.jpg\" alt=\"Vols que llegim?\" width=\"201\" height=\"167\" \/>\r\n\t\t\t\t\t\t\t\t\t\t<div class=\"slideshow_description_box slideshow_transparent\">\r\n\t\t\t\t\t\t\t\t\t\t\t\t\t\t\t\t\t<\/div>\r\n\t\t\t\t<\/div>\r\n\r\n\t\t\t\t\t\t<div style=\"clear: both;\"><\/div><\/div>\r\n\t\t<\/div>\r\n\r\n\t\t<div class=\"slideshow_controlPanel slideshow_transparent\" style=\"display: none;\"><ul><li class=\"slideshow_togglePlay\" data-play-text=\"Visualitza\" data-pause-text=\"Pausa\"><\/li><\/ul><\/div>\r\n\r\n\t\t<div class=\"slideshow_button slideshow_previous slideshow_transparent\" role=\"button\" data-previous-text=\"Anterior\" style=\"display: none;\"><\/div>\r\n\t\t<div class=\"slideshow_button slideshow_next slideshow_transparent\" role=\"button\" data-next-text=\"Seg\u00fcent\" style=\"display: none;\"><\/div>\r\n\r\n\t\t<div class=\"slideshow_pagination\" style=\"display: none;\" data-go-to-text=\"V\u00e9s a la diapositiva\"><div class=\"slideshow_pagination_center\"><\/div><\/div>\r\n\r\n\t\t<!-- WordPress Slideshow Version 2.3.1 -->\r\n\r\n\t\t\t<\/div>\r\n\r\n<\/div>\n<\/div>\n<div class=\"\" data-block=\"true\" data-editor=\"b56gp\" data-offset-key=\"eu763-0-0\">\n<div class=\"_1mf _1mj\" data-offset-key=\"eu763-0-0\"><span data-offset-key=\"eu763-0-0\"><span data-text=\"true\">CONTES: &#8220;Els dos sastres valents&#8221; i &#8220;Hamsters&#8221;<\/span><\/span><\/div>\n<\/div>\n<div class=\"\" data-block=\"true\" data-editor=\"b56gp\" data-offset-key=\"6rrup-0-0\">\n<div class=\"_1mf _1mj\" data-offset-key=\"6rrup-0-0\"><span data-offset-key=\"6rrup-0-0\"><span data-offset-key=\"6rrup-0-0\"><span data-text=\"true\">CONTES A BOCINS: &#8220;Tereseta la bruixeta&#8221; (3a part &#8220;La fugida&#8221;)<\/span><\/span><\/span><\/div>\n<div class=\"_1mf _1mj\" data-offset-key=\"6rrup-0-0\">\n<div class=\"\" data-block=\"true\" data-editor=\"b56gp\" data-offset-key=\"eaf9k-0-0\">\n<div class=\"_1mf _1mj\" data-offset-key=\"eaf9k-0-0\"><span data-offset-key=\"eaf9k-0-0\">\u00a0<\/span><\/div>\n<\/div>\n<div class=\"\" data-block=\"true\" data-editor=\"b56gp\" data-offset-key=\"28etp-0-0\">\n<div class=\"_1mf _1mj\" data-offset-key=\"28etp-0-0\"><span data-offset-key=\"28etp-0-0\"><span data-text=\"true\">Programa n\u00fam. 113 de \u201cLlegeixe\u2019m un conte&#8221; a R\u00e0dio Sant Pere i Sant Pau. <\/span><\/span><\/div>\n<\/div>\n<div class=\"\" data-block=\"true\" data-editor=\"b56gp\" data-offset-key=\"e0tch-0-0\">\n<div class=\"_1mf _1mj\" data-offset-key=\"e0tch-0-0\"><span data-offset-key=\"e0tch-0-0\"><span data-text=\"true\">Ja en la seva cinquena temporada, &#8220;Llegeixe&#8217;m un conte&#8221; \u00e9s un programa de Joana Margalef i el &#8220;Programa d&#8217;animaci\u00f3 lectora&#8221; de l\u2019Escola Sant Pere i Sant Pau, amb T\u00e0nia Llaurad\u00f3.<\/span><\/span><\/div>\n<\/div>\n<div class=\"\" data-block=\"true\" data-editor=\"b56gp\" data-offset-key=\"cmem8-0-0\"><\/div>\n<div class=\"\" data-block=\"true\" data-editor=\"b56gp\" data-offset-key=\"7m3e0-0-0\"><\/div>\n<div class=\"ast-oembed-container \" style=\"height: 100%;\"><iframe loading=\"lazy\" title=\"Llegeixe&#039;m Un Conte, 9 Nov&#039;16,  N\u00fam 113.\" width=\"100%\" height=\"120\" src=\"https:\/\/www.mixcloud.com\/widget\/iframe\/?feed=https%3A%2F%2Fwww.mixcloud.com%2Ft%25C3%25A0nia-llaurad%25C3%25B3%2Fllegeixem-un-conte-9-nov16-n%25C3%25BAm-113%2F&amp;hide_cover=1\" frameborder=\"0\"><\/iframe><\/div>\n<\/div>\n<\/div>\n<div class=\"\" data-block=\"true\" data-editor=\"b56gp\" data-offset-key=\"eaf9k-0-0\"><\/div>\n<div class=\"\" data-block=\"true\" data-editor=\"b56gp\" data-offset-key=\"7m3e0-0-0\"><\/div>\n<div class=\"\" data-block=\"true\" data-editor=\"b56gp\" data-offset-key=\"dd9no-0-0\">\n<div class=\"_1mf _1mj\" data-offset-key=\"dd9no-0-0\">\n<div class=\"\" data-block=\"true\" data-editor=\"b56gp\" data-offset-key=\"cmem8-0-0\">\n<div class=\"_1mf _1mj\" data-offset-key=\"cmem8-0-0\">Pensat per a nens i nenes de totes les edats, aquest programa radiof\u00f2nic s&#8217;emet els dimecres a dos quarts de sis del vespre amb contes, m\u00fasica i participaci\u00f3.<\/div>\n<div class=\"_1mf _1mj\" data-offset-key=\"cmem8-0-0\"><\/div>\n<\/div>\n<\/div>\n<\/div>\n<div class=\"\" data-block=\"true\" data-editor=\"b56gp\" data-offset-key=\"de5mq-0-0\">\n<div class=\"_1mf _1mj\" data-offset-key=\"de5mq-0-0\"><span data-offset-key=\"de5mq-0-0\"><span data-text=\"true\">R\u00e0dio Sant Pere i Sant Pau, 101.0FM<\/span><\/span><\/div>\n<\/div>\n<div class=\"\" data-block=\"true\" data-editor=\"b56gp\" data-offset-key=\"ciddl-0-0\">\n<div class=\"_1mf _1mj\" data-offset-key=\"ciddl-0-0\"><span data-offset-key=\"ciddl-0-0\"><span data-text=\"true\">Bloc Per\u00fa, baixos, 43007 Tarragona<\/span><\/span><\/div>\n<\/div>\n<div class=\"\" data-block=\"true\" data-editor=\"b56gp\" data-offset-key=\"4ubcn-0-0\">\n<div class=\"_1mf _1mj\" data-offset-key=\"4ubcn-0-0\"><span data-offset-key=\"4ubcn-0-0\"><span data-text=\"true\">www.radiospsp.com<\/span><\/span><\/div>\n<\/div>\n<div class=\"\" data-block=\"true\" data-editor=\"b56gp\" data-offset-key=\"8bmfc-0-0\">\n<div class=\"_1mf _1mj\" data-offset-key=\"8bmfc-0-0\"><span data-offset-key=\"8bmfc-0-0\"><span data-text=\"true\">TDT (opci\u00f3 r\u00e0dio)<\/span><\/span><\/div>\n<\/div>\n<div class=\"\" data-block=\"true\" data-editor=\"b56gp\" data-offset-key=\"ct3qr-0-0\">\n<div class=\"_1mf _1mj\" data-offset-key=\"ct3qr-0-0\"><span data-offset-key=\"ct3qr-0-0\"><span data-text=\"true\">Tel. 977 201 500<\/span><\/span><\/div>\n<\/div>\n","protected":false},"excerpt":{"rendered":"<p>Si us el vau perdre o us va agradar tant el programa que no podeu esperar quinze dies fins al proper &#8220;Llegeixe&#8217;m un conte&#8221;&#8230;, no patiu: aqu\u00ed teniu el programa d&#8217;ahir&#8230; \ud83d\ude09 CONTES: &#8220;Els dos sastres valents&#8221; i &#8220;Hamsters&#8221; CONTES A BOCINS: &#8220;Tereseta la bruixeta&#8221; (3a part &#8220;La fugida&#8221;) \u00a0 Programa n\u00fam. 113 de \u201cLlegeixe\u2019m [&hellip;]<\/p>\n","protected":false},"author":1,"featured_media":426,"comment_status":"open","ping_status":"open","sticky":false,"template":"","format":"standard","meta":{"_bbp_topic_count":0,"_bbp_reply_count":0,"_bbp_total_topic_count":0,"_bbp_total_reply_count":0,"_bbp_voice_count":0,"_bbp_anonymous_reply_count":0,"_bbp_topic_count_hidden":0,"_bbp_reply_count_hidden":0,"_bbp_forum_subforum_count":0,"site-sidebar-layout":"default","site-content-layout":"","ast-site-content-layout":"","site-content-style":"default","site-sidebar-style":"default","ast-global-header-display":"","ast-banner-title-visibility":"","ast-main-header-display":"","ast-hfb-above-header-display":"","ast-hfb-below-header-display":"","ast-hfb-mobile-header-display":"","site-post-title":"","ast-breadcrumbs-content":"","ast-featured-img":"","footer-sml-layout":"","theme-transparent-header-meta":"","adv-header-id-meta":"","stick-header-meta":"","header-above-stick-meta":"","header-main-stick-meta":"","header-below-stick-meta":"","astra-migrate-meta-layouts":"default","ast-page-background-enabled":"default","ast-page-background-meta":{"desktop":{"background-color":"var(--ast-global-color-4)","background-image":"","background-repeat":"repeat","background-position":"center center","background-size":"auto","background-attachment":"scroll","background-type":"","background-media":"","overlay-type":"","overlay-color":"","overlay-opacity":"","overlay-gradient":""},"tablet":{"background-color":"","background-image":"","background-repeat":"repeat","background-position":"center center","background-size":"auto","background-attachment":"scroll","background-type":"","background-media":"","overlay-type":"","overlay-color":"","overlay-opacity":"","overlay-gradient":""},"mobile":{"background-color":"","background-image":"","background-repeat":"repeat","background-position":"center center","background-size":"auto","background-attachment":"scroll","background-type":"","background-media":"","overlay-type":"","overlay-color":"","overlay-opacity":"","overlay-gradient":""}},"ast-content-background-meta":{"desktop":{"background-color":"var(--ast-global-color-5)","background-image":"","background-repeat":"repeat","background-position":"center center","background-size":"auto","background-attachment":"scroll","background-type":"","background-media":"","overlay-type":"","overlay-color":"","overlay-opacity":"","overlay-gradient":""},"tablet":{"background-color":"var(--ast-global-color-5)","background-image":"","background-repeat":"repeat","background-position":"center center","background-size":"auto","background-attachment":"scroll","background-type":"","background-media":"","overlay-type":"","overlay-color":"","overlay-opacity":"","overlay-gradient":""},"mobile":{"background-color":"var(--ast-global-color-5)","background-image":"","background-repeat":"repeat","background-position":"center center","background-size":"auto","background-attachment":"scroll","background-type":"","background-media":"","overlay-type":"","overlay-color":"","overlay-opacity":"","overlay-gradient":""}},"footnotes":""},"categories":[59,62,1,9,2,4,5,60],"tags":[],"class_list":["post-1470","post","type-post","status-publish","format-standard","has-post-thumbnail","hentry","category-animacio-lectora","category-extraescolars","category-general","category-i5","category-infantil","category-portada","category-primaria","category-radio"],"post_mailing_queue_ids":[],"_links":{"self":[{"href":"https:\/\/agora.xtec.cat\/ceip-santperesantpau\/wp-json\/wp\/v2\/posts\/1470","targetHints":{"allow":["GET"]}}],"collection":[{"href":"https:\/\/agora.xtec.cat\/ceip-santperesantpau\/wp-json\/wp\/v2\/posts"}],"about":[{"href":"https:\/\/agora.xtec.cat\/ceip-santperesantpau\/wp-json\/wp\/v2\/types\/post"}],"author":[{"embeddable":true,"href":"https:\/\/agora.xtec.cat\/ceip-santperesantpau\/wp-json\/wp\/v2\/users\/1"}],"replies":[{"embeddable":true,"href":"https:\/\/agora.xtec.cat\/ceip-santperesantpau\/wp-json\/wp\/v2\/comments?post=1470"}],"version-history":[{"count":3,"href":"https:\/\/agora.xtec.cat\/ceip-santperesantpau\/wp-json\/wp\/v2\/posts\/1470\/revisions"}],"predecessor-version":[{"id":1473,"href":"https:\/\/agora.xtec.cat\/ceip-santperesantpau\/wp-json\/wp\/v2\/posts\/1470\/revisions\/1473"}],"wp:featuredmedia":[{"embeddable":true,"href":"https:\/\/agora.xtec.cat\/ceip-santperesantpau\/wp-json\/wp\/v2\/media\/426"}],"wp:attachment":[{"href":"https:\/\/agora.xtec.cat\/ceip-santperesantpau\/wp-json\/wp\/v2\/media?parent=1470"}],"wp:term":[{"taxonomy":"category","embeddable":true,"href":"https:\/\/agora.xtec.cat\/ceip-santperesantpau\/wp-json\/wp\/v2\/categories?post=1470"},{"taxonomy":"post_tag","embeddable":true,"href":"https:\/\/agora.xtec.cat\/ceip-santperesantpau\/wp-json\/wp\/v2\/tags?post=1470"}],"curies":[{"name":"wp","href":"https:\/\/api.w.org\/{rel}","templated":true}]}}