{"id":13389,"date":"2025-06-03T23:30:09","date_gmt":"2025-06-03T21:30:09","guid":{"rendered":"https:\/\/agora.xtec.cat\/ceip-santmiquel\/?p=13389"},"modified":"2025-06-16T14:14:53","modified_gmt":"2025-06-16T12:14:53","slug":"visitem-lajuntament-del-poble-3r","status":"publish","type":"post","link":"https:\/\/agora.xtec.cat\/ceip-santmiquel\/portada\/visitem-lajuntament-del-poble-3r\/","title":{"rendered":"VISITEM L&#8217;AJUNTAMENT DEL POBLE -3r-"},"content":{"rendered":"<p>El divendres dia 30 de maig, els nens i nenes de tercer han fet una sortida molt especial: han <strong>visitat l\u2019Ajuntament del nostre municipi<\/strong> per descobrir de primera m\u00e0 com funciona aquesta instituci\u00f3 tan important.<\/p>\n<p>Nom\u00e9s arribar, l\u2019alcalde Melcior Claramunt i el tinent d\u2019alcalde Javier Lup\u00f3n ens han rebut a la sala de plens. Un cop all\u00ed, l&#8217;alumnat ha formulat unes preguntes per tal d&#8217;entendre quin \u00e9s el paper de l\u2019alcalde i dels regidors, i aprendre com es prenen les decisions que afecten el dia a dia del poble. A m\u00e9s a m\u00e9s, durant\u00a0 la visita han pogut con\u00e8ixer les diferents depend\u00e8ncies de l\u2019edifici com: la sala de plens, les oficines, els despatxos&#8230;<\/p>\n<p>Un dels moments m\u00e9s emocionants ha estat quan els han deixat sortir al balc\u00f3 de l\u2019Ajuntament, des d\u2019on han pogut saludar com aut\u00e8ntics representants del poble.<\/p>\n<p>Gr\u00e0cies per fer-nos sentir com a casa!<\/p>\n<div dir=\"auto\"><\/div>\n<div dir=\"auto\">Cliqueu a la imatge per veure les fotografies de la visita.<\/div>\n<div dir=\"auto\"><\/div>\n<div dir=\"auto\"><\/div>\n<div dir=\"auto\"><a href=\"https:\/\/photos.app.goo.gl\/kGtQHf7bQM6RQZoo8\"><img loading=\"lazy\" decoding=\"async\" class=\"alignnone size-full wp-image-13393\" src=\"https:\/\/agora.xtec.cat\/ceip-santmiquel\/wp-content\/uploads\/usu1043\/2025\/06\/miralcamp.jpg\" alt=\"\" width=\"225\" height=\"225\" srcset=\"https:\/\/agora.xtec.cat\/ceip-santmiquel\/wp-content\/uploads\/usu1043\/2025\/06\/miralcamp.jpg 225w, https:\/\/agora.xtec.cat\/ceip-santmiquel\/wp-content\/uploads\/usu1043\/2025\/06\/miralcamp-150x150.jpg 150w\" sizes=\"auto, (max-width: 225px) 100vw, 225px\" \/><\/a><\/div>\n","protected":false},"excerpt":{"rendered":"<p>El divendres dia 30 de maig, els nens i nenes de tercer han fet una sortida molt especial: han visitat l\u2019Ajuntament del nostre municipi per descobrir de primera m\u00e0 com funciona aquesta instituci\u00f3 tan important. Nom\u00e9s arribar, l\u2019alcalde Melcior Claramunt i el tinent d\u2019alcalde Javier Lup\u00f3n ens han rebut a la sala de plens. Un [&hellip;]<\/p>\n","protected":false},"author":105,"featured_media":0,"comment_status":"open","ping_status":"closed","sticky":false,"template":"","format":"standard","meta":{"_bbp_topic_count":0,"_bbp_reply_count":0,"_bbp_total_topic_count":0,"_bbp_total_reply_count":0,"_bbp_voice_count":0,"_bbp_anonymous_reply_count":0,"_bbp_topic_count_hidden":0,"_bbp_reply_count_hidden":0,"_bbp_forum_subforum_count":0,"site-sidebar-layout":"default","site-content-layout":"","ast-site-content-layout":"","site-content-style":"default","site-sidebar-style":"default","ast-global-header-display":"","ast-banner-title-visibility":"","ast-main-header-display":"","ast-hfb-above-header-display":"","ast-hfb-below-header-display":"","ast-hfb-mobile-header-display":"","site-post-title":"","ast-breadcrumbs-content":"","ast-featured-img":"","footer-sml-layout":"","theme-transparent-header-meta":"","adv-header-id-meta":"","stick-header-meta":"","header-above-stick-meta":"","header-main-stick-meta":"","header-below-stick-meta":"","astra-migrate-meta-layouts":"default","ast-page-background-enabled":"default","ast-page-background-meta":{"desktop":{"background-color":"var(--ast-global-color-4)","background-image":"","background-repeat":"repeat","background-position":"center center","background-size":"auto","background-attachment":"scroll","background-type":"","background-media":"","overlay-type":"","overlay-color":"","overlay-opacity":"","overlay-gradient":""},"tablet":{"background-color":"","background-image":"","background-repeat":"repeat","background-position":"center center","background-size":"auto","background-attachment":"scroll","background-type":"","background-media":"","overlay-type":"","overlay-color":"","overlay-opacity":"","overlay-gradient":""},"mobile":{"background-color":"","background-image":"","background-repeat":"repeat","background-position":"center center","background-size":"auto","background-attachment":"scroll","background-type":"","background-media":"","overlay-type":"","overlay-color":"","overlay-opacity":"","overlay-gradient":""}},"ast-content-background-meta":{"desktop":{"background-color":"var(--ast-global-color-5)","background-image":"","background-repeat":"repeat","background-position":"center center","background-size":"auto","background-attachment":"scroll","background-type":"","background-media":"","overlay-type":"","overlay-color":"","overlay-opacity":"","overlay-gradient":""},"tablet":{"background-color":"var(--ast-global-color-5)","background-image":"","background-repeat":"repeat","background-position":"center center","background-size":"auto","background-attachment":"scroll","background-type":"","background-media":"","overlay-type":"","overlay-color":"","overlay-opacity":"","overlay-gradient":""},"mobile":{"background-color":"var(--ast-global-color-5)","background-image":"","background-repeat":"repeat","background-position":"center center","background-size":"auto","background-attachment":"scroll","background-type":"","background-media":"","overlay-type":"","overlay-color":"","overlay-opacity":"","overlay-gradient":""}},"footnotes":""},"categories":[881,83,1322,4,5],"tags":[195,1465,1466,540,1467,1464],"class_list":["post-13389","post","type-post","status-publish","format-standard","hentry","category-tercer","category-mitja","category-mitjans","category-portada","category-primaria","tag-ajuntament","tag-alcalde","tag-balco","tag-miralcamp","tag-poble","tag-visita"],"post_mailing_queue_ids":[],"_links":{"self":[{"href":"https:\/\/agora.xtec.cat\/ceip-santmiquel\/wp-json\/wp\/v2\/posts\/13389","targetHints":{"allow":["GET"]}}],"collection":[{"href":"https:\/\/agora.xtec.cat\/ceip-santmiquel\/wp-json\/wp\/v2\/posts"}],"about":[{"href":"https:\/\/agora.xtec.cat\/ceip-santmiquel\/wp-json\/wp\/v2\/types\/post"}],"author":[{"embeddable":true,"href":"https:\/\/agora.xtec.cat\/ceip-santmiquel\/wp-json\/wp\/v2\/users\/105"}],"replies":[{"embeddable":true,"href":"https:\/\/agora.xtec.cat\/ceip-santmiquel\/wp-json\/wp\/v2\/comments?post=13389"}],"version-history":[{"count":6,"href":"https:\/\/agora.xtec.cat\/ceip-santmiquel\/wp-json\/wp\/v2\/posts\/13389\/revisions"}],"predecessor-version":[{"id":13405,"href":"https:\/\/agora.xtec.cat\/ceip-santmiquel\/wp-json\/wp\/v2\/posts\/13389\/revisions\/13405"}],"wp:attachment":[{"href":"https:\/\/agora.xtec.cat\/ceip-santmiquel\/wp-json\/wp\/v2\/media?parent=13389"}],"wp:term":[{"taxonomy":"category","embeddable":true,"href":"https:\/\/agora.xtec.cat\/ceip-santmiquel\/wp-json\/wp\/v2\/categories?post=13389"},{"taxonomy":"post_tag","embeddable":true,"href":"https:\/\/agora.xtec.cat\/ceip-santmiquel\/wp-json\/wp\/v2\/tags?post=13389"}],"curies":[{"name":"wp","href":"https:\/\/api.w.org\/{rel}","templated":true}]}}