{"id":10917,"date":"2023-03-09T12:55:11","date_gmt":"2023-03-09T11:55:11","guid":{"rendered":"https:\/\/agora.xtec.cat\/ceip-santmiquel\/?p=10917"},"modified":"2023-03-09T12:55:18","modified_gmt":"2023-03-09T11:55:18","slug":"xix-certamen-de-lectura-en-veu-alta","status":"publish","type":"post","link":"https:\/\/agora.xtec.cat\/ceip-santmiquel\/general\/xix-certamen-de-lectura-en-veu-alta\/","title":{"rendered":"XIX CERTAMEN DE LECTURA EN VEU ALTA"},"content":{"rendered":"<p>Avui dijous 09 de mar\u00e7 s&#8217;han celebrat les Semifinals del Certamen de Lectura en Veu Alta al Teatre l&#8217;Amistat de Mollerussa.<\/p>\n<p>La nostra escola hi ha participat amb dues representants que, tot i els nervis, ho han fet d&#8217;all\u00f2 m\u00e9s b\u00e9 i \u00e9s motiu de joia i orgull.<\/p>\n<p>Estem molt contents que aquest any s&#8217;hagi pogut tornar celebrar de manera presencial.<\/p>\n<p>Si voleu veure algunes de les imatges, cliqueu a la icona.<\/p>\n<p><a href=\"https:\/\/photos.app.goo.gl\/XL111puGfio2Thzb8\"><img loading=\"lazy\" decoding=\"async\" class=\"wp-image-10918 aligncenter\" src=\"https:\/\/agora.xtec.cat\/ceip-santmiquel\/wp-content\/uploads\/usu1043\/2023\/03\/Cartell-CLVA-1024-\u00d7-1536-px-683x1024.png\" alt=\"\" width=\"116\" height=\"173\" srcset=\"https:\/\/agora.xtec.cat\/ceip-santmiquel\/wp-content\/uploads\/usu1043\/2023\/03\/Cartell-CLVA-1024-\u00d7-1536-px-683x1024.png 683w, https:\/\/agora.xtec.cat\/ceip-santmiquel\/wp-content\/uploads\/usu1043\/2023\/03\/Cartell-CLVA-1024-\u00d7-1536-px-200x300.png 200w, https:\/\/agora.xtec.cat\/ceip-santmiquel\/wp-content\/uploads\/usu1043\/2023\/03\/Cartell-CLVA-1024-\u00d7-1536-px-768x1152.png 768w, https:\/\/agora.xtec.cat\/ceip-santmiquel\/wp-content\/uploads\/usu1043\/2023\/03\/Cartell-CLVA-1024-\u00d7-1536-px.png 1024w\" sizes=\"auto, (max-width: 116px) 100vw, 116px\" \/><\/a><\/p>\n<p>&nbsp;<\/p>\n","protected":false},"excerpt":{"rendered":"<p>Avui dijous 09 de mar\u00e7 s&#8217;han celebrat les Semifinals del Certamen de Lectura en Veu Alta al Teatre l&#8217;Amistat de Mollerussa. La nostra escola hi ha participat amb dues representants que, tot i els nervis, ho han fet d&#8217;all\u00f2 m\u00e9s b\u00e9 i \u00e9s motiu de joia i orgull. Estem molt contents que aquest any s&#8217;hagi [&hellip;]<\/p>\n","protected":false},"author":82,"featured_media":0,"comment_status":"open","ping_status":"closed","sticky":false,"template":"","format":"standard","meta":{"_bbp_topic_count":0,"_bbp_reply_count":0,"_bbp_total_topic_count":0,"_bbp_total_reply_count":0,"_bbp_voice_count":0,"_bbp_anonymous_reply_count":0,"_bbp_topic_count_hidden":0,"_bbp_reply_count_hidden":0,"_bbp_forum_subforum_count":0,"site-sidebar-layout":"default","site-content-layout":"","ast-site-content-layout":"","site-content-style":"default","site-sidebar-style":"default","ast-global-header-display":"","ast-banner-title-visibility":"","ast-main-header-display":"","ast-hfb-above-header-display":"","ast-hfb-below-header-display":"","ast-hfb-mobile-header-display":"","site-post-title":"","ast-breadcrumbs-content":"","ast-featured-img":"","footer-sml-layout":"","theme-transparent-header-meta":"","adv-header-id-meta":"","stick-header-meta":"","header-above-stick-meta":"","header-main-stick-meta":"","header-below-stick-meta":"","astra-migrate-meta-layouts":"default","ast-page-background-enabled":"default","ast-page-background-meta":{"desktop":{"background-color":"var(--ast-global-color-4)","background-image":"","background-repeat":"repeat","background-position":"center center","background-size":"auto","background-attachment":"scroll","background-type":"","background-media":"","overlay-type":"","overlay-color":"","overlay-opacity":"","overlay-gradient":""},"tablet":{"background-color":"","background-image":"","background-repeat":"repeat","background-position":"center center","background-size":"auto","background-attachment":"scroll","background-type":"","background-media":"","overlay-type":"","overlay-color":"","overlay-opacity":"","overlay-gradient":""},"mobile":{"background-color":"","background-image":"","background-repeat":"repeat","background-position":"center center","background-size":"auto","background-attachment":"scroll","background-type":"","background-media":"","overlay-type":"","overlay-color":"","overlay-opacity":"","overlay-gradient":""}},"ast-content-background-meta":{"desktop":{"background-color":"var(--ast-global-color-5)","background-image":"","background-repeat":"repeat","background-position":"center center","background-size":"auto","background-attachment":"scroll","background-type":"","background-media":"","overlay-type":"","overlay-color":"","overlay-opacity":"","overlay-gradient":""},"tablet":{"background-color":"var(--ast-global-color-5)","background-image":"","background-repeat":"repeat","background-position":"center center","background-size":"auto","background-attachment":"scroll","background-type":"","background-media":"","overlay-type":"","overlay-color":"","overlay-opacity":"","overlay-gradient":""},"mobile":{"background-color":"var(--ast-global-color-5)","background-image":"","background-repeat":"repeat","background-position":"center center","background-size":"auto","background-attachment":"scroll","background-type":"","background-media":"","overlay-type":"","overlay-color":"","overlay-opacity":"","overlay-gradient":""}},"footnotes":""},"categories":[881,882,883,960,83,84,1,4,5],"tags":[851,170,130,217,216],"class_list":["post-10917","post","type-post","status-publish","format-standard","hentry","category-tercer","category-quart","category-cinque","category-sise","category-mitja","category-superior","category-general","category-portada","category-primaria","tag-certamen","tag-cicle-mitja","tag-cicle-superior","tag-lectura-en-veu-alta","tag-lva"],"post_mailing_queue_ids":[],"_links":{"self":[{"href":"https:\/\/agora.xtec.cat\/ceip-santmiquel\/wp-json\/wp\/v2\/posts\/10917","targetHints":{"allow":["GET"]}}],"collection":[{"href":"https:\/\/agora.xtec.cat\/ceip-santmiquel\/wp-json\/wp\/v2\/posts"}],"about":[{"href":"https:\/\/agora.xtec.cat\/ceip-santmiquel\/wp-json\/wp\/v2\/types\/post"}],"author":[{"embeddable":true,"href":"https:\/\/agora.xtec.cat\/ceip-santmiquel\/wp-json\/wp\/v2\/users\/82"}],"replies":[{"embeddable":true,"href":"https:\/\/agora.xtec.cat\/ceip-santmiquel\/wp-json\/wp\/v2\/comments?post=10917"}],"version-history":[{"count":1,"href":"https:\/\/agora.xtec.cat\/ceip-santmiquel\/wp-json\/wp\/v2\/posts\/10917\/revisions"}],"predecessor-version":[{"id":10919,"href":"https:\/\/agora.xtec.cat\/ceip-santmiquel\/wp-json\/wp\/v2\/posts\/10917\/revisions\/10919"}],"wp:attachment":[{"href":"https:\/\/agora.xtec.cat\/ceip-santmiquel\/wp-json\/wp\/v2\/media?parent=10917"}],"wp:term":[{"taxonomy":"category","embeddable":true,"href":"https:\/\/agora.xtec.cat\/ceip-santmiquel\/wp-json\/wp\/v2\/categories?post=10917"},{"taxonomy":"post_tag","embeddable":true,"href":"https:\/\/agora.xtec.cat\/ceip-santmiquel\/wp-json\/wp\/v2\/tags?post=10917"}],"curies":[{"name":"wp","href":"https:\/\/api.w.org\/{rel}","templated":true}]}}