{"id":10588,"date":"2022-12-01T20:41:38","date_gmt":"2022-12-01T19:41:38","guid":{"rendered":"https:\/\/agora.xtec.cat\/ceip-santmiquel\/?p=10588"},"modified":"2022-12-01T20:41:38","modified_gmt":"2022-12-01T19:41:38","slug":"el-compte-enrere-alumnat-religio","status":"publish","type":"post","link":"https:\/\/agora.xtec.cat\/ceip-santmiquel\/general\/el-compte-enrere-alumnat-religio\/","title":{"rendered":"EL COMPTE ENRERE&#8230;&#8230;.. ALUMNAT RELIGI\u00d3"},"content":{"rendered":"<p>Arrenca el mes de desembre, els calendaris d&#8217;advent s\u00f3n un dol\u00e7 compte enrere cap a la celebraci\u00f3 de la festivitat de Nadal. L&#8217;alumnat de religi\u00f3 els ha confeccionat amb la il.lusi\u00f3 de preparar el Nadal i de comen\u00e7ar un compte enrere d&#8217;all\u00f2 m\u00e9s divertit.<\/p>\n<p>Cada dia ser\u00e0 una sorpresa, tot i est\u00e0 molt pensada i preparada.<\/p>\n<p>Gaudiu-ne !!!, hem treballat molt per tenir-lo llest el primer dia de desembre. Comen\u00e7a el joc&#8230;..<\/p>\n<p>Cliqueu la imatge i veureu<a href=\"https:\/\/photos.app.goo.gl\/UYKyRvaoYjTrAFty5\" target=\"_blank\" rel=\"noopener\"><img loading=\"lazy\" decoding=\"async\" class=\"wp-image-10589 alignright\" src=\"https:\/\/agora.xtec.cat\/ceip-santmiquel\/wp-content\/uploads\/usu1043\/2022\/12\/calendario-de-aviento.jpg\" alt=\"\" width=\"241\" height=\"138\" srcset=\"https:\/\/agora.xtec.cat\/ceip-santmiquel\/wp-content\/uploads\/usu1043\/2022\/12\/calendario-de-aviento.jpg 700w, https:\/\/agora.xtec.cat\/ceip-santmiquel\/wp-content\/uploads\/usu1043\/2022\/12\/calendario-de-aviento-300x171.jpg 300w\" sizes=\"auto, (max-width: 241px) 100vw, 241px\" \/><\/a> les fotos<\/p>\n","protected":false},"excerpt":{"rendered":"<p>Arrenca el mes de desembre, els calendaris d&#8217;advent s\u00f3n un dol\u00e7 compte enrere cap a la celebraci\u00f3 de la festivitat de Nadal. L&#8217;alumnat de religi\u00f3 els ha confeccionat amb la il.lusi\u00f3 de preparar el Nadal i de comen\u00e7ar un compte enrere d&#8217;all\u00f2 m\u00e9s divertit. Cada dia ser\u00e0 una sorpresa, tot i est\u00e0 molt pensada i [&hellip;]<\/p>\n","protected":false},"author":85,"featured_media":10589,"comment_status":"open","ping_status":"closed","sticky":false,"template":"","format":"standard","meta":{"_bbp_topic_count":0,"_bbp_reply_count":0,"_bbp_total_topic_count":0,"_bbp_total_reply_count":0,"_bbp_voice_count":0,"_bbp_anonymous_reply_count":0,"_bbp_topic_count_hidden":0,"_bbp_reply_count_hidden":0,"_bbp_forum_subforum_count":0,"site-sidebar-layout":"default","site-content-layout":"","ast-site-content-layout":"","site-content-style":"default","site-sidebar-style":"default","ast-global-header-display":"","ast-banner-title-visibility":"","ast-main-header-display":"","ast-hfb-above-header-display":"","ast-hfb-below-header-display":"","ast-hfb-mobile-header-display":"","site-post-title":"","ast-breadcrumbs-content":"","ast-featured-img":"","footer-sml-layout":"","theme-transparent-header-meta":"","adv-header-id-meta":"","stick-header-meta":"","header-above-stick-meta":"","header-main-stick-meta":"","header-below-stick-meta":"","astra-migrate-meta-layouts":"default","ast-page-background-enabled":"default","ast-page-background-meta":{"desktop":{"background-color":"var(--ast-global-color-4)","background-image":"","background-repeat":"repeat","background-position":"center center","background-size":"auto","background-attachment":"scroll","background-type":"","background-media":"","overlay-type":"","overlay-color":"","overlay-opacity":"","overlay-gradient":""},"tablet":{"background-color":"","background-image":"","background-repeat":"repeat","background-position":"center center","background-size":"auto","background-attachment":"scroll","background-type":"","background-media":"","overlay-type":"","overlay-color":"","overlay-opacity":"","overlay-gradient":""},"mobile":{"background-color":"","background-image":"","background-repeat":"repeat","background-position":"center center","background-size":"auto","background-attachment":"scroll","background-type":"","background-media":"","overlay-type":"","overlay-color":"","overlay-opacity":"","overlay-gradient":""}},"ast-content-background-meta":{"desktop":{"background-color":"var(--ast-global-color-5)","background-image":"","background-repeat":"repeat","background-position":"center center","background-size":"auto","background-attachment":"scroll","background-type":"","background-media":"","overlay-type":"","overlay-color":"","overlay-opacity":"","overlay-gradient":""},"tablet":{"background-color":"var(--ast-global-color-5)","background-image":"","background-repeat":"repeat","background-position":"center center","background-size":"auto","background-attachment":"scroll","background-type":"","background-media":"","overlay-type":"","overlay-color":"","overlay-opacity":"","overlay-gradient":""},"mobile":{"background-color":"var(--ast-global-color-5)","background-image":"","background-repeat":"repeat","background-position":"center center","background-size":"auto","background-attachment":"scroll","background-type":"","background-media":"","overlay-type":"","overlay-color":"","overlay-opacity":"","overlay-gradient":""}},"footnotes":""},"categories":[880,881,960,1,4,5],"tags":[1241,1240,85,918,521,145,329],"class_list":["post-10588","post","type-post","status-publish","format-standard","has-post-thumbnail","hentry","category-segon","category-tercer","category-sise","category-general","category-portada","category-primaria","tag-advent","tag-calendari","tag-primaria","tag-religio","tag-segon","tag-sise","tag-tercer"],"post_mailing_queue_ids":[],"_links":{"self":[{"href":"https:\/\/agora.xtec.cat\/ceip-santmiquel\/wp-json\/wp\/v2\/posts\/10588","targetHints":{"allow":["GET"]}}],"collection":[{"href":"https:\/\/agora.xtec.cat\/ceip-santmiquel\/wp-json\/wp\/v2\/posts"}],"about":[{"href":"https:\/\/agora.xtec.cat\/ceip-santmiquel\/wp-json\/wp\/v2\/types\/post"}],"author":[{"embeddable":true,"href":"https:\/\/agora.xtec.cat\/ceip-santmiquel\/wp-json\/wp\/v2\/users\/85"}],"replies":[{"embeddable":true,"href":"https:\/\/agora.xtec.cat\/ceip-santmiquel\/wp-json\/wp\/v2\/comments?post=10588"}],"version-history":[{"count":2,"href":"https:\/\/agora.xtec.cat\/ceip-santmiquel\/wp-json\/wp\/v2\/posts\/10588\/revisions"}],"predecessor-version":[{"id":10591,"href":"https:\/\/agora.xtec.cat\/ceip-santmiquel\/wp-json\/wp\/v2\/posts\/10588\/revisions\/10591"}],"wp:featuredmedia":[{"embeddable":true,"href":"https:\/\/agora.xtec.cat\/ceip-santmiquel\/wp-json\/wp\/v2\/media\/10589"}],"wp:attachment":[{"href":"https:\/\/agora.xtec.cat\/ceip-santmiquel\/wp-json\/wp\/v2\/media?parent=10588"}],"wp:term":[{"taxonomy":"category","embeddable":true,"href":"https:\/\/agora.xtec.cat\/ceip-santmiquel\/wp-json\/wp\/v2\/categories?post=10588"},{"taxonomy":"post_tag","embeddable":true,"href":"https:\/\/agora.xtec.cat\/ceip-santmiquel\/wp-json\/wp\/v2\/tags?post=10588"}],"curies":[{"name":"wp","href":"https:\/\/api.w.org\/{rel}","templated":true}]}}