{"id":3200,"date":"2026-04-24T09:19:44","date_gmt":"2026-04-24T07:19:44","guid":{"rendered":"https:\/\/agora.xtec.cat\/ceip-santjordi-svhorts\/?p=3200"},"modified":"2026-04-24T09:46:46","modified_gmt":"2026-04-24T07:46:46","slug":"setmana-cultural-2026","status":"publish","type":"post","link":"https:\/\/agora.xtec.cat\/ceip-santjordi-svhorts\/general\/setmana-cultural-2026\/","title":{"rendered":"SETMANA CULTURAL 2026"},"content":{"rendered":"<p data-start=\"0\" data-end=\"328\"><img loading=\"lazy\" decoding=\"async\" class=\"alignleft size-medium wp-image-3201\" src=\"https:\/\/agora.xtec.cat\/ceip-santjordi-svhorts\/wp-content\/uploads\/usu129\/2026\/04\/INFORMACIO-SANT-JORDI-26-300x300.jpg\" alt=\"\" width=\"300\" height=\"300\" srcset=\"https:\/\/agora.xtec.cat\/ceip-santjordi-svhorts\/wp-content\/uploads\/usu129\/2026\/04\/INFORMACIO-SANT-JORDI-26-300x300.jpg 300w, https:\/\/agora.xtec.cat\/ceip-santjordi-svhorts\/wp-content\/uploads\/usu129\/2026\/04\/INFORMACIO-SANT-JORDI-26-1024x1024.jpg 1024w, https:\/\/agora.xtec.cat\/ceip-santjordi-svhorts\/wp-content\/uploads\/usu129\/2026\/04\/INFORMACIO-SANT-JORDI-26-150x150.jpg 150w, https:\/\/agora.xtec.cat\/ceip-santjordi-svhorts\/wp-content\/uploads\/usu129\/2026\/04\/INFORMACIO-SANT-JORDI-26-768x768.jpg 768w, https:\/\/agora.xtec.cat\/ceip-santjordi-svhorts\/wp-content\/uploads\/usu129\/2026\/04\/INFORMACIO-SANT-JORDI-26.jpg 1080w\" sizes=\"auto, (max-width: 300px) 100vw, 300px\" \/><\/p>\n<p data-start=\"0\" data-end=\"328\">La Setmana Cultural \u00e9s un dels moments m\u00e9s especials del curs a la nostra escola, un espai on l\u2019aprenentatge es viu d\u2019una manera creativa, participativa i plena de significat. Al llarg d\u2019aquests dies, l\u2019alumnat esdev\u00e9 protagonista de diverses activitats que fomenten l\u2019expressi\u00f3 art\u00edstica, la imaginaci\u00f3 i l\u2019amor per la cultura.<\/p>\n<p data-start=\"0\" data-end=\"328\">El tret de sortida es va realitzar el dilluns dia 20 amb un espectacle infantil a c\u00e0rrec del grup d&#8217;animaci\u00f3 infantil, Pinxo i Punxa, on l&#8217;alumnat va gaudir molt a trav\u00e9s de can\u00e7ons i danses tradicionals catalanes.<\/p>\n<p data-start=\"0\" data-end=\"328\"><img loading=\"lazy\" decoding=\"async\" class=\"size-medium wp-image-3218 aligncenter\" src=\"https:\/\/agora.xtec.cat\/ceip-santjordi-svhorts\/wp-content\/uploads\/usu129\/2026\/04\/Captura-de-pantalla-2026-04-24-093144-300x180.png\" alt=\"\" width=\"300\" height=\"180\" srcset=\"https:\/\/agora.xtec.cat\/ceip-santjordi-svhorts\/wp-content\/uploads\/usu129\/2026\/04\/Captura-de-pantalla-2026-04-24-093144-300x180.png 300w, https:\/\/agora.xtec.cat\/ceip-santjordi-svhorts\/wp-content\/uploads\/usu129\/2026\/04\/Captura-de-pantalla-2026-04-24-093144-1024x614.png 1024w, https:\/\/agora.xtec.cat\/ceip-santjordi-svhorts\/wp-content\/uploads\/usu129\/2026\/04\/Captura-de-pantalla-2026-04-24-093144-768x460.png 768w, https:\/\/agora.xtec.cat\/ceip-santjordi-svhorts\/wp-content\/uploads\/usu129\/2026\/04\/Captura-de-pantalla-2026-04-24-093144.png 1111w\" sizes=\"auto, (max-width: 300px) 100vw, 300px\" \/><\/p>\n<p data-start=\"330\" data-end=\"654\">El concurs de punts de llibre, el certamen de lectura en veu alta i els Jocs Florals \u2014amb poemes creats pels mateixos alumnes\u2014, tert\u00falies liter\u00e0ries, posen en valor la llengua i la literatura com a eines d\u2019expressi\u00f3 i creixement personal. Per a la selecci\u00f3 dels llibres de les tert\u00falies liter\u00e0ries, vam comptar amb l\u2019assessorament de la Judith, responsable de la sala infantil de la biblioteca de Les Voltes, que tamb\u00e9 va gestionar la disponibilitat dels exemplars per a l\u2019alumnat. Agra\u00efm a la Biblioteca de les Voltes la seva implicaci\u00f3 i suport.<\/p>\n<p data-start=\"330\" data-end=\"654\"><img loading=\"lazy\" decoding=\"async\" class=\"size-full wp-image-3219 alignnone\" src=\"https:\/\/agora.xtec.cat\/ceip-santjordi-svhorts\/wp-content\/uploads\/usu129\/2026\/04\/Captura-de-pantalla-2026-04-24-093959.png\" alt=\"\" width=\"197\" height=\"260\" \/><img loading=\"lazy\" decoding=\"async\" class=\"alignleft size-full wp-image-3220\" src=\"https:\/\/agora.xtec.cat\/ceip-santjordi-svhorts\/wp-content\/uploads\/usu129\/2026\/04\/Captura-de-pantalla-2026-04-24-094010.png\" alt=\"\" width=\"294\" height=\"217\" \/><\/p>\n<p data-start=\"330\" data-end=\"654\">A m\u00e9s a m\u00e9s, la mostra de danses ens convida a descobrir i compartir tradicions a trav\u00e9s del moviment i la m\u00fasica.<\/p>\n<p data-start=\"656\" data-end=\"945\">Tot plegat culmina amb una celebraci\u00f3 molt especial de la diada de Sant Jordi, una data especialment significativa per a nosaltres, ja que dona nom a la nostra escola. \u00c9s una jornada plena de llibres, roses i emocions que refor\u00e7a els vincles entre cultura, identitat i comunitat educativa.<\/p>\n<p data-start=\"947\" data-end=\"1070\" data-is-last-node=\"\" data-is-only-node=\"\">La Setmana Cultural \u00e9s, en definitiva, una oportunitat \u00fanica per aprendre d\u2019una manera vivencial, enriquidora i compartida.<\/p>\n<p data-start=\"947\" data-end=\"1070\" data-is-last-node=\"\" data-is-only-node=\"\">Agra\u00efm a totes les fam\u00edlies la seva implicaci\u00f3 i\u00a0 col\u00b7laboraci\u00f3 en les diferents activitats.<\/p>\n<p data-start=\"947\" data-end=\"1070\" data-is-last-node=\"\" data-is-only-node=\"\"><img loading=\"lazy\" decoding=\"async\" class=\"size-medium wp-image-3214 aligncenter\" src=\"https:\/\/agora.xtec.cat\/ceip-santjordi-svhorts\/wp-content\/uploads\/usu129\/2026\/04\/Captura-de-pantalla-2026-04-24-091709-186x300.png\" alt=\"\" width=\"186\" height=\"300\" srcset=\"https:\/\/agora.xtec.cat\/ceip-santjordi-svhorts\/wp-content\/uploads\/usu129\/2026\/04\/Captura-de-pantalla-2026-04-24-091709-186x300.png 186w, https:\/\/agora.xtec.cat\/ceip-santjordi-svhorts\/wp-content\/uploads\/usu129\/2026\/04\/Captura-de-pantalla-2026-04-24-091709.png 357w\" sizes=\"auto, (max-width: 186px) 100vw, 186px\" \/><\/p>\n","protected":false},"excerpt":{"rendered":"<p>La Setmana Cultural \u00e9s un dels moments m\u00e9s especials del curs a la nostra escola, un espai on l\u2019aprenentatge es viu d\u2019una manera creativa, participativa i plena de significat. Al llarg d\u2019aquests dies, l\u2019alumnat esdev\u00e9 protagonista de diverses activitats que fomenten l\u2019expressi\u00f3 art\u00edstica, la imaginaci\u00f3&hellip;  <a href=\"https:\/\/agora.xtec.cat\/ceip-santjordi-svhorts\/general\/setmana-cultural-2026\/\" title=\"Read SETMANA CULTURAL 2026\">Llegeix m\u00e9s\u00bb<\/a><\/p>\n","protected":false},"author":1,"featured_media":3214,"comment_status":"open","ping_status":"open","sticky":false,"template":"","format":"standard","meta":{"_bbp_topic_count":0,"_bbp_reply_count":0,"_bbp_total_topic_count":0,"_bbp_total_reply_count":0,"_bbp_voice_count":0,"_bbp_anonymous_reply_count":0,"_bbp_topic_count_hidden":0,"_bbp_reply_count_hidden":0,"_bbp_forum_subforum_count":0,"footnotes":""},"categories":[1,4],"tags":[],"class_list":["post-3200","post","type-post","status-publish","format-standard","has-post-thumbnail","hentry","category-general","category-portada"],"post_mailing_queue_ids":[],"_links":{"self":[{"href":"https:\/\/agora.xtec.cat\/ceip-santjordi-svhorts\/wp-json\/wp\/v2\/posts\/3200","targetHints":{"allow":["GET"]}}],"collection":[{"href":"https:\/\/agora.xtec.cat\/ceip-santjordi-svhorts\/wp-json\/wp\/v2\/posts"}],"about":[{"href":"https:\/\/agora.xtec.cat\/ceip-santjordi-svhorts\/wp-json\/wp\/v2\/types\/post"}],"author":[{"embeddable":true,"href":"https:\/\/agora.xtec.cat\/ceip-santjordi-svhorts\/wp-json\/wp\/v2\/users\/1"}],"replies":[{"embeddable":true,"href":"https:\/\/agora.xtec.cat\/ceip-santjordi-svhorts\/wp-json\/wp\/v2\/comments?post=3200"}],"version-history":[{"count":7,"href":"https:\/\/agora.xtec.cat\/ceip-santjordi-svhorts\/wp-json\/wp\/v2\/posts\/3200\/revisions"}],"predecessor-version":[{"id":3226,"href":"https:\/\/agora.xtec.cat\/ceip-santjordi-svhorts\/wp-json\/wp\/v2\/posts\/3200\/revisions\/3226"}],"wp:featuredmedia":[{"embeddable":true,"href":"https:\/\/agora.xtec.cat\/ceip-santjordi-svhorts\/wp-json\/wp\/v2\/media\/3214"}],"wp:attachment":[{"href":"https:\/\/agora.xtec.cat\/ceip-santjordi-svhorts\/wp-json\/wp\/v2\/media?parent=3200"}],"wp:term":[{"taxonomy":"category","embeddable":true,"href":"https:\/\/agora.xtec.cat\/ceip-santjordi-svhorts\/wp-json\/wp\/v2\/categories?post=3200"},{"taxonomy":"post_tag","embeddable":true,"href":"https:\/\/agora.xtec.cat\/ceip-santjordi-svhorts\/wp-json\/wp\/v2\/tags?post=3200"}],"curies":[{"name":"wp","href":"https:\/\/api.w.org\/{rel}","templated":true}]}}