{"id":2474,"date":"2023-12-15T15:43:15","date_gmt":"2023-12-15T14:43:15","guid":{"rendered":"https:\/\/agora.xtec.cat\/ceip-santjordi-svhorts\/?p=2474"},"modified":"2023-12-15T16:03:04","modified_gmt":"2023-12-15T15:03:04","slug":"et-convido-a-llegir","status":"publish","type":"post","link":"https:\/\/agora.xtec.cat\/ceip-santjordi-svhorts\/portada\/et-convido-a-llegir\/","title":{"rendered":"ET CONVIDO A LLEGIR!!!"},"content":{"rendered":"<p><img loading=\"lazy\" decoding=\"async\" class=\"aligncenter wp-image-2475\" src=\"https:\/\/agora.xtec.cat\/ceip-santjordi-svhorts\/wp-content\/uploads\/usu129\/2023\/12\/Instagram-Post-Europe-Day-Blue-Stars.jpg\" alt=\"\" width=\"340\" height=\"340\" srcset=\"https:\/\/agora.xtec.cat\/ceip-santjordi-svhorts\/wp-content\/uploads\/usu129\/2023\/12\/Instagram-Post-Europe-Day-Blue-Stars.jpg 1080w, https:\/\/agora.xtec.cat\/ceip-santjordi-svhorts\/wp-content\/uploads\/usu129\/2023\/12\/Instagram-Post-Europe-Day-Blue-Stars-300x300.jpg 300w, https:\/\/agora.xtec.cat\/ceip-santjordi-svhorts\/wp-content\/uploads\/usu129\/2023\/12\/Instagram-Post-Europe-Day-Blue-Stars-1024x1024.jpg 1024w, https:\/\/agora.xtec.cat\/ceip-santjordi-svhorts\/wp-content\/uploads\/usu129\/2023\/12\/Instagram-Post-Europe-Day-Blue-Stars-150x150.jpg 150w, https:\/\/agora.xtec.cat\/ceip-santjordi-svhorts\/wp-content\/uploads\/usu129\/2023\/12\/Instagram-Post-Europe-Day-Blue-Stars-768x768.jpg 768w\" sizes=\"auto, (max-width: 340px) 100vw, 340px\" \/><\/p>\n<p>S&#8217;acosten les vacances de Nadal i \u00e9s un bon moment per poder dedicar llargues estones a la lectura. \u00c9s per aix\u00f2 que des de la biblioteca hem proposat una activitat per tot l&#8217;alumnat per tal de poder-nos recomanar llibres entre tots\/es. Aprofitant que estem en un programa Erasmus+ de biblioteques, hem proposat de realitzar un padlet per curs on cada alumne\/a recomani un llibre d&#8217;algun autor\/a que formi part d&#8217;un pa\u00eds de la Uni\u00f3 Europea. Per poder realitzar l&#8217;activitat, l&#8217;alumnat de 1r a 6\u00e8, haur\u00e0 d&#8217;entrar al classroom on hi trobar\u00e0 el padlet i un v\u00eddeo tutorial que explica com fer-lo ( hi veureu 2 videos que s\u00f3n el mateix, un per entrar-hi a trav\u00e9s de l&#8217;enlla\u00e7 i l&#8217;altre ja descarregat per si no funciona l&#8217;enlla\u00e7). L&#8217;alumnat d&#8217;infantil trobar\u00e0 aquesta tasca a trav\u00e9s del seu bloc. Demanem la col\u00b7laboraci\u00f3 de les fam\u00edlies, sobretot amb l&#8217;alumnat m\u00e9s petit.<\/p>\n<p>A la tornada, recollirem totes les propostes i muntarem un mapa d&#8217;Europa amb les recomanacions dels\/ de les nens i nenes de l&#8217;escola.<\/p>\n<p>Gr\u00e0cies per la vostra col\u00b7laboraci\u00f3!!!<\/p>\n<p>Us desitgem unes bones vacances i una bona lectura!!!<\/p>\n<p>La Comissi\u00f3 de biblioteca<\/p>\n","protected":false},"excerpt":{"rendered":"<p>S&#8217;acosten les vacances de Nadal i \u00e9s un bon moment per poder dedicar llargues estones a la lectura. \u00c9s per aix\u00f2 que des de la biblioteca hem proposat una activitat per tot l&#8217;alumnat per tal de poder-nos recomanar llibres entre tots\/es. Aprofitant que estem en&hellip;  <a href=\"https:\/\/agora.xtec.cat\/ceip-santjordi-svhorts\/portada\/et-convido-a-llegir\/\" title=\"Read ET CONVIDO A LLEGIR!!!\">Llegeix m\u00e9s\u00bb<\/a><\/p>\n","protected":false},"author":1,"featured_media":2475,"comment_status":"open","ping_status":"closed","sticky":false,"template":"","format":"standard","meta":{"_bbp_topic_count":0,"_bbp_reply_count":0,"_bbp_total_topic_count":0,"_bbp_total_reply_count":0,"_bbp_voice_count":0,"_bbp_anonymous_reply_count":0,"_bbp_topic_count_hidden":0,"_bbp_reply_count_hidden":0,"_bbp_forum_subforum_count":0,"footnotes":""},"categories":[63,4],"tags":[71,72],"class_list":["post-2474","post","type-post","status-publish","format-standard","has-post-thumbnail","hentry","category-biblioteca","category-portada","tag-bescat","tag-cete"],"post_mailing_queue_ids":[],"_links":{"self":[{"href":"https:\/\/agora.xtec.cat\/ceip-santjordi-svhorts\/wp-json\/wp\/v2\/posts\/2474","targetHints":{"allow":["GET"]}}],"collection":[{"href":"https:\/\/agora.xtec.cat\/ceip-santjordi-svhorts\/wp-json\/wp\/v2\/posts"}],"about":[{"href":"https:\/\/agora.xtec.cat\/ceip-santjordi-svhorts\/wp-json\/wp\/v2\/types\/post"}],"author":[{"embeddable":true,"href":"https:\/\/agora.xtec.cat\/ceip-santjordi-svhorts\/wp-json\/wp\/v2\/users\/1"}],"replies":[{"embeddable":true,"href":"https:\/\/agora.xtec.cat\/ceip-santjordi-svhorts\/wp-json\/wp\/v2\/comments?post=2474"}],"version-history":[{"count":1,"href":"https:\/\/agora.xtec.cat\/ceip-santjordi-svhorts\/wp-json\/wp\/v2\/posts\/2474\/revisions"}],"predecessor-version":[{"id":2476,"href":"https:\/\/agora.xtec.cat\/ceip-santjordi-svhorts\/wp-json\/wp\/v2\/posts\/2474\/revisions\/2476"}],"wp:featuredmedia":[{"embeddable":true,"href":"https:\/\/agora.xtec.cat\/ceip-santjordi-svhorts\/wp-json\/wp\/v2\/media\/2475"}],"wp:attachment":[{"href":"https:\/\/agora.xtec.cat\/ceip-santjordi-svhorts\/wp-json\/wp\/v2\/media?parent=2474"}],"wp:term":[{"taxonomy":"category","embeddable":true,"href":"https:\/\/agora.xtec.cat\/ceip-santjordi-svhorts\/wp-json\/wp\/v2\/categories?post=2474"},{"taxonomy":"post_tag","embeddable":true,"href":"https:\/\/agora.xtec.cat\/ceip-santjordi-svhorts\/wp-json\/wp\/v2\/tags?post=2474"}],"curies":[{"name":"wp","href":"https:\/\/api.w.org\/{rel}","templated":true}]}}