{"id":33395,"date":"2026-04-29T19:21:59","date_gmt":"2026-04-29T17:21:59","guid":{"rendered":"https:\/\/agora.xtec.cat\/ceip-santjordi-lleida\/?p=33395"},"modified":"2026-04-29T19:21:59","modified_gmt":"2026-04-29T17:21:59","slug":"cs-de-colonies-a-les-valls-daneu-dia-3","status":"publish","type":"post","link":"https:\/\/agora.xtec.cat\/ceip-santjordi-lleida\/general\/cs-de-colonies-a-les-valls-daneu-dia-3\/","title":{"rendered":"CS de col\u00f2nies a les Valls d&#8217;\u00c0neu &#8211; Dia 3"},"content":{"rendered":"<p>Aquest mat\u00ed ens hem aixecat amb una mica de mandra ja que el cansament es comen\u00e7a a notar. Hem preparat les maletes i despr\u00e9s d&#8217;esmorzar hem marxar amb autocar cap a l&#8217;avetosa del Gerdar de Sorpe. All\u00e0 hem apr\u00e8s un munt de coses sobre els avets, com identificar els anys que tenen els arbres, com executen les funcions de relaci\u00f3, nutrici\u00f3 i reproducci\u00f3, etc. Tamb\u00e9 hem vist una c\u00e0mera de fototrampeig situada estrat\u00e8gicament per enregistrar el moviment dels ossos de la vall i les trampes que els col\u00b7loquen per agafar-los mostres de p\u00e8l. Una vegada m\u00e9s, ha estat un dia ple de molts aprenentatges. A la tornada a l&#8217;hotel, hem dinat i ha arribat l&#8217;hora d&#8217;acomiadar-nos de la gent i els paisatges de l&#8217;Alt \u00c0neu. Marxem de la vall amb la motxilla plena de bones viv\u00e8ncies, moments compartits i un munt de records. A reveure!!<\/p>\n<p><a href=\"https:\/\/drive.google.com\/drive\/folders\/1BrCtGoqgbxYoThzCw7_2AV5yn8W9Zk9c?usp=drive_link\"><img loading=\"lazy\" decoding=\"async\" class=\"aligncenter size-large wp-image-33396\" src=\"https:\/\/agora.xtec.cat\/ceip-santjordi-lleida\/wp-content\/uploads\/usu1393\/2026\/04\/Avetosa_dia3-1024x473.jpg\" alt=\"\" width=\"1024\" height=\"473\" srcset=\"https:\/\/agora.xtec.cat\/ceip-santjordi-lleida\/wp-content\/uploads\/usu1393\/2026\/04\/Avetosa_dia3-1024x473.jpg 1024w, https:\/\/agora.xtec.cat\/ceip-santjordi-lleida\/wp-content\/uploads\/usu1393\/2026\/04\/Avetosa_dia3-300x138.jpg 300w, https:\/\/agora.xtec.cat\/ceip-santjordi-lleida\/wp-content\/uploads\/usu1393\/2026\/04\/Avetosa_dia3-768x354.jpg 768w, https:\/\/agora.xtec.cat\/ceip-santjordi-lleida\/wp-content\/uploads\/usu1393\/2026\/04\/Avetosa_dia3-1536x709.jpg 1536w, https:\/\/agora.xtec.cat\/ceip-santjordi-lleida\/wp-content\/uploads\/usu1393\/2026\/04\/Avetosa_dia3-2048x945.jpg 2048w\" sizes=\"auto, (max-width: 1024px) 100vw, 1024px\" \/><\/a><\/p>\n<p>&nbsp;<\/p>\n","protected":false},"excerpt":{"rendered":"<p>Aquest mat\u00ed ens hem aixecat amb una mica de mandra ja que el cansament es comen\u00e7a a notar. Hem preparat les maletes i despr\u00e9s d&#8217;esmorzar hem marxar amb autocar cap a l&#8217;avetosa del Gerdar de Sorpe. All\u00e0 hem apr\u00e8s un munt de coses sobre els&hellip;  <a href=\"https:\/\/agora.xtec.cat\/ceip-santjordi-lleida\/general\/cs-de-colonies-a-les-valls-daneu-dia-3\/\" title=\"Read CS de col\u00f2nies a les Valls d&#8217;\u00c0neu &#8211; Dia 3\">Llegeix m\u00e9s\u00bb<\/a><\/p>\n","protected":false},"author":1,"featured_media":33396,"comment_status":"open","ping_status":"open","sticky":false,"template":"","format":"standard","meta":{"_bbp_topic_count":0,"_bbp_reply_count":0,"_bbp_total_topic_count":0,"_bbp_total_reply_count":0,"_bbp_voice_count":0,"_bbp_anonymous_reply_count":0,"_bbp_topic_count_hidden":0,"_bbp_reply_count_hidden":0,"_bbp_forum_subforum_count":0,"footnotes":""},"categories":[14,15,1,73,4],"tags":[],"class_list":["post-33395","post","type-post","status-publish","format-standard","has-post-thumbnail","hentry","category-5e","category-6e","category-general","category-novetats","category-portada"],"post_mailing_queue_ids":[],"_links":{"self":[{"href":"https:\/\/agora.xtec.cat\/ceip-santjordi-lleida\/wp-json\/wp\/v2\/posts\/33395","targetHints":{"allow":["GET"]}}],"collection":[{"href":"https:\/\/agora.xtec.cat\/ceip-santjordi-lleida\/wp-json\/wp\/v2\/posts"}],"about":[{"href":"https:\/\/agora.xtec.cat\/ceip-santjordi-lleida\/wp-json\/wp\/v2\/types\/post"}],"author":[{"embeddable":true,"href":"https:\/\/agora.xtec.cat\/ceip-santjordi-lleida\/wp-json\/wp\/v2\/users\/1"}],"replies":[{"embeddable":true,"href":"https:\/\/agora.xtec.cat\/ceip-santjordi-lleida\/wp-json\/wp\/v2\/comments?post=33395"}],"version-history":[{"count":1,"href":"https:\/\/agora.xtec.cat\/ceip-santjordi-lleida\/wp-json\/wp\/v2\/posts\/33395\/revisions"}],"predecessor-version":[{"id":33397,"href":"https:\/\/agora.xtec.cat\/ceip-santjordi-lleida\/wp-json\/wp\/v2\/posts\/33395\/revisions\/33397"}],"wp:featuredmedia":[{"embeddable":true,"href":"https:\/\/agora.xtec.cat\/ceip-santjordi-lleida\/wp-json\/wp\/v2\/media\/33396"}],"wp:attachment":[{"href":"https:\/\/agora.xtec.cat\/ceip-santjordi-lleida\/wp-json\/wp\/v2\/media?parent=33395"}],"wp:term":[{"taxonomy":"category","embeddable":true,"href":"https:\/\/agora.xtec.cat\/ceip-santjordi-lleida\/wp-json\/wp\/v2\/categories?post=33395"},{"taxonomy":"post_tag","embeddable":true,"href":"https:\/\/agora.xtec.cat\/ceip-santjordi-lleida\/wp-json\/wp\/v2\/tags?post=33395"}],"curies":[{"name":"wp","href":"https:\/\/api.w.org\/{rel}","templated":true}]}}