{"id":33391,"date":"2026-04-28T23:30:32","date_gmt":"2026-04-28T21:30:32","guid":{"rendered":"https:\/\/agora.xtec.cat\/ceip-santjordi-lleida\/?p=33391"},"modified":"2026-04-28T23:32:36","modified_gmt":"2026-04-28T21:32:36","slug":"cs-de-colonies-a-les-valls-daneu-dia-2","status":"publish","type":"post","link":"https:\/\/agora.xtec.cat\/ceip-santjordi-lleida\/general\/cs-de-colonies-a-les-valls-daneu-dia-2\/","title":{"rendered":"CS de col\u00f2nies a les Valls d&#8217;\u00c0neu &#8211; Dia 2"},"content":{"rendered":"<p>El segon dia de col\u00f2nies a les Valls d&#8217;\u00c0neu ha estat inoblidable. Despr\u00e9s d&#8217;un esmorzar ens han recollit els tot terrenys del Parc Nacional d&#8217;Aig\u00fces Tortes i Estany de Sant Maurici. Tot just arribar i veure el paisatge que ens envoltava, ens hem quedat &#8220;encantats&#8221;!!! Quina meravella!! Aix\u00f2 nom\u00e9s acabava de comen\u00e7ar&#8230; Durant el cam\u00ed cap a l&#8217;estany de Ratera hem observat rastres de diferents animals que habiten al parc aix\u00ed com part de la seva flora. La pujada ha estat dura per\u00f2 a l&#8217;arribar hem tingut una gran recompensa: la neu ens estava esperant! I com l&#8217;hem gaudit! A la tarda despr\u00e9s de berenar i agafar energies, ens hem preparat per la festa de nit, una vetllada plena de rialles, emocions, m\u00fasica i molt bon rotllo! Dem\u00e0 m\u00e9s i que no s&#8217;acabi&#8230;<\/p>\n<p>Us deixem un recull de les imatges del dia.<\/p>\n<p style=\"text-align: center;\"><a href=\"https:\/\/drive.google.com\/drive\/folders\/1fR_aRW0oH_9TCZQ7KGdPFql0KTQVC0HG?usp=drive_link\"><img loading=\"lazy\" decoding=\"async\" class=\"aligncenter size-large wp-image-33392\" src=\"https:\/\/agora.xtec.cat\/ceip-santjordi-lleida\/wp-content\/uploads\/usu1393\/2026\/04\/IMG-20260428-WA0022-1024x768.jpg\" alt=\"\" width=\"1024\" height=\"768\" srcset=\"https:\/\/agora.xtec.cat\/ceip-santjordi-lleida\/wp-content\/uploads\/usu1393\/2026\/04\/IMG-20260428-WA0022-1024x768.jpg 1024w, https:\/\/agora.xtec.cat\/ceip-santjordi-lleida\/wp-content\/uploads\/usu1393\/2026\/04\/IMG-20260428-WA0022-300x225.jpg 300w, https:\/\/agora.xtec.cat\/ceip-santjordi-lleida\/wp-content\/uploads\/usu1393\/2026\/04\/IMG-20260428-WA0022-768x576.jpg 768w, https:\/\/agora.xtec.cat\/ceip-santjordi-lleida\/wp-content\/uploads\/usu1393\/2026\/04\/IMG-20260428-WA0022-1536x1152.jpg 1536w, https:\/\/agora.xtec.cat\/ceip-santjordi-lleida\/wp-content\/uploads\/usu1393\/2026\/04\/IMG-20260428-WA0022-200x150.jpg 200w, https:\/\/agora.xtec.cat\/ceip-santjordi-lleida\/wp-content\/uploads\/usu1393\/2026\/04\/IMG-20260428-WA0022.jpg 1600w\" sizes=\"auto, (max-width: 1024px) 100vw, 1024px\" \/><\/a><\/p>\n","protected":false},"excerpt":{"rendered":"<p>El segon dia de col\u00f2nies a les Valls d&#8217;\u00c0neu ha estat inoblidable. Despr\u00e9s d&#8217;un esmorzar ens han recollit els tot terrenys del Parc Nacional d&#8217;Aig\u00fces Tortes i Estany de Sant Maurici. Tot just arribar i veure el paisatge que ens envoltava, ens hem quedat &#8220;encantats&#8221;!!!&hellip;  <a href=\"https:\/\/agora.xtec.cat\/ceip-santjordi-lleida\/general\/cs-de-colonies-a-les-valls-daneu-dia-2\/\" title=\"Read CS de col\u00f2nies a les Valls d&#8217;\u00c0neu &#8211; Dia 2\">Llegeix m\u00e9s\u00bb<\/a><\/p>\n","protected":false},"author":1,"featured_media":33392,"comment_status":"open","ping_status":"open","sticky":false,"template":"","format":"standard","meta":{"_bbp_topic_count":0,"_bbp_reply_count":0,"_bbp_total_topic_count":0,"_bbp_total_reply_count":0,"_bbp_voice_count":0,"_bbp_anonymous_reply_count":0,"_bbp_topic_count_hidden":0,"_bbp_reply_count_hidden":0,"_bbp_forum_subforum_count":0,"footnotes":""},"categories":[14,15,1,73,4],"tags":[],"class_list":["post-33391","post","type-post","status-publish","format-standard","has-post-thumbnail","hentry","category-5e","category-6e","category-general","category-novetats","category-portada"],"post_mailing_queue_ids":[],"_links":{"self":[{"href":"https:\/\/agora.xtec.cat\/ceip-santjordi-lleida\/wp-json\/wp\/v2\/posts\/33391","targetHints":{"allow":["GET"]}}],"collection":[{"href":"https:\/\/agora.xtec.cat\/ceip-santjordi-lleida\/wp-json\/wp\/v2\/posts"}],"about":[{"href":"https:\/\/agora.xtec.cat\/ceip-santjordi-lleida\/wp-json\/wp\/v2\/types\/post"}],"author":[{"embeddable":true,"href":"https:\/\/agora.xtec.cat\/ceip-santjordi-lleida\/wp-json\/wp\/v2\/users\/1"}],"replies":[{"embeddable":true,"href":"https:\/\/agora.xtec.cat\/ceip-santjordi-lleida\/wp-json\/wp\/v2\/comments?post=33391"}],"version-history":[{"count":2,"href":"https:\/\/agora.xtec.cat\/ceip-santjordi-lleida\/wp-json\/wp\/v2\/posts\/33391\/revisions"}],"predecessor-version":[{"id":33394,"href":"https:\/\/agora.xtec.cat\/ceip-santjordi-lleida\/wp-json\/wp\/v2\/posts\/33391\/revisions\/33394"}],"wp:featuredmedia":[{"embeddable":true,"href":"https:\/\/agora.xtec.cat\/ceip-santjordi-lleida\/wp-json\/wp\/v2\/media\/33392"}],"wp:attachment":[{"href":"https:\/\/agora.xtec.cat\/ceip-santjordi-lleida\/wp-json\/wp\/v2\/media?parent=33391"}],"wp:term":[{"taxonomy":"category","embeddable":true,"href":"https:\/\/agora.xtec.cat\/ceip-santjordi-lleida\/wp-json\/wp\/v2\/categories?post=33391"},{"taxonomy":"post_tag","embeddable":true,"href":"https:\/\/agora.xtec.cat\/ceip-santjordi-lleida\/wp-json\/wp\/v2\/tags?post=33391"}],"curies":[{"name":"wp","href":"https:\/\/api.w.org\/{rel}","templated":true}]}}