{"id":33388,"date":"2026-04-28T14:49:04","date_gmt":"2026-04-28T12:49:04","guid":{"rendered":"https:\/\/agora.xtec.cat\/ceip-santjordi-lleida\/?p=33388"},"modified":"2026-04-28T14:49:04","modified_gmt":"2026-04-28T12:49:04","slug":"cantata-la-nit-del-set","status":"publish","type":"post","link":"https:\/\/agora.xtec.cat\/ceip-santjordi-lleida\/portada\/cantata-la-nit-del-set\/","title":{"rendered":"CANTATA: La nit del Set"},"content":{"rendered":"<p>El passat divendres 17 d\u2019abril, els nens i nenes de sis\u00e8 ens en vam anar a l\u2019Auditori a interpretar una cantata de Ramon Andreu titulada: La nit del set.<\/p>\n<p>Aquesta interpretaci\u00f3 que vam fer conjuntament amb altres escoles de Lleida, \u00e9s possible gr\u00e0cies a un projecte que conservatori i auditori realitzen plegats.<\/p>\n<p>Abans d\u2019anar-hi per\u00f2, v\u00e0rem repassar les 8 can\u00e7ons que confegeixen aquesta cantata. Us les deixem perqu\u00e8 pugueu gaudir del cor dels nens i nenes de sis\u00e8 de la nostra escola, al solitari.<\/p>\n<p><iframe loading=\"lazy\" title=\"La nit del set\" width=\"500\" height=\"281\" src=\"https:\/\/www.youtube.com\/embed\/8kEXxAbfvNM?feature=oembed\" frameborder=\"0\" allow=\"accelerometer; autoplay; clipboard-write; encrypted-media; gyroscope; picture-in-picture; web-share\" referrerpolicy=\"strict-origin-when-cross-origin\" allowfullscreen><\/iframe><\/p>\n","protected":false},"excerpt":{"rendered":"<p>El passat divendres 17 d\u2019abril, els nens i nenes de sis\u00e8 ens en vam anar a l\u2019Auditori a interpretar una cantata de Ramon Andreu titulada: La nit del set.<br \/>\nAquesta interpretaci\u00f3 que vam fer conjuntament amb altres escoles de Lleida, \u00e9s possible gr\u00e0cies a un projecte&hellip;  <a href=\"https:\/\/agora.xtec.cat\/ceip-santjordi-lleida\/portada\/cantata-la-nit-del-set\/\" title=\"Read CANTATA: La nit del Set\">Llegeix m\u00e9s\u00bb<\/a><\/p>\n","protected":false},"author":5,"featured_media":33389,"comment_status":"open","ping_status":"open","sticky":false,"template":"","format":"standard","meta":{"_bbp_topic_count":0,"_bbp_reply_count":0,"_bbp_total_topic_count":0,"_bbp_total_reply_count":0,"_bbp_voice_count":0,"_bbp_anonymous_reply_count":0,"_bbp_topic_count_hidden":0,"_bbp_reply_count_hidden":0,"_bbp_forum_subforum_count":0,"footnotes":""},"categories":[15,320,4,5],"tags":[348],"class_list":["post-33388","post","type-post","status-publish","format-standard","has-post-thumbnail","hentry","category-6e","category-musica","category-portada","category-primaria","tag-canco"],"post_mailing_queue_ids":[],"_links":{"self":[{"href":"https:\/\/agora.xtec.cat\/ceip-santjordi-lleida\/wp-json\/wp\/v2\/posts\/33388","targetHints":{"allow":["GET"]}}],"collection":[{"href":"https:\/\/agora.xtec.cat\/ceip-santjordi-lleida\/wp-json\/wp\/v2\/posts"}],"about":[{"href":"https:\/\/agora.xtec.cat\/ceip-santjordi-lleida\/wp-json\/wp\/v2\/types\/post"}],"author":[{"embeddable":true,"href":"https:\/\/agora.xtec.cat\/ceip-santjordi-lleida\/wp-json\/wp\/v2\/users\/5"}],"replies":[{"embeddable":true,"href":"https:\/\/agora.xtec.cat\/ceip-santjordi-lleida\/wp-json\/wp\/v2\/comments?post=33388"}],"version-history":[{"count":1,"href":"https:\/\/agora.xtec.cat\/ceip-santjordi-lleida\/wp-json\/wp\/v2\/posts\/33388\/revisions"}],"predecessor-version":[{"id":33390,"href":"https:\/\/agora.xtec.cat\/ceip-santjordi-lleida\/wp-json\/wp\/v2\/posts\/33388\/revisions\/33390"}],"wp:featuredmedia":[{"embeddable":true,"href":"https:\/\/agora.xtec.cat\/ceip-santjordi-lleida\/wp-json\/wp\/v2\/media\/33389"}],"wp:attachment":[{"href":"https:\/\/agora.xtec.cat\/ceip-santjordi-lleida\/wp-json\/wp\/v2\/media?parent=33388"}],"wp:term":[{"taxonomy":"category","embeddable":true,"href":"https:\/\/agora.xtec.cat\/ceip-santjordi-lleida\/wp-json\/wp\/v2\/categories?post=33388"},{"taxonomy":"post_tag","embeddable":true,"href":"https:\/\/agora.xtec.cat\/ceip-santjordi-lleida\/wp-json\/wp\/v2\/tags?post=33388"}],"curies":[{"name":"wp","href":"https:\/\/api.w.org\/{rel}","templated":true}]}}