{"id":33385,"date":"2026-04-28T14:02:25","date_gmt":"2026-04-28T12:02:25","guid":{"rendered":"https:\/\/agora.xtec.cat\/ceip-santjordi-lleida\/?p=33385"},"modified":"2026-04-28T14:02:25","modified_gmt":"2026-04-28T12:02:25","slug":"dansa-la-jota-de-mora","status":"publish","type":"post","link":"https:\/\/agora.xtec.cat\/ceip-santjordi-lleida\/portada\/dansa-la-jota-de-mora\/","title":{"rendered":"DANSA: La Jota de M\u00f3ra"},"content":{"rendered":"<p>Enguany gaudim de la pres\u00e8ncia d&#8217;una aprenent de m\u00fasica de les Terres de l&#8217;Ebre, concretament de M\u00f3ra. En moltes de les poblacions del Delta hi ha la tradici\u00f3 de ballar jotes, un dansa molt arrelada que es caracteritza per ballar amb ritme ternari i fer uns punts determinats.<\/p>\n<p>La Laura ens ha ensenyat com es balla la Jota de M\u00f3ra i nosaltres, fent un treball en equip, hem creat una nova variant coreogr\u00e0fica.<\/p>\n<p>Gr\u00e0cies per aquest oportunitat Laura.<\/p>\n<p><iframe loading=\"lazy\" title=\"Jota de Mora 6\u00e8\" width=\"500\" height=\"281\" src=\"https:\/\/www.youtube.com\/embed\/yOm3pMCQ300?feature=oembed\" frameborder=\"0\" allow=\"accelerometer; autoplay; clipboard-write; encrypted-media; gyroscope; picture-in-picture; web-share\" referrerpolicy=\"strict-origin-when-cross-origin\" allowfullscreen><\/iframe><\/p>\n<p>&nbsp;<\/p>\n","protected":false},"excerpt":{"rendered":"<p>Enguany gaudim de la pres\u00e8ncia d&#8217;una aprenent de m\u00fasica de les Terres de l&#8217;Ebre, concretament de M\u00f3ra. En moltes de les poblacions del Delta hi ha la tradici\u00f3 de ballar jotes, un dansa molt arrelada que es caracteritza per ballar amb ritme ternari i fer&hellip;  <a href=\"https:\/\/agora.xtec.cat\/ceip-santjordi-lleida\/portada\/dansa-la-jota-de-mora\/\" title=\"Read DANSA: La Jota de M\u00f3ra\">Llegeix m\u00e9s\u00bb<\/a><\/p>\n","protected":false},"author":5,"featured_media":33386,"comment_status":"open","ping_status":"open","sticky":false,"template":"","format":"standard","meta":{"_bbp_topic_count":0,"_bbp_reply_count":0,"_bbp_total_topic_count":0,"_bbp_total_reply_count":0,"_bbp_voice_count":0,"_bbp_anonymous_reply_count":0,"_bbp_topic_count_hidden":0,"_bbp_reply_count_hidden":0,"_bbp_forum_subforum_count":0,"footnotes":""},"categories":[15,320,4,5],"tags":[359],"class_list":["post-33385","post","type-post","status-publish","format-standard","has-post-thumbnail","hentry","category-6e","category-musica","category-portada","category-primaria","tag-dansa"],"post_mailing_queue_ids":[],"_links":{"self":[{"href":"https:\/\/agora.xtec.cat\/ceip-santjordi-lleida\/wp-json\/wp\/v2\/posts\/33385","targetHints":{"allow":["GET"]}}],"collection":[{"href":"https:\/\/agora.xtec.cat\/ceip-santjordi-lleida\/wp-json\/wp\/v2\/posts"}],"about":[{"href":"https:\/\/agora.xtec.cat\/ceip-santjordi-lleida\/wp-json\/wp\/v2\/types\/post"}],"author":[{"embeddable":true,"href":"https:\/\/agora.xtec.cat\/ceip-santjordi-lleida\/wp-json\/wp\/v2\/users\/5"}],"replies":[{"embeddable":true,"href":"https:\/\/agora.xtec.cat\/ceip-santjordi-lleida\/wp-json\/wp\/v2\/comments?post=33385"}],"version-history":[{"count":1,"href":"https:\/\/agora.xtec.cat\/ceip-santjordi-lleida\/wp-json\/wp\/v2\/posts\/33385\/revisions"}],"predecessor-version":[{"id":33387,"href":"https:\/\/agora.xtec.cat\/ceip-santjordi-lleida\/wp-json\/wp\/v2\/posts\/33385\/revisions\/33387"}],"wp:featuredmedia":[{"embeddable":true,"href":"https:\/\/agora.xtec.cat\/ceip-santjordi-lleida\/wp-json\/wp\/v2\/media\/33386"}],"wp:attachment":[{"href":"https:\/\/agora.xtec.cat\/ceip-santjordi-lleida\/wp-json\/wp\/v2\/media?parent=33385"}],"wp:term":[{"taxonomy":"category","embeddable":true,"href":"https:\/\/agora.xtec.cat\/ceip-santjordi-lleida\/wp-json\/wp\/v2\/categories?post=33385"},{"taxonomy":"post_tag","embeddable":true,"href":"https:\/\/agora.xtec.cat\/ceip-santjordi-lleida\/wp-json\/wp\/v2\/tags?post=33385"}],"curies":[{"name":"wp","href":"https:\/\/api.w.org\/{rel}","templated":true}]}}