{"id":33381,"date":"2026-04-28T13:54:54","date_gmt":"2026-04-28T11:54:54","guid":{"rendered":"https:\/\/agora.xtec.cat\/ceip-santjordi-lleida\/?p=33381"},"modified":"2026-04-28T13:57:01","modified_gmt":"2026-04-28T11:57:01","slug":"iv-trobada-de-dansa-de-ponent","status":"publish","type":"post","link":"https:\/\/agora.xtec.cat\/ceip-santjordi-lleida\/portada\/iv-trobada-de-dansa-de-ponent\/","title":{"rendered":"IV TROBADA DE DANSA DE PONENT"},"content":{"rendered":"<p>Un any m\u00e9s, els nens i nenes de 2n hem anat a la capital de la Noguera a gaudir d&#8217;una jornada plena de dansa. Ahir, 27 d&#8217;abril, va ser el dia escollit per celebrar aquesta trobada, trobada que realitzem per commemorar el dia internacional de la dansa, que ser\u00e0 dem\u00e0 29 d&#8217;abril.<\/p>\n<p>Durant el mat\u00ed vam fer taller de dansa urbana. Ens vam distribuir per tres espais de la ciutat i tres experts en dansa (membres de les diferents escoles de dansa de la ciutat), ens van regalar un taller per grup.<\/p>\n<p>Despr\u00e9s d&#8217;aquests tallers vam fer la mostra de dansa que hav\u00edem preparat les diferents escoles participants. Aquesta exhibici\u00f3 va ser a la pla\u00e7a Mercadal, mostra que va finalitzar amb el ball de La Galop, una dansa de Balaguer recuperada fa uns pocs anys pel core\u00f2graf balaguer\u00ed, Albert Bonet.<\/p>\n<p>A l&#8217;acabar el mat\u00ed ple de dansa i moviment, vam anar a dinar a la pla\u00e7a del Morter, al costat del riu, i a la tarda vam visitar el casc antic de Balaguer i la seva muralla.<\/p>\n<p>Per despla\u00e7ar-nos a la ciutat de la Noguera vam utilitzar el tren, un mitj\u00e0 de transport net, segur, r\u00e0pid i al qual, molts de nosaltres, no hi hav\u00edem pujat mai.<\/p>\n<p>Bona diada de la dansa.<\/p>\n<p><em>Clica sobre la imatge per veure&#8217;n m\u00e9s.<\/em><\/p>\n<p><a href=\"https:\/\/drive.google.com\/drive\/folders\/12BvBJf4MgLabmtBSk5HesRT9WmGO2SBl?usp=sharing\" target=\"_blank\" rel=\"noopener\"><img loading=\"lazy\" decoding=\"async\" class=\"alignnone wp-image-33382 \" src=\"https:\/\/agora.xtec.cat\/ceip-santjordi-lleida\/wp-content\/uploads\/usu1393\/2026\/04\/Captura-2026-04-28-a-les-13.26.05-747x1024.png\" alt=\"\" width=\"265\" height=\"364\" srcset=\"https:\/\/agora.xtec.cat\/ceip-santjordi-lleida\/wp-content\/uploads\/usu1393\/2026\/04\/Captura-2026-04-28-a-les-13.26.05-747x1024.png 747w, https:\/\/agora.xtec.cat\/ceip-santjordi-lleida\/wp-content\/uploads\/usu1393\/2026\/04\/Captura-2026-04-28-a-les-13.26.05-219x300.png 219w, https:\/\/agora.xtec.cat\/ceip-santjordi-lleida\/wp-content\/uploads\/usu1393\/2026\/04\/Captura-2026-04-28-a-les-13.26.05-768x1053.png 768w, https:\/\/agora.xtec.cat\/ceip-santjordi-lleida\/wp-content\/uploads\/usu1393\/2026\/04\/Captura-2026-04-28-a-les-13.26.05.png 828w\" sizes=\"auto, (max-width: 265px) 100vw, 265px\" \/><\/a><\/p>\n<p>Properament penjarem el muntatge en format v\u00eddeo de la jornada, ara de moment pengem algun v\u00eddeo d&#8217;assajos fets a l&#8217;aula.<\/p>\n<p><iframe loading=\"lazy\" title=\"La galop de Balaguer grup B\" width=\"500\" height=\"281\" src=\"https:\/\/www.youtube.com\/embed\/r0XCG__DSV4?feature=oembed\" frameborder=\"0\" allow=\"accelerometer; autoplay; clipboard-write; encrypted-media; gyroscope; picture-in-picture; web-share\" referrerpolicy=\"strict-origin-when-cross-origin\" allowfullscreen><\/iframe><\/p>\n<p><iframe loading=\"lazy\" title=\"La Galop de Balaguer\" width=\"500\" height=\"281\" src=\"https:\/\/www.youtube.com\/embed\/p_kyUJhvfVM?feature=oembed\" frameborder=\"0\" allow=\"accelerometer; autoplay; clipboard-write; encrypted-media; gyroscope; picture-in-picture; web-share\" referrerpolicy=\"strict-origin-when-cross-origin\" allowfullscreen><\/iframe><\/p>\n<p><iframe loading=\"lazy\" title=\"Babillage  CI-A\" width=\"500\" height=\"281\" src=\"https:\/\/www.youtube.com\/embed\/YVfZljYZS6s?feature=oembed\" frameborder=\"0\" allow=\"accelerometer; autoplay; clipboard-write; encrypted-media; gyroscope; picture-in-picture; web-share\" referrerpolicy=\"strict-origin-when-cross-origin\" allowfullscreen><\/iframe><\/p>\n<p>Fragments de les propostes de moviment que vam aprofitar per a la presentaci\u00f3 de la revista.<\/p>\n<p><iframe loading=\"lazy\" title=\"Un trosset de revista CI B\" width=\"500\" height=\"281\" src=\"https:\/\/www.youtube.com\/embed\/FGgKwaJ9iOQ?feature=oembed\" frameborder=\"0\" allow=\"accelerometer; autoplay; clipboard-write; encrypted-media; gyroscope; picture-in-picture; web-share\" referrerpolicy=\"strict-origin-when-cross-origin\" allowfullscreen><\/iframe><\/p>\n<p><iframe loading=\"lazy\" title=\"Un trosset de la presentaci\u00f3 de la revista\" width=\"500\" height=\"281\" src=\"https:\/\/www.youtube.com\/embed\/GQ6xK8uE2SY?feature=oembed\" frameborder=\"0\" allow=\"accelerometer; autoplay; clipboard-write; encrypted-media; gyroscope; picture-in-picture; web-share\" referrerpolicy=\"strict-origin-when-cross-origin\" allowfullscreen><\/iframe><\/p>\n","protected":false},"excerpt":{"rendered":"<p>Un any m\u00e9s, els nens i nenes de 2n hem anat a la capital de la Noguera a gaudir d&#8217;una jornada plena de dansa. Ahir, 27 d&#8217;abril, va ser el dia escollit per celebrar aquesta trobada, trobada que realitzem per commemorar el dia internacional de&hellip;  <a href=\"https:\/\/agora.xtec.cat\/ceip-santjordi-lleida\/portada\/iv-trobada-de-dansa-de-ponent\/\" title=\"Read IV TROBADA DE DANSA DE PONENT\">Llegeix m\u00e9s\u00bb<\/a><\/p>\n","protected":false},"author":5,"featured_media":33382,"comment_status":"open","ping_status":"open","sticky":false,"template":"","format":"standard","meta":{"_bbp_topic_count":0,"_bbp_reply_count":0,"_bbp_total_topic_count":0,"_bbp_total_reply_count":0,"_bbp_voice_count":0,"_bbp_anonymous_reply_count":0,"_bbp_topic_count_hidden":0,"_bbp_reply_count_hidden":0,"_bbp_forum_subforum_count":0,"footnotes":""},"categories":[11,320,4,5],"tags":[359],"class_list":["post-33381","post","type-post","status-publish","format-standard","has-post-thumbnail","hentry","category-2n","category-musica","category-portada","category-primaria","tag-dansa"],"post_mailing_queue_ids":[],"_links":{"self":[{"href":"https:\/\/agora.xtec.cat\/ceip-santjordi-lleida\/wp-json\/wp\/v2\/posts\/33381","targetHints":{"allow":["GET"]}}],"collection":[{"href":"https:\/\/agora.xtec.cat\/ceip-santjordi-lleida\/wp-json\/wp\/v2\/posts"}],"about":[{"href":"https:\/\/agora.xtec.cat\/ceip-santjordi-lleida\/wp-json\/wp\/v2\/types\/post"}],"author":[{"embeddable":true,"href":"https:\/\/agora.xtec.cat\/ceip-santjordi-lleida\/wp-json\/wp\/v2\/users\/5"}],"replies":[{"embeddable":true,"href":"https:\/\/agora.xtec.cat\/ceip-santjordi-lleida\/wp-json\/wp\/v2\/comments?post=33381"}],"version-history":[{"count":2,"href":"https:\/\/agora.xtec.cat\/ceip-santjordi-lleida\/wp-json\/wp\/v2\/posts\/33381\/revisions"}],"predecessor-version":[{"id":33384,"href":"https:\/\/agora.xtec.cat\/ceip-santjordi-lleida\/wp-json\/wp\/v2\/posts\/33381\/revisions\/33384"}],"wp:featuredmedia":[{"embeddable":true,"href":"https:\/\/agora.xtec.cat\/ceip-santjordi-lleida\/wp-json\/wp\/v2\/media\/33382"}],"wp:attachment":[{"href":"https:\/\/agora.xtec.cat\/ceip-santjordi-lleida\/wp-json\/wp\/v2\/media?parent=33381"}],"wp:term":[{"taxonomy":"category","embeddable":true,"href":"https:\/\/agora.xtec.cat\/ceip-santjordi-lleida\/wp-json\/wp\/v2\/categories?post=33381"},{"taxonomy":"post_tag","embeddable":true,"href":"https:\/\/agora.xtec.cat\/ceip-santjordi-lleida\/wp-json\/wp\/v2\/tags?post=33381"}],"curies":[{"name":"wp","href":"https:\/\/api.w.org\/{rel}","templated":true}]}}