{"id":33377,"date":"2026-04-28T12:27:14","date_gmt":"2026-04-28T10:27:14","guid":{"rendered":"https:\/\/agora.xtec.cat\/ceip-santjordi-lleida\/?p=33377"},"modified":"2026-04-28T12:27:14","modified_gmt":"2026-04-28T10:27:14","slug":"colonies-manreana-educacio-infantil-segon-dia","status":"publish","type":"post","link":"https:\/\/agora.xtec.cat\/ceip-santjordi-lleida\/general\/colonies-manreana-educacio-infantil-segon-dia\/","title":{"rendered":"COL\u00d2NIES MANREANA EDUCACI\u00d3 INFANTIL (SEGON DIA)"},"content":{"rendered":"<p>Avui ens hem despertat ben d&#8217;hora. La nit ha anat molt b\u00e9 i hem pogut descansar i carregar piles. Despr\u00e9s de vestir-nos i fer la maleta hem anat a esmorzar. A les 10h ja ens esperaven els monitors S\u00f2nia, Xavi i Max per completar els tallers que ens faltaven, inclosa la visita al &#8220;vimferri&#8221; (centre de natura i fauna de la Manreana).\u00a0 En acabar, una estona de joc lliure abans de tornar al menjador per dinar. Tan sols ens quedar\u00e0 acomiadar-nos de l&#8217;entorn on hem viscut aquestes fant\u00e0stiques col\u00f2nies per retrobar-nos amb les fam\u00edlies a l&#8217;escola!<\/p>\n<p>Us deixem novament imatges de record.<\/p>\n<p><a href=\"https:\/\/drive.google.com\/drive\/folders\/19I3gTFHvFqJR5JbFnrvXmrcCfPG_GmVi?usp=sharing\"><img loading=\"lazy\" decoding=\"async\" class=\"aligncenter size-medium wp-image-33378\" src=\"https:\/\/agora.xtec.cat\/ceip-santjordi-lleida\/wp-content\/uploads\/usu1393\/2026\/04\/manreana-2-300x169.jpg\" alt=\"\" width=\"300\" height=\"169\" \/><\/a><\/p>\n<p>&nbsp;<\/p>\n<p>&nbsp;<\/p>\n","protected":false},"excerpt":{"rendered":"<p>Avui ens hem despertat ben d&#8217;hora. La nit ha anat molt b\u00e9 i hem pogut descansar i carregar piles. Despr\u00e9s de vestir-nos i fer la maleta hem anat a esmorzar. A les 10h ja ens esperaven els monitors S\u00f2nia, Xavi i Max per completar els&hellip;  <a href=\"https:\/\/agora.xtec.cat\/ceip-santjordi-lleida\/general\/colonies-manreana-educacio-infantil-segon-dia\/\" title=\"Read COL\u00d2NIES MANREANA EDUCACI\u00d3 INFANTIL (SEGON DIA)\">Llegeix m\u00e9s\u00bb<\/a><\/p>\n","protected":false},"author":10,"featured_media":33378,"comment_status":"open","ping_status":"open","sticky":false,"template":"","format":"standard","meta":{"_bbp_topic_count":0,"_bbp_reply_count":0,"_bbp_total_topic_count":0,"_bbp_total_reply_count":0,"_bbp_voice_count":0,"_bbp_anonymous_reply_count":0,"_bbp_topic_count_hidden":0,"_bbp_reply_count_hidden":0,"_bbp_forum_subforum_count":0,"footnotes":""},"categories":[3,8,9,1,2,4,326],"tags":[],"class_list":["post-33377","post","type-post","status-publish","format-standard","has-post-thumbnail","hentry","category-blava","category-groga","category-verda","category-general","category-infantil","category-portada","category-sortides"],"post_mailing_queue_ids":[],"_links":{"self":[{"href":"https:\/\/agora.xtec.cat\/ceip-santjordi-lleida\/wp-json\/wp\/v2\/posts\/33377","targetHints":{"allow":["GET"]}}],"collection":[{"href":"https:\/\/agora.xtec.cat\/ceip-santjordi-lleida\/wp-json\/wp\/v2\/posts"}],"about":[{"href":"https:\/\/agora.xtec.cat\/ceip-santjordi-lleida\/wp-json\/wp\/v2\/types\/post"}],"author":[{"embeddable":true,"href":"https:\/\/agora.xtec.cat\/ceip-santjordi-lleida\/wp-json\/wp\/v2\/users\/10"}],"replies":[{"embeddable":true,"href":"https:\/\/agora.xtec.cat\/ceip-santjordi-lleida\/wp-json\/wp\/v2\/comments?post=33377"}],"version-history":[{"count":2,"href":"https:\/\/agora.xtec.cat\/ceip-santjordi-lleida\/wp-json\/wp\/v2\/posts\/33377\/revisions"}],"predecessor-version":[{"id":33380,"href":"https:\/\/agora.xtec.cat\/ceip-santjordi-lleida\/wp-json\/wp\/v2\/posts\/33377\/revisions\/33380"}],"wp:featuredmedia":[{"embeddable":true,"href":"https:\/\/agora.xtec.cat\/ceip-santjordi-lleida\/wp-json\/wp\/v2\/media\/33378"}],"wp:attachment":[{"href":"https:\/\/agora.xtec.cat\/ceip-santjordi-lleida\/wp-json\/wp\/v2\/media?parent=33377"}],"wp:term":[{"taxonomy":"category","embeddable":true,"href":"https:\/\/agora.xtec.cat\/ceip-santjordi-lleida\/wp-json\/wp\/v2\/categories?post=33377"},{"taxonomy":"post_tag","embeddable":true,"href":"https:\/\/agora.xtec.cat\/ceip-santjordi-lleida\/wp-json\/wp\/v2\/tags?post=33377"}],"curies":[{"name":"wp","href":"https:\/\/api.w.org\/{rel}","templated":true}]}}