{"id":33373,"date":"2026-04-27T23:42:05","date_gmt":"2026-04-27T21:42:05","guid":{"rendered":"https:\/\/agora.xtec.cat\/ceip-santjordi-lleida\/?p=33373"},"modified":"2026-04-27T23:43:18","modified_gmt":"2026-04-27T21:43:18","slug":"cs-de-colonies-a-les-valls-daneu-dia-1","status":"publish","type":"post","link":"https:\/\/agora.xtec.cat\/ceip-santjordi-lleida\/general\/cs-de-colonies-a-les-valls-daneu-dia-1\/","title":{"rendered":"CS de col\u00f2nies a Les Valls d&#8217;\u00c0neu &#8211; Dia 1"},"content":{"rendered":"<p>Avui ha estat un dia molt intens i ple d&#8217;activitats. De bon mat\u00ed hem sortit de Lleida cap a Esterri d&#8217;\u00c0neu on hem realitzat diferents activitats de descoberta de l&#8217;entorn i estudi de l&#8217;os bru. Malgrat les previsions meteorol\u00f2giques inicials, el temps ens ha acompanyat i hem pogut gaudir de moltes estones de sol. Estem meravellats per la bellesa del paisatge, amb els pics encara coberts de neu, els prats d&#8217;un verd intens i aigua abundant per arreu. Ara toca descansar i recuperar energies per dem\u00e0!<\/p>\n<p><a href=\"https:\/\/drive.google.com\/drive\/folders\/195Z3JFvB8_kJYg220452HluWDPOMP1O5?usp=drive_link\">Aqu\u00ed us deixem unes fotografies de la jornada.<\/a><\/p>\n<p style=\"text-align: center;\"><img loading=\"lazy\" decoding=\"async\" class=\"size-large wp-image-33374 alignnone\" src=\"https:\/\/agora.xtec.cat\/ceip-santjordi-lleida\/wp-content\/uploads\/usu1393\/2026\/04\/Dia1-1024x768.jpg\" alt=\"\" width=\"1024\" height=\"768\" srcset=\"https:\/\/agora.xtec.cat\/ceip-santjordi-lleida\/wp-content\/uploads\/usu1393\/2026\/04\/Dia1-1024x768.jpg 1024w, https:\/\/agora.xtec.cat\/ceip-santjordi-lleida\/wp-content\/uploads\/usu1393\/2026\/04\/Dia1-300x225.jpg 300w, https:\/\/agora.xtec.cat\/ceip-santjordi-lleida\/wp-content\/uploads\/usu1393\/2026\/04\/Dia1-768x576.jpg 768w, https:\/\/agora.xtec.cat\/ceip-santjordi-lleida\/wp-content\/uploads\/usu1393\/2026\/04\/Dia1-1536x1152.jpg 1536w, https:\/\/agora.xtec.cat\/ceip-santjordi-lleida\/wp-content\/uploads\/usu1393\/2026\/04\/Dia1-2048x1536.jpg 2048w, https:\/\/agora.xtec.cat\/ceip-santjordi-lleida\/wp-content\/uploads\/usu1393\/2026\/04\/Dia1-200x150.jpg 200w\" sizes=\"auto, (max-width: 1024px) 100vw, 1024px\" \/><\/p>\n<p>&nbsp;<\/p>\n","protected":false},"excerpt":{"rendered":"<p>Avui ha estat un dia molt intens i ple d&#8217;activitats. De bon mat\u00ed hem sortit de Lleida cap a Esterri d&#8217;\u00c0neu on hem realitzat diferents activitats de descoberta de l&#8217;entorn i estudi de l&#8217;os bru. Malgrat les previsions meteorol\u00f2giques inicials, el temps ens ha acompanyat&hellip;  <a href=\"https:\/\/agora.xtec.cat\/ceip-santjordi-lleida\/general\/cs-de-colonies-a-les-valls-daneu-dia-1\/\" title=\"Read CS de col\u00f2nies a Les Valls d&#8217;\u00c0neu &#8211; Dia 1\">Llegeix m\u00e9s\u00bb<\/a><\/p>\n","protected":false},"author":1,"featured_media":33374,"comment_status":"open","ping_status":"open","sticky":false,"template":"","format":"standard","meta":{"_bbp_topic_count":0,"_bbp_reply_count":0,"_bbp_total_topic_count":0,"_bbp_total_reply_count":0,"_bbp_voice_count":0,"_bbp_anonymous_reply_count":0,"_bbp_topic_count_hidden":0,"_bbp_reply_count_hidden":0,"_bbp_forum_subforum_count":0,"footnotes":""},"categories":[14,15,1,73,4],"tags":[],"class_list":["post-33373","post","type-post","status-publish","format-standard","has-post-thumbnail","hentry","category-5e","category-6e","category-general","category-novetats","category-portada"],"post_mailing_queue_ids":[],"_links":{"self":[{"href":"https:\/\/agora.xtec.cat\/ceip-santjordi-lleida\/wp-json\/wp\/v2\/posts\/33373","targetHints":{"allow":["GET"]}}],"collection":[{"href":"https:\/\/agora.xtec.cat\/ceip-santjordi-lleida\/wp-json\/wp\/v2\/posts"}],"about":[{"href":"https:\/\/agora.xtec.cat\/ceip-santjordi-lleida\/wp-json\/wp\/v2\/types\/post"}],"author":[{"embeddable":true,"href":"https:\/\/agora.xtec.cat\/ceip-santjordi-lleida\/wp-json\/wp\/v2\/users\/1"}],"replies":[{"embeddable":true,"href":"https:\/\/agora.xtec.cat\/ceip-santjordi-lleida\/wp-json\/wp\/v2\/comments?post=33373"}],"version-history":[{"count":1,"href":"https:\/\/agora.xtec.cat\/ceip-santjordi-lleida\/wp-json\/wp\/v2\/posts\/33373\/revisions"}],"predecessor-version":[{"id":33375,"href":"https:\/\/agora.xtec.cat\/ceip-santjordi-lleida\/wp-json\/wp\/v2\/posts\/33373\/revisions\/33375"}],"wp:featuredmedia":[{"embeddable":true,"href":"https:\/\/agora.xtec.cat\/ceip-santjordi-lleida\/wp-json\/wp\/v2\/media\/33374"}],"wp:attachment":[{"href":"https:\/\/agora.xtec.cat\/ceip-santjordi-lleida\/wp-json\/wp\/v2\/media?parent=33373"}],"wp:term":[{"taxonomy":"category","embeddable":true,"href":"https:\/\/agora.xtec.cat\/ceip-santjordi-lleida\/wp-json\/wp\/v2\/categories?post=33373"},{"taxonomy":"post_tag","embeddable":true,"href":"https:\/\/agora.xtec.cat\/ceip-santjordi-lleida\/wp-json\/wp\/v2\/tags?post=33373"}],"curies":[{"name":"wp","href":"https:\/\/api.w.org\/{rel}","templated":true}]}}