{"id":33369,"date":"2026-04-27T21:48:37","date_gmt":"2026-04-27T19:48:37","guid":{"rendered":"https:\/\/agora.xtec.cat\/ceip-santjordi-lleida\/?p=33369"},"modified":"2026-04-27T21:48:37","modified_gmt":"2026-04-27T19:48:37","slug":"colonies-manreana-educacio-infantil-primer-dia","status":"publish","type":"post","link":"https:\/\/agora.xtec.cat\/ceip-santjordi-lleida\/general\/colonies-manreana-educacio-infantil-primer-dia\/","title":{"rendered":"COL\u00d2NIES MANREANA EDUCACI\u00d3 INFANTIL (PRIMER DIA)"},"content":{"rendered":"<p>Avui ha estat\u00a0 un dia ple d&#8217;il.lusi\u00f3 i descobertes a la granja. Els nens i nenes han arribat amb un somriure que ho deia tot: comen\u00e7ava una petita gran aventura! El sol ens ha acompanyat durant tot el dia. En arribar hem esmorzat i tot seguit hem fet un joc de descoberta de la granja. Abans d&#8217;anar a dinar hem pogut preparar els dormitoris, amb els llits i els sacs de dormir a punt per la nit. A les 13h ens esperava un dinar d&#8217;all\u00f2 m\u00e9s bo. Ara s\u00ed, amb les piles ben carregades hem fet els tallers de tarda: hem fet taller de cuina (flams i iogurts), hem conegut els animals, els hem pogut tocar amb cura i respecte veient com la curiositat dels m\u00e9s petits converteix cada descoberta en un instant m\u00e0gic. Entre jocs, passejades i noves experi\u00e8ncies s&#8217;han creat bonics records per tots i totes.<\/p>\n<p>A les 20h hem sopat i en fer-se fosc hem comen\u00e7at el joc de nit amb les llanternes. El dia acaba ballant tots i totes a la superdisco!<\/p>\n<p>D&#8217;aqu\u00ed poc anirem a dormir. Estem cansats per\u00f2 tamb\u00e9 il.lusionats de poder compartir aquesta experi\u00e8ncia amb els companys i companyes. Molt bona nit a tothom i fins dem\u00e0!<\/p>\n<p><a href=\"https:\/\/drive.google.com\/drive\/folders\/1F9jTz5LQAIKjqh9P0G32D_DLWVzZSDwI?usp=sharing\"><img loading=\"lazy\" decoding=\"async\" class=\"aligncenter size-medium wp-image-33370\" src=\"https:\/\/agora.xtec.cat\/ceip-santjordi-lleida\/wp-content\/uploads\/usu1393\/2026\/04\/manreana-300x169.jpg\" alt=\"\" width=\"300\" height=\"169\" srcset=\"https:\/\/agora.xtec.cat\/ceip-santjordi-lleida\/wp-content\/uploads\/usu1393\/2026\/04\/manreana-300x169.jpg 300w, https:\/\/agora.xtec.cat\/ceip-santjordi-lleida\/wp-content\/uploads\/usu1393\/2026\/04\/manreana-1024x578.jpg 1024w, https:\/\/agora.xtec.cat\/ceip-santjordi-lleida\/wp-content\/uploads\/usu1393\/2026\/04\/manreana-768x433.jpg 768w, https:\/\/agora.xtec.cat\/ceip-santjordi-lleida\/wp-content\/uploads\/usu1393\/2026\/04\/manreana-1536x866.jpg 1536w, https:\/\/agora.xtec.cat\/ceip-santjordi-lleida\/wp-content\/uploads\/usu1393\/2026\/04\/manreana.jpg 2048w\" sizes=\"auto, (max-width: 300px) 100vw, 300px\" \/><\/a><\/p>\n<p>&nbsp;<\/p>\n<p>&nbsp;<\/p>\n","protected":false},"excerpt":{"rendered":"<p>Avui ha estat\u00a0 un dia ple d&#8217;il.lusi\u00f3 i descobertes a la granja. Els nens i nenes han arribat amb un somriure que ho deia tot: comen\u00e7ava una petita gran aventura! El sol ens ha acompanyat durant tot el dia. En arribar hem esmorzat i tot&hellip;  <a href=\"https:\/\/agora.xtec.cat\/ceip-santjordi-lleida\/general\/colonies-manreana-educacio-infantil-primer-dia\/\" title=\"Read COL\u00d2NIES MANREANA EDUCACI\u00d3 INFANTIL (PRIMER DIA)\">Llegeix m\u00e9s\u00bb<\/a><\/p>\n","protected":false},"author":10,"featured_media":33370,"comment_status":"open","ping_status":"open","sticky":false,"template":"","format":"standard","meta":{"_bbp_topic_count":0,"_bbp_reply_count":0,"_bbp_total_topic_count":0,"_bbp_total_reply_count":0,"_bbp_voice_count":0,"_bbp_anonymous_reply_count":0,"_bbp_topic_count_hidden":0,"_bbp_reply_count_hidden":0,"_bbp_forum_subforum_count":0,"footnotes":""},"categories":[3,8,9,1,2,4,326],"tags":[],"class_list":["post-33369","post","type-post","status-publish","format-standard","has-post-thumbnail","hentry","category-blava","category-groga","category-verda","category-general","category-infantil","category-portada","category-sortides"],"post_mailing_queue_ids":[],"_links":{"self":[{"href":"https:\/\/agora.xtec.cat\/ceip-santjordi-lleida\/wp-json\/wp\/v2\/posts\/33369","targetHints":{"allow":["GET"]}}],"collection":[{"href":"https:\/\/agora.xtec.cat\/ceip-santjordi-lleida\/wp-json\/wp\/v2\/posts"}],"about":[{"href":"https:\/\/agora.xtec.cat\/ceip-santjordi-lleida\/wp-json\/wp\/v2\/types\/post"}],"author":[{"embeddable":true,"href":"https:\/\/agora.xtec.cat\/ceip-santjordi-lleida\/wp-json\/wp\/v2\/users\/10"}],"replies":[{"embeddable":true,"href":"https:\/\/agora.xtec.cat\/ceip-santjordi-lleida\/wp-json\/wp\/v2\/comments?post=33369"}],"version-history":[{"count":2,"href":"https:\/\/agora.xtec.cat\/ceip-santjordi-lleida\/wp-json\/wp\/v2\/posts\/33369\/revisions"}],"predecessor-version":[{"id":33372,"href":"https:\/\/agora.xtec.cat\/ceip-santjordi-lleida\/wp-json\/wp\/v2\/posts\/33369\/revisions\/33372"}],"wp:featuredmedia":[{"embeddable":true,"href":"https:\/\/agora.xtec.cat\/ceip-santjordi-lleida\/wp-json\/wp\/v2\/media\/33370"}],"wp:attachment":[{"href":"https:\/\/agora.xtec.cat\/ceip-santjordi-lleida\/wp-json\/wp\/v2\/media?parent=33369"}],"wp:term":[{"taxonomy":"category","embeddable":true,"href":"https:\/\/agora.xtec.cat\/ceip-santjordi-lleida\/wp-json\/wp\/v2\/categories?post=33369"},{"taxonomy":"post_tag","embeddable":true,"href":"https:\/\/agora.xtec.cat\/ceip-santjordi-lleida\/wp-json\/wp\/v2\/tags?post=33369"}],"curies":[{"name":"wp","href":"https:\/\/api.w.org\/{rel}","templated":true}]}}