{"id":30887,"date":"2023-01-18T22:39:41","date_gmt":"2023-01-18T21:39:41","guid":{"rendered":"https:\/\/agora.xtec.cat\/ceip-santjordi-lleida\/?p=30887"},"modified":"2023-01-18T22:39:41","modified_gmt":"2023-01-18T21:39:41","slug":"activitats-musicals-a-laula-dinfantil","status":"publish","type":"post","link":"https:\/\/agora.xtec.cat\/ceip-santjordi-lleida\/infantil\/activitats-musicals-a-laula-dinfantil\/","title":{"rendered":"ACTIVITATS MUSICALS A L&#8217;AULA D&#8217;INFANTIL"},"content":{"rendered":"<p>Aquest trimestre ja hem comen\u00e7at amb noves danss, noves can\u00e7ons, noves audicions, noves propostes r\u00edtmiques i de moviment&#8230;<\/p>\n<p>&#8230; us deixem una proposta enregistrada de cada grup de color per tenir un tastet del que fem a l&#8217;aula de m\u00fasica:<\/p>\n<ul>\n<li>CAN\u00c7\u00d3 DE L&#8217;HIVERN (grup groc)<\/li>\n<\/ul>\n<p><iframe loading=\"lazy\" title=\"Can\u00e7\u00f3 de l\u2019hivern (grocs)\" width=\"500\" height=\"281\" src=\"https:\/\/www.youtube.com\/embed\/ZJwY1FBNBWg?feature=oembed\" frameborder=\"0\" allow=\"accelerometer; autoplay; clipboard-write; encrypted-media; gyroscope; picture-in-picture; web-share\" referrerpolicy=\"strict-origin-when-cross-origin\" allowfullscreen><\/iframe><\/p>\n<ul>\n<li>DANSA DEL MOL\u00cd (grup blau)<\/li>\n<\/ul>\n<p><iframe loading=\"lazy\" title=\"El mol\u00ed (blaus)\" width=\"500\" height=\"281\" src=\"https:\/\/www.youtube.com\/embed\/7PkK0coYzY0?feature=oembed\" frameborder=\"0\" allow=\"accelerometer; autoplay; clipboard-write; encrypted-media; gyroscope; picture-in-picture; web-share\" referrerpolicy=\"strict-origin-when-cross-origin\" allowfullscreen><\/iframe><\/p>\n<ul>\n<li>PROPOSTA DE RITME I MOVIMENT AMB LA CAVALLERIA LLEUGERA DE FRANZ VON SUPP\u00c9(grup verd)<\/li>\n<\/ul>\n","protected":false},"excerpt":{"rendered":"<p>Aquest trimestre ja hem comen\u00e7at amb noves danss, noves can\u00e7ons, noves audicions, noves propostes r\u00edtmiques i de moviment&#8230;<br \/>\n&#8230; us deixem una proposta enregistrada de cada grup de color per tenir un tastet del que fem a l&#8217;aula de m\u00fasica:<\/p>\n<ul>\n<li>CAN\u00c7\u00d3 DE L&#8217;HIVERN (grup groc)<\/li>\n<\/ul>\n<ul>\n<li>DANSA DEL MOL\u00cd&hellip;  <a href=\"https:\/\/agora.xtec.cat\/ceip-santjordi-lleida\/infantil\/activitats-musicals-a-laula-dinfantil\/\" title=\"Read ACTIVITATS MUSICALS A L&#8217;AULA D&#8217;INFANTIL\">Llegeix m\u00e9s\u00bb<\/a><br \/>\n","protected":false},"author":5,"featured_media":30888,"comment_status":"open","ping_status":"closed","sticky":false,"template":"","format":"standard","meta":{"_bbp_topic_count":0,"_bbp_reply_count":0,"_bbp_total_topic_count":0,"_bbp_total_reply_count":0,"_bbp_voice_count":0,"_bbp_anonymous_reply_count":0,"_bbp_topic_count_hidden":0,"_bbp_reply_count_hidden":0,"_bbp_forum_subforum_count":0,"footnotes":""},"categories":[3,8,9,2,320,4],"tags":[348,359,357],"class_list":["post-30887","post","type-post","status-publish","format-standard","has-post-thumbnail","hentry","category-blava","category-groga","category-verda","category-infantil","category-musica","category-portada","tag-canco","tag-dansa","tag-moviment"],"post_mailing_queue_ids":[],"_links":{"self":[{"href":"https:\/\/agora.xtec.cat\/ceip-santjordi-lleida\/wp-json\/wp\/v2\/posts\/30887","targetHints":{"allow":["GET"]}}],"collection":[{"href":"https:\/\/agora.xtec.cat\/ceip-santjordi-lleida\/wp-json\/wp\/v2\/posts"}],"about":[{"href":"https:\/\/agora.xtec.cat\/ceip-santjordi-lleida\/wp-json\/wp\/v2\/types\/post"}],"author":[{"embeddable":true,"href":"https:\/\/agora.xtec.cat\/ceip-santjordi-lleida\/wp-json\/wp\/v2\/users\/5"}],"replies":[{"embeddable":true,"href":"https:\/\/agora.xtec.cat\/ceip-santjordi-lleida\/wp-json\/wp\/v2\/comments?post=30887"}],"version-history":[{"count":2,"href":"https:\/\/agora.xtec.cat\/ceip-santjordi-lleida\/wp-json\/wp\/v2\/posts\/30887\/revisions"}],"predecessor-version":[{"id":30890,"href":"https:\/\/agora.xtec.cat\/ceip-santjordi-lleida\/wp-json\/wp\/v2\/posts\/30887\/revisions\/30890"}],"wp:featuredmedia":[{"embeddable":true,"href":"https:\/\/agora.xtec.cat\/ceip-santjordi-lleida\/wp-json\/wp\/v2\/media\/30888"}],"wp:attachment":[{"href":"https:\/\/agora.xtec.cat\/ceip-santjordi-lleida\/wp-json\/wp\/v2\/media?parent=30887"}],"wp:term":[{"taxonomy":"category","embeddable":true,"href":"https:\/\/agora.xtec.cat\/ceip-santjordi-lleida\/wp-json\/wp\/v2\/categories?post=30887"},{"taxonomy":"post_tag","embeddable":true,"href":"https:\/\/agora.xtec.cat\/ceip-santjordi-lleida\/wp-json\/wp\/v2\/tags?post=30887"}],"curies":[{"name":"wp","href":"https:\/\/api.w.org\/{rel}","templated":true}]}}