{"id":30834,"date":"2022-11-25T16:36:58","date_gmt":"2022-11-25T15:36:58","guid":{"rendered":"https:\/\/agora.xtec.cat\/ceip-santjordi-lleida\/?p=30834"},"modified":"2022-11-25T16:36:58","modified_gmt":"2022-11-25T15:36:58","slug":"circuit-de-negra-amb-puntet","status":"publish","type":"post","link":"https:\/\/agora.xtec.cat\/ceip-santjordi-lleida\/portada\/circuit-de-negra-amb-puntet\/","title":{"rendered":"CIRCU\u00cfT de negra amb puntet"},"content":{"rendered":"<p>Durant aquest trimestre hem introdu\u00eft una nova c\u00e8l\u00b7lula r\u00edtmica: la negra amb puntet seguida de corxera. Per viure-la i sentir-la corporalment hem creat un circuit que ens ha servit per interpretar amb les mans i el cor aquesta c\u00e8l\u00b7lula r\u00edtmica precedida de dos silencis.<\/p>\n<p><iframe loading=\"lazy\" title=\"Circu\u00eft negra en punt 03\" width=\"500\" height=\"281\" src=\"https:\/\/www.youtube.com\/embed\/975m8fPHNAc?feature=oembed\" frameborder=\"0\" allow=\"accelerometer; autoplay; clipboard-write; encrypted-media; gyroscope; picture-in-picture; web-share\" referrerpolicy=\"strict-origin-when-cross-origin\" allowfullscreen><\/iframe><\/p>\n<p><iframe loading=\"lazy\" title=\"Circu\u00eft negra en punt 02\" width=\"500\" height=\"281\" src=\"https:\/\/www.youtube.com\/embed\/FwXptCsLoT4?feature=oembed\" frameborder=\"0\" allow=\"accelerometer; autoplay; clipboard-write; encrypted-media; gyroscope; picture-in-picture; web-share\" referrerpolicy=\"strict-origin-when-cross-origin\" allowfullscreen><\/iframe><\/p>\n<p><iframe loading=\"lazy\" title=\"Circu\u00eft negra en punt 01\" width=\"500\" height=\"281\" src=\"https:\/\/www.youtube.com\/embed\/184_2MQdQKE?feature=oembed\" frameborder=\"0\" allow=\"accelerometer; autoplay; clipboard-write; encrypted-media; gyroscope; picture-in-picture; web-share\" referrerpolicy=\"strict-origin-when-cross-origin\" allowfullscreen><\/iframe><\/p>\n","protected":false},"excerpt":{"rendered":"<p>Durant aquest trimestre hem introdu\u00eft una nova c\u00e8l\u00b7lula r\u00edtmica: la negra amb puntet seguida de corxera. Per viure-la i sentir-la corporalment hem creat un circuit que ens ha servit per interpretar amb les mans i el cor aquesta c\u00e8l\u00b7lula r\u00edtmica precedida de dos silencis.<\/p>\n","protected":false},"author":5,"featured_media":30835,"comment_status":"open","ping_status":"closed","sticky":false,"template":"","format":"standard","meta":{"_bbp_topic_count":0,"_bbp_reply_count":0,"_bbp_total_topic_count":0,"_bbp_total_reply_count":0,"_bbp_voice_count":0,"_bbp_anonymous_reply_count":0,"_bbp_topic_count_hidden":0,"_bbp_reply_count_hidden":0,"_bbp_forum_subforum_count":0,"footnotes":""},"categories":[13,320,4,5],"tags":[357,400],"class_list":["post-30834","post","type-post","status-publish","format-standard","has-post-thumbnail","hentry","category-4t","category-musica","category-portada","category-primaria","tag-moviment","tag-ritme"],"post_mailing_queue_ids":[],"_links":{"self":[{"href":"https:\/\/agora.xtec.cat\/ceip-santjordi-lleida\/wp-json\/wp\/v2\/posts\/30834","targetHints":{"allow":["GET"]}}],"collection":[{"href":"https:\/\/agora.xtec.cat\/ceip-santjordi-lleida\/wp-json\/wp\/v2\/posts"}],"about":[{"href":"https:\/\/agora.xtec.cat\/ceip-santjordi-lleida\/wp-json\/wp\/v2\/types\/post"}],"author":[{"embeddable":true,"href":"https:\/\/agora.xtec.cat\/ceip-santjordi-lleida\/wp-json\/wp\/v2\/users\/5"}],"replies":[{"embeddable":true,"href":"https:\/\/agora.xtec.cat\/ceip-santjordi-lleida\/wp-json\/wp\/v2\/comments?post=30834"}],"version-history":[{"count":1,"href":"https:\/\/agora.xtec.cat\/ceip-santjordi-lleida\/wp-json\/wp\/v2\/posts\/30834\/revisions"}],"predecessor-version":[{"id":30836,"href":"https:\/\/agora.xtec.cat\/ceip-santjordi-lleida\/wp-json\/wp\/v2\/posts\/30834\/revisions\/30836"}],"wp:featuredmedia":[{"embeddable":true,"href":"https:\/\/agora.xtec.cat\/ceip-santjordi-lleida\/wp-json\/wp\/v2\/media\/30835"}],"wp:attachment":[{"href":"https:\/\/agora.xtec.cat\/ceip-santjordi-lleida\/wp-json\/wp\/v2\/media?parent=30834"}],"wp:term":[{"taxonomy":"category","embeddable":true,"href":"https:\/\/agora.xtec.cat\/ceip-santjordi-lleida\/wp-json\/wp\/v2\/categories?post=30834"},{"taxonomy":"post_tag","embeddable":true,"href":"https:\/\/agora.xtec.cat\/ceip-santjordi-lleida\/wp-json\/wp\/v2\/tags?post=30834"}],"curies":[{"name":"wp","href":"https:\/\/api.w.org\/{rel}","templated":true}]}}