{"id":30831,"date":"2022-11-25T16:33:14","date_gmt":"2022-11-25T15:33:14","guid":{"rendered":"https:\/\/agora.xtec.cat\/ceip-santjordi-lleida\/?p=30831"},"modified":"2022-11-25T16:33:37","modified_gmt":"2022-11-25T15:33:37","slug":"visita-de-musics-al-parvulari","status":"publish","type":"post","link":"https:\/\/agora.xtec.cat\/ceip-santjordi-lleida\/infantil\/visita-de-musics-al-parvulari\/","title":{"rendered":"VISITA DE M\u00daSICS AL PARVULARI"},"content":{"rendered":"<p>Aquest dijous, el grup d\u2019infantil groc i verd hem tingut la sort de gaudir de la visita de tres musics, dos de les quals fan 3r d\u2019ESO de l\u2019institut Manuel de Montsuar i una altra 3r a la nostra escola; que han vingut a explicar-nos qu\u00e8 \u00e9s ser m\u00fasic i quins instruments toquen.<br \/>\nHem descobert qu\u00e8 hi havia amagat a cada funda, quin instrument corresponia a cada m\u00fasic i hem apr\u00e8s moltes coses sobre aquests instruments, per\u00f2 el m\u00e9s important, els hem vist, escoltat i sentit.<\/p>\n<p>Gr\u00e0cies Aina (viol\u00ed), Jana (viola) i Vinyet (contrabaix)<\/p>\n<p><iframe loading=\"lazy\" title=\"L\u2019Aina i el viol\u00ed\" width=\"500\" height=\"281\" src=\"https:\/\/www.youtube.com\/embed\/EH89AccfWww?feature=oembed\" frameborder=\"0\" allow=\"accelerometer; autoplay; clipboard-write; encrypted-media; gyroscope; picture-in-picture; web-share\" referrerpolicy=\"strict-origin-when-cross-origin\" allowfullscreen><\/iframe><\/p>\n<p><iframe loading=\"lazy\" title=\"La Jana i la viola\" width=\"500\" height=\"281\" src=\"https:\/\/www.youtube.com\/embed\/5U3VY2tYiok?feature=oembed\" frameborder=\"0\" allow=\"accelerometer; autoplay; clipboard-write; encrypted-media; gyroscope; picture-in-picture; web-share\" referrerpolicy=\"strict-origin-when-cross-origin\" allowfullscreen><\/iframe><\/p>\n<p><a href=\"https:\/\/agora.xtec.cat\/ceip-santjordi-lleida\/wp-content\/uploads\/usu1393\/2022\/11\/IMG-9038.jpg\"><img loading=\"lazy\" decoding=\"async\" class=\"alignnone size-full wp-image-30832\" src=\"https:\/\/agora.xtec.cat\/ceip-santjordi-lleida\/wp-content\/uploads\/usu1393\/2022\/11\/IMG-9038.jpg\" alt=\"\" width=\"756\" height=\"1008\" srcset=\"https:\/\/agora.xtec.cat\/ceip-santjordi-lleida\/wp-content\/uploads\/usu1393\/2022\/11\/IMG-9038.jpg 756w, https:\/\/agora.xtec.cat\/ceip-santjordi-lleida\/wp-content\/uploads\/usu1393\/2022\/11\/IMG-9038-225x300.jpg 225w\" sizes=\"auto, (max-width: 756px) 100vw, 756px\" \/><\/a><\/p>\n","protected":false},"excerpt":{"rendered":"<p>Aquest dijous, el grup d\u2019infantil groc i verd hem tingut la sort de gaudir de la visita de tres musics, dos de les quals fan 3r d\u2019ESO de l\u2019institut Manuel de Montsuar i una altra 3r a la nostra escola; que han vingut a explicar-nos&hellip;  <a href=\"https:\/\/agora.xtec.cat\/ceip-santjordi-lleida\/infantil\/visita-de-musics-al-parvulari\/\" title=\"Read VISITA DE M\u00daSICS AL PARVULARI\">Llegeix m\u00e9s\u00bb<\/a><\/p>\n","protected":false},"author":5,"featured_media":0,"comment_status":"open","ping_status":"closed","sticky":false,"template":"","format":"standard","meta":{"_bbp_topic_count":0,"_bbp_reply_count":0,"_bbp_total_topic_count":0,"_bbp_total_reply_count":0,"_bbp_voice_count":0,"_bbp_anonymous_reply_count":0,"_bbp_topic_count_hidden":0,"_bbp_reply_count_hidden":0,"_bbp_forum_subforum_count":0,"footnotes":""},"categories":[8,9,2,320,4],"tags":[350],"class_list":["post-30831","post","type-post","status-publish","format-standard","hentry","category-groga","category-verda","category-infantil","category-musica","category-portada","tag-audicio"],"post_mailing_queue_ids":[],"_links":{"self":[{"href":"https:\/\/agora.xtec.cat\/ceip-santjordi-lleida\/wp-json\/wp\/v2\/posts\/30831","targetHints":{"allow":["GET"]}}],"collection":[{"href":"https:\/\/agora.xtec.cat\/ceip-santjordi-lleida\/wp-json\/wp\/v2\/posts"}],"about":[{"href":"https:\/\/agora.xtec.cat\/ceip-santjordi-lleida\/wp-json\/wp\/v2\/types\/post"}],"author":[{"embeddable":true,"href":"https:\/\/agora.xtec.cat\/ceip-santjordi-lleida\/wp-json\/wp\/v2\/users\/5"}],"replies":[{"embeddable":true,"href":"https:\/\/agora.xtec.cat\/ceip-santjordi-lleida\/wp-json\/wp\/v2\/comments?post=30831"}],"version-history":[{"count":1,"href":"https:\/\/agora.xtec.cat\/ceip-santjordi-lleida\/wp-json\/wp\/v2\/posts\/30831\/revisions"}],"predecessor-version":[{"id":30833,"href":"https:\/\/agora.xtec.cat\/ceip-santjordi-lleida\/wp-json\/wp\/v2\/posts\/30831\/revisions\/30833"}],"wp:attachment":[{"href":"https:\/\/agora.xtec.cat\/ceip-santjordi-lleida\/wp-json\/wp\/v2\/media?parent=30831"}],"wp:term":[{"taxonomy":"category","embeddable":true,"href":"https:\/\/agora.xtec.cat\/ceip-santjordi-lleida\/wp-json\/wp\/v2\/categories?post=30831"},{"taxonomy":"post_tag","embeddable":true,"href":"https:\/\/agora.xtec.cat\/ceip-santjordi-lleida\/wp-json\/wp\/v2\/tags?post=30831"}],"curies":[{"name":"wp","href":"https:\/\/api.w.org\/{rel}","templated":true}]}}