{"id":30827,"date":"2022-11-25T16:27:44","date_gmt":"2022-11-25T15:27:44","guid":{"rendered":"https:\/\/agora.xtec.cat\/ceip-santjordi-lleida\/?p=30827"},"modified":"2023-01-31T14:04:52","modified_gmt":"2023-01-31T13:04:52","slug":"setmana-musical-a-1r-4","status":"publish","type":"post","link":"https:\/\/agora.xtec.cat\/ceip-santjordi-lleida\/portada\/setmana-musical-a-1r-4\/","title":{"rendered":"SETMANA MUSICAL A 1r"},"content":{"rendered":"<p>Aquesta setmana \u00e9s Santa Cec\u00edlia, patrona dels m\u00fasics, i durant tota la setmana, a l&#8217;aula de m\u00fasica fem audicions entre els nens i nenes que sabem tocar algun instrument o que tenim una habilitat o talen especial vinculat amb la m\u00fasica. Podem presentar un instrument, explicar-ne les caracter\u00edstiques, tocar-lo, deixar-lo tocar, escoltar-lo, fer-lo sonar&#8230;<\/p>\n<p>D&#8217;aquesta manera donem l&#8217;oportunitat a la resta de companys i companyes de veure un instrument de ben a prop, de tocar-lo, d&#8217;escoltar-lo i de gaudir-lo.<\/p>\n<p>Els nens i nenes de 1r hem presentat i gaudit amb&#8230;<\/p>\n<p>LEO I EL SAXO:<\/p>\n<p><iframe loading=\"lazy\" title=\"El Leo i el saxo\" width=\"500\" height=\"281\" src=\"https:\/\/www.youtube.com\/embed\/7wmZk9mKlyw?feature=oembed\" frameborder=\"0\" allow=\"accelerometer; autoplay; clipboard-write; encrypted-media; gyroscope; picture-in-picture; web-share\" referrerpolicy=\"strict-origin-when-cross-origin\" allowfullscreen><\/iframe><\/p>\n<p>EL PEP I EL SAXO:<\/p>\n<p><iframe loading=\"lazy\" title=\"El Pep i el saxo\" width=\"500\" height=\"281\" src=\"https:\/\/www.youtube.com\/embed\/XLJ7QMH8MK8?feature=oembed\" frameborder=\"0\" allow=\"accelerometer; autoplay; clipboard-write; encrypted-media; gyroscope; picture-in-picture; web-share\" referrerpolicy=\"strict-origin-when-cross-origin\" allowfullscreen><\/iframe><\/p>\n<p>EL BRUNO I EL XIL\u00d2FON:<\/p>\n<p><iframe loading=\"lazy\" title=\"El Bruno i el xilofon\" width=\"500\" height=\"281\" src=\"https:\/\/www.youtube.com\/embed\/IhWu5QdZ-Ws?feature=oembed\" frameborder=\"0\" allow=\"accelerometer; autoplay; clipboard-write; encrypted-media; gyroscope; picture-in-picture; web-share\" referrerpolicy=\"strict-origin-when-cross-origin\" allowfullscreen><\/iframe><\/p>\n<p>L&#8217;ELOI I EL PIANO:<\/p>\n<p><iframe loading=\"lazy\" title=\"L\u2019Eloi i el piano\" width=\"500\" height=\"281\" src=\"https:\/\/www.youtube.com\/embed\/0Jjn1D6Q-_4?feature=oembed\" frameborder=\"0\" allow=\"accelerometer; autoplay; clipboard-write; encrypted-media; gyroscope; picture-in-picture; web-share\" referrerpolicy=\"strict-origin-when-cross-origin\" allowfullscreen><\/iframe><\/p>\n<p>EL MAG\u00cd I LA BATERIA EL\u00c8CTRICA:<\/p>\n<p><iframe loading=\"lazy\" title=\"El Mag\u00ed i la bateria el\u00e8ctrica\" width=\"500\" height=\"281\" src=\"https:\/\/www.youtube.com\/embed\/WIbWfPEPbVI?feature=oembed\" frameborder=\"0\" allow=\"accelerometer; autoplay; clipboard-write; encrypted-media; gyroscope; picture-in-picture; web-share\" referrerpolicy=\"strict-origin-when-cross-origin\" allowfullscreen><\/iframe><\/p>\n<p>LA MARINA I EL VIOL\u00cd:<\/p>\n<p><iframe loading=\"lazy\" title=\"La Marina i el viol\u00ed 01\" width=\"500\" height=\"281\" src=\"https:\/\/www.youtube.com\/embed\/e_BnSSTyGP8?feature=oembed\" frameborder=\"0\" allow=\"accelerometer; autoplay; clipboard-write; encrypted-media; gyroscope; picture-in-picture; web-share\" referrerpolicy=\"strict-origin-when-cross-origin\" allowfullscreen><\/iframe><\/p>\n<p><iframe loading=\"lazy\" title=\"La Marina i el viol\u00ed 02\" width=\"500\" height=\"281\" src=\"https:\/\/www.youtube.com\/embed\/X0PxfE0TrGA?feature=oembed\" frameborder=\"0\" allow=\"accelerometer; autoplay; clipboard-write; encrypted-media; gyroscope; picture-in-picture; web-share\" referrerpolicy=\"strict-origin-when-cross-origin\" allowfullscreen><\/iframe><\/p>\n<p>LA LAIA T I LA GUITARRA:<\/p>\n<p><iframe loading=\"lazy\" title=\"Laia T 01\" width=\"500\" height=\"281\" src=\"https:\/\/www.youtube.com\/embed\/wsKqCWdEing?feature=oembed\" frameborder=\"0\" allow=\"accelerometer; autoplay; clipboard-write; encrypted-media; gyroscope; picture-in-picture; web-share\" referrerpolicy=\"strict-origin-when-cross-origin\" allowfullscreen><\/iframe><\/p>\n<p><iframe loading=\"lazy\" title=\"Laia T 02\" width=\"500\" height=\"281\" src=\"https:\/\/www.youtube.com\/embed\/gfISrPFSKdc?feature=oembed\" frameborder=\"0\" allow=\"accelerometer; autoplay; clipboard-write; encrypted-media; gyroscope; picture-in-picture; web-share\" referrerpolicy=\"strict-origin-when-cross-origin\" allowfullscreen><\/iframe><\/p>\n<p><iframe loading=\"lazy\" title=\"Laia T 03\" width=\"500\" height=\"281\" src=\"https:\/\/www.youtube.com\/embed\/kVzAQ1lTyQs?feature=oembed\" frameborder=\"0\" allow=\"accelerometer; autoplay; clipboard-write; encrypted-media; gyroscope; picture-in-picture; web-share\" referrerpolicy=\"strict-origin-when-cross-origin\" allowfullscreen><\/iframe><\/p>\n","protected":false},"excerpt":{"rendered":"<p>Aquesta setmana \u00e9s Santa Cec\u00edlia, patrona dels m\u00fasics, i durant tota la setmana, a l&#8217;aula de m\u00fasica fem audicions entre els nens i nenes que sabem tocar algun instrument o que tenim una habilitat o talen especial vinculat amb la m\u00fasica. Podem presentar un instrument,&hellip;  <a href=\"https:\/\/agora.xtec.cat\/ceip-santjordi-lleida\/portada\/setmana-musical-a-1r-4\/\" title=\"Read SETMANA MUSICAL A 1r\">Llegeix m\u00e9s\u00bb<\/a><\/p>\n","protected":false},"author":5,"featured_media":30829,"comment_status":"open","ping_status":"closed","sticky":false,"template":"","format":"standard","meta":{"_bbp_topic_count":0,"_bbp_reply_count":0,"_bbp_total_topic_count":0,"_bbp_total_reply_count":0,"_bbp_voice_count":0,"_bbp_anonymous_reply_count":0,"_bbp_topic_count_hidden":0,"_bbp_reply_count_hidden":0,"_bbp_forum_subforum_count":0,"footnotes":""},"categories":[10,320,4,5],"tags":[350],"class_list":["post-30827","post","type-post","status-publish","format-standard","has-post-thumbnail","hentry","category-1r","category-musica","category-portada","category-primaria","tag-audicio"],"post_mailing_queue_ids":[],"_links":{"self":[{"href":"https:\/\/agora.xtec.cat\/ceip-santjordi-lleida\/wp-json\/wp\/v2\/posts\/30827","targetHints":{"allow":["GET"]}}],"collection":[{"href":"https:\/\/agora.xtec.cat\/ceip-santjordi-lleida\/wp-json\/wp\/v2\/posts"}],"about":[{"href":"https:\/\/agora.xtec.cat\/ceip-santjordi-lleida\/wp-json\/wp\/v2\/types\/post"}],"author":[{"embeddable":true,"href":"https:\/\/agora.xtec.cat\/ceip-santjordi-lleida\/wp-json\/wp\/v2\/users\/5"}],"replies":[{"embeddable":true,"href":"https:\/\/agora.xtec.cat\/ceip-santjordi-lleida\/wp-json\/wp\/v2\/comments?post=30827"}],"version-history":[{"count":2,"href":"https:\/\/agora.xtec.cat\/ceip-santjordi-lleida\/wp-json\/wp\/v2\/posts\/30827\/revisions"}],"predecessor-version":[{"id":30943,"href":"https:\/\/agora.xtec.cat\/ceip-santjordi-lleida\/wp-json\/wp\/v2\/posts\/30827\/revisions\/30943"}],"wp:featuredmedia":[{"embeddable":true,"href":"https:\/\/agora.xtec.cat\/ceip-santjordi-lleida\/wp-json\/wp\/v2\/media\/30829"}],"wp:attachment":[{"href":"https:\/\/agora.xtec.cat\/ceip-santjordi-lleida\/wp-json\/wp\/v2\/media?parent=30827"}],"wp:term":[{"taxonomy":"category","embeddable":true,"href":"https:\/\/agora.xtec.cat\/ceip-santjordi-lleida\/wp-json\/wp\/v2\/categories?post=30827"},{"taxonomy":"post_tag","embeddable":true,"href":"https:\/\/agora.xtec.cat\/ceip-santjordi-lleida\/wp-json\/wp\/v2\/tags?post=30827"}],"curies":[{"name":"wp","href":"https:\/\/api.w.org\/{rel}","templated":true}]}}