{"id":30818,"date":"2022-11-25T16:14:59","date_gmt":"2022-11-25T15:14:59","guid":{"rendered":"https:\/\/agora.xtec.cat\/ceip-santjordi-lleida\/?p=30818"},"modified":"2023-01-31T13:58:47","modified_gmt":"2023-01-31T12:58:47","slug":"setmana-musical-a-6e-5","status":"publish","type":"post","link":"https:\/\/agora.xtec.cat\/ceip-santjordi-lleida\/portada\/setmana-musical-a-6e-5\/","title":{"rendered":"SETMANA MUSICAL A 6\u00e8"},"content":{"rendered":"<p>Aquesta setmana \u00e9s Santa Cec\u00edlia, patrona dels m\u00fasics, i durant tota la setmana, a l&#8217;aula de m\u00fasica fem audicions entre els nens i nenes que sabem tocar algun instrument o que tenim una habilitat o talen especial vinculat amb la m\u00fasica. Podem presentar un instrument, explicar-ne les caracter\u00edstiques, tocar-lo, deixar-lo tocar, escoltar-lo, fer-lo sonar&#8230;<\/p>\n<p>D&#8217;aquesta manera donem l&#8217;oportunitat a la resta de companys i companyes de veure un instrument de ben a prop, de tocar-lo, d&#8217;escoltar-lo i de gaudir-lo.<\/p>\n<p>Els nens i nenes de 6\u00e8 hem presentat i gaudit amb&#8230;<\/p>\n<p>LA JANISSE I EL PIANO:<\/p>\n<p><iframe loading=\"lazy\" title=\"La Janisse i el piano\" width=\"500\" height=\"281\" src=\"https:\/\/www.youtube.com\/embed\/ukpLz2v0KPs?feature=oembed\" frameborder=\"0\" allow=\"accelerometer; autoplay; clipboard-write; encrypted-media; gyroscope; picture-in-picture; web-share\" referrerpolicy=\"strict-origin-when-cross-origin\" allowfullscreen><\/iframe><\/p>\n<p>EL ROGER I LA BATERIA<\/p>\n<p><iframe loading=\"lazy\" title=\"El Roger i la bateria\" width=\"500\" height=\"281\" src=\"https:\/\/www.youtube.com\/embed\/bRi-jJ4Ryms?feature=oembed\" frameborder=\"0\" allow=\"accelerometer; autoplay; clipboard-write; encrypted-media; gyroscope; picture-in-picture; web-share\" referrerpolicy=\"strict-origin-when-cross-origin\" allowfullscreen><\/iframe><\/p>\n<p>EL PAU I LA BATERIA<\/p>\n<p><iframe loading=\"lazy\" title=\"El Pau i la bateria\" width=\"500\" height=\"281\" src=\"https:\/\/www.youtube.com\/embed\/EakMGqvsVRE?feature=oembed\" frameborder=\"0\" allow=\"accelerometer; autoplay; clipboard-write; encrypted-media; gyroscope; picture-in-picture; web-share\" referrerpolicy=\"strict-origin-when-cross-origin\" allowfullscreen><\/iframe><\/p>\n<p>LA JUDITH I LA GUITARRA:<\/p>\n<p><iframe loading=\"lazy\" title=\"La Judith i la guitarra 02\" width=\"500\" height=\"281\" src=\"https:\/\/www.youtube.com\/embed\/AduLkxHMUEU?feature=oembed\" frameborder=\"0\" allow=\"accelerometer; autoplay; clipboard-write; encrypted-media; gyroscope; picture-in-picture; web-share\" referrerpolicy=\"strict-origin-when-cross-origin\" allowfullscreen><\/iframe><\/p>\n<p><iframe loading=\"lazy\" title=\"La Judith i la guitarra 01\" width=\"500\" height=\"281\" src=\"https:\/\/www.youtube.com\/embed\/qiulfMowfpc?feature=oembed\" frameborder=\"0\" allow=\"accelerometer; autoplay; clipboard-write; encrypted-media; gyroscope; picture-in-picture; web-share\" referrerpolicy=\"strict-origin-when-cross-origin\" allowfullscreen><\/iframe><\/p>\n<p>LA J\u00daLIA I EL PIANO:<\/p>\n<p><iframe loading=\"lazy\" title=\"La J\u00falia i el piano\" width=\"500\" height=\"281\" src=\"https:\/\/www.youtube.com\/embed\/M5fx_4cz3JE?feature=oembed\" frameborder=\"0\" allow=\"accelerometer; autoplay; clipboard-write; encrypted-media; gyroscope; picture-in-picture; web-share\" referrerpolicy=\"strict-origin-when-cross-origin\" allowfullscreen><\/iframe><\/p>\n<p>L&#8217;ENAR I LA J\u00daLIA FENT CAMBRA:<\/p>\n<p><iframe loading=\"lazy\" title=\"L\u2019Enar i la J\u00falia\" width=\"500\" height=\"281\" src=\"https:\/\/www.youtube.com\/embed\/Osj018x0aMg?feature=oembed\" frameborder=\"0\" allow=\"accelerometer; autoplay; clipboard-write; encrypted-media; gyroscope; picture-in-picture; web-share\" referrerpolicy=\"strict-origin-when-cross-origin\" allowfullscreen><\/iframe><\/p>\n<p>A M\u00c9S A\u00a0 M\u00c9S L&#8217;ENAR ENS HA TOCAT UN CONCERT PER A VIOL\u00cd que ens ha quedat gravat a l&#8217;\u00e0nima.<\/p>\n<p><a href=\"https:\/\/agora.xtec.cat\/ceip-santjordi-lleida\/wp-content\/uploads\/usu1393\/2022\/11\/IMG-9082.jpg\"><img loading=\"lazy\" decoding=\"async\" class=\"alignnone size-full wp-image-30819\" src=\"https:\/\/agora.xtec.cat\/ceip-santjordi-lleida\/wp-content\/uploads\/usu1393\/2022\/11\/IMG-9082.jpg\" alt=\"\" width=\"1008\" height=\"756\" srcset=\"https:\/\/agora.xtec.cat\/ceip-santjordi-lleida\/wp-content\/uploads\/usu1393\/2022\/11\/IMG-9082.jpg 1008w, https:\/\/agora.xtec.cat\/ceip-santjordi-lleida\/wp-content\/uploads\/usu1393\/2022\/11\/IMG-9082-300x225.jpg 300w, https:\/\/agora.xtec.cat\/ceip-santjordi-lleida\/wp-content\/uploads\/usu1393\/2022\/11\/IMG-9082-768x576.jpg 768w, https:\/\/agora.xtec.cat\/ceip-santjordi-lleida\/wp-content\/uploads\/usu1393\/2022\/11\/IMG-9082-200x150.jpg 200w\" sizes=\"auto, (max-width: 1008px) 100vw, 1008px\" \/><\/a><\/p>\n","protected":false},"excerpt":{"rendered":"<p>Aquesta setmana \u00e9s Santa Cec\u00edlia, patrona dels m\u00fasics, i durant tota la setmana, a l&#8217;aula de m\u00fasica fem audicions entre els nens i nenes que sabem tocar algun instrument o que tenim una habilitat o talen especial vinculat amb la m\u00fasica. Podem presentar un instrument,&hellip;  <a href=\"https:\/\/agora.xtec.cat\/ceip-santjordi-lleida\/portada\/setmana-musical-a-6e-5\/\" title=\"Read SETMANA MUSICAL A 6\u00e8\">Llegeix m\u00e9s\u00bb<\/a><\/p>\n","protected":false},"author":5,"featured_media":30820,"comment_status":"open","ping_status":"closed","sticky":false,"template":"","format":"standard","meta":{"_bbp_topic_count":0,"_bbp_reply_count":0,"_bbp_total_topic_count":0,"_bbp_total_reply_count":0,"_bbp_voice_count":0,"_bbp_anonymous_reply_count":0,"_bbp_topic_count_hidden":0,"_bbp_reply_count_hidden":0,"_bbp_forum_subforum_count":0,"footnotes":""},"categories":[15,320,4,5],"tags":[350],"class_list":["post-30818","post","type-post","status-publish","format-standard","has-post-thumbnail","hentry","category-6e","category-musica","category-portada","category-primaria","tag-audicio"],"post_mailing_queue_ids":[],"_links":{"self":[{"href":"https:\/\/agora.xtec.cat\/ceip-santjordi-lleida\/wp-json\/wp\/v2\/posts\/30818","targetHints":{"allow":["GET"]}}],"collection":[{"href":"https:\/\/agora.xtec.cat\/ceip-santjordi-lleida\/wp-json\/wp\/v2\/posts"}],"about":[{"href":"https:\/\/agora.xtec.cat\/ceip-santjordi-lleida\/wp-json\/wp\/v2\/types\/post"}],"author":[{"embeddable":true,"href":"https:\/\/agora.xtec.cat\/ceip-santjordi-lleida\/wp-json\/wp\/v2\/users\/5"}],"replies":[{"embeddable":true,"href":"https:\/\/agora.xtec.cat\/ceip-santjordi-lleida\/wp-json\/wp\/v2\/comments?post=30818"}],"version-history":[{"count":2,"href":"https:\/\/agora.xtec.cat\/ceip-santjordi-lleida\/wp-json\/wp\/v2\/posts\/30818\/revisions"}],"predecessor-version":[{"id":30939,"href":"https:\/\/agora.xtec.cat\/ceip-santjordi-lleida\/wp-json\/wp\/v2\/posts\/30818\/revisions\/30939"}],"wp:featuredmedia":[{"embeddable":true,"href":"https:\/\/agora.xtec.cat\/ceip-santjordi-lleida\/wp-json\/wp\/v2\/media\/30820"}],"wp:attachment":[{"href":"https:\/\/agora.xtec.cat\/ceip-santjordi-lleida\/wp-json\/wp\/v2\/media?parent=30818"}],"wp:term":[{"taxonomy":"category","embeddable":true,"href":"https:\/\/agora.xtec.cat\/ceip-santjordi-lleida\/wp-json\/wp\/v2\/categories?post=30818"},{"taxonomy":"post_tag","embeddable":true,"href":"https:\/\/agora.xtec.cat\/ceip-santjordi-lleida\/wp-json\/wp\/v2\/tags?post=30818"}],"curies":[{"name":"wp","href":"https:\/\/api.w.org\/{rel}","templated":true}]}}