{"id":30802,"date":"2022-11-22T22:23:12","date_gmt":"2022-11-22T21:23:12","guid":{"rendered":"https:\/\/agora.xtec.cat\/ceip-santjordi-lleida\/?p=30802"},"modified":"2022-11-22T22:23:12","modified_gmt":"2022-11-22T21:23:12","slug":"setmana-musical-a-4t-4","status":"publish","type":"post","link":"https:\/\/agora.xtec.cat\/ceip-santjordi-lleida\/portada\/setmana-musical-a-4t-4\/","title":{"rendered":"SETMANA MUSICAL A 4T"},"content":{"rendered":"<p>Aquesta setmana \u00e9s Santa Cec\u00edlia, patrona dels m\u00fasics, i durant tota la setmana, a l&#8217;aula de m\u00fasica fem audicions entre els nens i nenes que sabem tocar algun instrument o que tenim una habilitat o talen especial vinculat amb la m\u00fasica. Podem presentar un instrument, explicar-ne les caracter\u00edstiques, tocar-lo, deixar-lo tocar, escoltar-lo, fer-lo sonar&#8230;<\/p>\n<p>D&#8217;aquesta manera donem l&#8217;oportunitat a la resta de companys i companyes de veure un instrument de ben a prop, de tocar-lo, d&#8217;escoltar-lo i de gaudir-lo.<\/p>\n<p>Els nens i nenes de 4t hem presentat i gaudit amb&#8230;<\/p>\n<p>EL RA\u00dcL I LA GUITARRA:<\/p>\n<p><iframe loading=\"lazy\" title=\"El Ra\u00fcl i la guitarra 02\" width=\"500\" height=\"281\" src=\"https:\/\/www.youtube.com\/embed\/zSs83HjHbUE?feature=oembed\" frameborder=\"0\" allow=\"accelerometer; autoplay; clipboard-write; encrypted-media; gyroscope; picture-in-picture; web-share\" referrerpolicy=\"strict-origin-when-cross-origin\" allowfullscreen><\/iframe><\/p>\n<p><iframe loading=\"lazy\" title=\"El Ra\u00fcl i la guitarra 01\" width=\"500\" height=\"281\" src=\"https:\/\/www.youtube.com\/embed\/fZoWnVJUUdQ?feature=oembed\" frameborder=\"0\" allow=\"accelerometer; autoplay; clipboard-write; encrypted-media; gyroscope; picture-in-picture; web-share\" referrerpolicy=\"strict-origin-when-cross-origin\" allowfullscreen><\/iframe><\/p>\n<p>LA IRAIA I LA GUITARRA:<\/p>\n<p><iframe loading=\"lazy\" title=\"La Iraia i la guitarra 02\" width=\"500\" height=\"281\" src=\"https:\/\/www.youtube.com\/embed\/uPoU0JGytF4?feature=oembed\" frameborder=\"0\" allow=\"accelerometer; autoplay; clipboard-write; encrypted-media; gyroscope; picture-in-picture; web-share\" referrerpolicy=\"strict-origin-when-cross-origin\" allowfullscreen><\/iframe><\/p>\n<p><iframe loading=\"lazy\" title=\"La Iraia i la guitarra\" width=\"500\" height=\"281\" src=\"https:\/\/www.youtube.com\/embed\/W28DS5EjC1E?feature=oembed\" frameborder=\"0\" allow=\"accelerometer; autoplay; clipboard-write; encrypted-media; gyroscope; picture-in-picture; web-share\" referrerpolicy=\"strict-origin-when-cross-origin\" allowfullscreen><\/iframe><\/p>\n<p>LA QUIMA I LA GUITARRA<\/p>\n<p><iframe loading=\"lazy\" title=\"La Quima i la guitarra\" width=\"500\" height=\"281\" src=\"https:\/\/www.youtube.com\/embed\/kN0Pwmttg4s?feature=oembed\" frameborder=\"0\" allow=\"accelerometer; autoplay; clipboard-write; encrypted-media; gyroscope; picture-in-picture; web-share\" referrerpolicy=\"strict-origin-when-cross-origin\" allowfullscreen><\/iframe><\/p>\n<p>EL XAVI I LA GUITARRA:<\/p>\n<p><iframe loading=\"lazy\" title=\"El Xavi i la guitarra\" width=\"500\" height=\"281\" src=\"https:\/\/www.youtube.com\/embed\/AKQ_tG2CG08?feature=oembed\" frameborder=\"0\" allow=\"accelerometer; autoplay; clipboard-write; encrypted-media; gyroscope; picture-in-picture; web-share\" referrerpolicy=\"strict-origin-when-cross-origin\" allowfullscreen><\/iframe><\/p>\n<p>L&#8217;\u00c0XEL I LA GUITARRA EL\u00c8CTRICA:<\/p>\n<p><iframe loading=\"lazy\" title=\"L\u2019\u00c0xel i la guitarra el\u00e8ctrica\" width=\"500\" height=\"281\" src=\"https:\/\/www.youtube.com\/embed\/8IiIIjkQquI?feature=oembed\" frameborder=\"0\" allow=\"accelerometer; autoplay; clipboard-write; encrypted-media; gyroscope; picture-in-picture; web-share\" referrerpolicy=\"strict-origin-when-cross-origin\" allowfullscreen><\/iframe><\/p>\n<p>EL JAN I EL PIANO:<\/p>\n<p><iframe loading=\"lazy\" title=\"El Jan i el piano 02\" width=\"500\" height=\"281\" src=\"https:\/\/www.youtube.com\/embed\/H2V5HBmH2NM?feature=oembed\" frameborder=\"0\" allow=\"accelerometer; autoplay; clipboard-write; encrypted-media; gyroscope; picture-in-picture; web-share\" referrerpolicy=\"strict-origin-when-cross-origin\" allowfullscreen><\/iframe><\/p>\n<p><iframe loading=\"lazy\" title=\"El Jan i el piano 01\" width=\"500\" height=\"281\" src=\"https:\/\/www.youtube.com\/embed\/ZWpXJm_ycqQ?feature=oembed\" frameborder=\"0\" allow=\"accelerometer; autoplay; clipboard-write; encrypted-media; gyroscope; picture-in-picture; web-share\" referrerpolicy=\"strict-origin-when-cross-origin\" allowfullscreen><\/iframe><\/p>\n<p>LA LAURA I EL PIANO:<\/p>\n<p><iframe loading=\"lazy\" title=\"La Laura i el piano\" width=\"500\" height=\"281\" src=\"https:\/\/www.youtube.com\/embed\/6K0PyssXcuE?feature=oembed\" frameborder=\"0\" allow=\"accelerometer; autoplay; clipboard-write; encrypted-media; gyroscope; picture-in-picture; web-share\" referrerpolicy=\"strict-origin-when-cross-origin\" allowfullscreen><\/iframe><\/p>\n<p>&nbsp;<\/p>\n","protected":false},"excerpt":{"rendered":"<p>Aquesta setmana \u00e9s Santa Cec\u00edlia, patrona dels m\u00fasics, i durant tota la setmana, a l&#8217;aula de m\u00fasica fem audicions entre els nens i nenes que sabem tocar algun instrument o que tenim una habilitat o talen especial vinculat amb la m\u00fasica. Podem presentar un instrument,&hellip;  <a href=\"https:\/\/agora.xtec.cat\/ceip-santjordi-lleida\/portada\/setmana-musical-a-4t-4\/\" title=\"Read SETMANA MUSICAL A 4T\">Llegeix m\u00e9s\u00bb<\/a><\/p>\n","protected":false},"author":5,"featured_media":30803,"comment_status":"open","ping_status":"closed","sticky":false,"template":"","format":"standard","meta":{"_bbp_topic_count":0,"_bbp_reply_count":0,"_bbp_total_topic_count":0,"_bbp_total_reply_count":0,"_bbp_voice_count":0,"_bbp_anonymous_reply_count":0,"_bbp_topic_count_hidden":0,"_bbp_reply_count_hidden":0,"_bbp_forum_subforum_count":0,"footnotes":""},"categories":[13,320,4,5],"tags":[350],"class_list":["post-30802","post","type-post","status-publish","format-standard","has-post-thumbnail","hentry","category-4t","category-musica","category-portada","category-primaria","tag-audicio"],"post_mailing_queue_ids":[],"_links":{"self":[{"href":"https:\/\/agora.xtec.cat\/ceip-santjordi-lleida\/wp-json\/wp\/v2\/posts\/30802","targetHints":{"allow":["GET"]}}],"collection":[{"href":"https:\/\/agora.xtec.cat\/ceip-santjordi-lleida\/wp-json\/wp\/v2\/posts"}],"about":[{"href":"https:\/\/agora.xtec.cat\/ceip-santjordi-lleida\/wp-json\/wp\/v2\/types\/post"}],"author":[{"embeddable":true,"href":"https:\/\/agora.xtec.cat\/ceip-santjordi-lleida\/wp-json\/wp\/v2\/users\/5"}],"replies":[{"embeddable":true,"href":"https:\/\/agora.xtec.cat\/ceip-santjordi-lleida\/wp-json\/wp\/v2\/comments?post=30802"}],"version-history":[{"count":1,"href":"https:\/\/agora.xtec.cat\/ceip-santjordi-lleida\/wp-json\/wp\/v2\/posts\/30802\/revisions"}],"predecessor-version":[{"id":30804,"href":"https:\/\/agora.xtec.cat\/ceip-santjordi-lleida\/wp-json\/wp\/v2\/posts\/30802\/revisions\/30804"}],"wp:featuredmedia":[{"embeddable":true,"href":"https:\/\/agora.xtec.cat\/ceip-santjordi-lleida\/wp-json\/wp\/v2\/media\/30803"}],"wp:attachment":[{"href":"https:\/\/agora.xtec.cat\/ceip-santjordi-lleida\/wp-json\/wp\/v2\/media?parent=30802"}],"wp:term":[{"taxonomy":"category","embeddable":true,"href":"https:\/\/agora.xtec.cat\/ceip-santjordi-lleida\/wp-json\/wp\/v2\/categories?post=30802"},{"taxonomy":"post_tag","embeddable":true,"href":"https:\/\/agora.xtec.cat\/ceip-santjordi-lleida\/wp-json\/wp\/v2\/tags?post=30802"}],"curies":[{"name":"wp","href":"https:\/\/api.w.org\/{rel}","templated":true}]}}