{"id":30784,"date":"2022-11-18T16:20:52","date_gmt":"2022-11-18T15:20:52","guid":{"rendered":"https:\/\/agora.xtec.cat\/ceip-santjordi-lleida\/?p=30784"},"modified":"2022-11-18T16:20:52","modified_gmt":"2022-11-18T15:20:52","slug":"ritme-les-fades","status":"publish","type":"post","link":"https:\/\/agora.xtec.cat\/ceip-santjordi-lleida\/infantil\/ritme-les-fades\/","title":{"rendered":"RITME: les fades"},"content":{"rendered":"<p>Les fades de tardor, s\u00f3n uns personatges misteriosos que, durant aquesta tardor tan m\u00e0gica apareixen pels entorns m\u00e9s bonics, com les escoles. Per tal uque apareguin cal fer sonar cascavells amb gran precisi\u00f3 r\u00edtmica, tal i com ho hem fet nosaltres.<\/p>\n<p>El grup Infantil groc us en deixem una petita mostra.<\/p>\n<p><iframe loading=\"lazy\" title=\"Les fades (i groc)\" width=\"500\" height=\"281\" src=\"https:\/\/www.youtube.com\/embed\/QQnjEAK0wU8?feature=oembed\" frameborder=\"0\" allow=\"accelerometer; autoplay; clipboard-write; encrypted-media; gyroscope; picture-in-picture; web-share\" referrerpolicy=\"strict-origin-when-cross-origin\" allowfullscreen><\/iframe><\/p>\n","protected":false},"excerpt":{"rendered":"<p>Les fades de tardor, s\u00f3n uns personatges misteriosos que, durant aquesta tardor tan m\u00e0gica apareixen pels entorns m\u00e9s bonics, com les escoles. Per tal uque apareguin cal fer sonar cascavells amb gran precisi\u00f3 r\u00edtmica, tal i com ho hem fet nosaltres.<br \/>\nEl grup Infantil groc us&hellip;  <a href=\"https:\/\/agora.xtec.cat\/ceip-santjordi-lleida\/infantil\/ritme-les-fades\/\" title=\"Read RITME: les fades\">Llegeix m\u00e9s\u00bb<\/a><\/p>\n","protected":false},"author":5,"featured_media":30785,"comment_status":"open","ping_status":"closed","sticky":false,"template":"","format":"standard","meta":{"_bbp_topic_count":0,"_bbp_reply_count":0,"_bbp_total_topic_count":0,"_bbp_total_reply_count":0,"_bbp_voice_count":0,"_bbp_anonymous_reply_count":0,"_bbp_topic_count_hidden":0,"_bbp_reply_count_hidden":0,"_bbp_forum_subforum_count":0,"footnotes":""},"categories":[8,2,320,4],"tags":[400],"class_list":["post-30784","post","type-post","status-publish","format-standard","has-post-thumbnail","hentry","category-groga","category-infantil","category-musica","category-portada","tag-ritme"],"post_mailing_queue_ids":[],"_links":{"self":[{"href":"https:\/\/agora.xtec.cat\/ceip-santjordi-lleida\/wp-json\/wp\/v2\/posts\/30784","targetHints":{"allow":["GET"]}}],"collection":[{"href":"https:\/\/agora.xtec.cat\/ceip-santjordi-lleida\/wp-json\/wp\/v2\/posts"}],"about":[{"href":"https:\/\/agora.xtec.cat\/ceip-santjordi-lleida\/wp-json\/wp\/v2\/types\/post"}],"author":[{"embeddable":true,"href":"https:\/\/agora.xtec.cat\/ceip-santjordi-lleida\/wp-json\/wp\/v2\/users\/5"}],"replies":[{"embeddable":true,"href":"https:\/\/agora.xtec.cat\/ceip-santjordi-lleida\/wp-json\/wp\/v2\/comments?post=30784"}],"version-history":[{"count":1,"href":"https:\/\/agora.xtec.cat\/ceip-santjordi-lleida\/wp-json\/wp\/v2\/posts\/30784\/revisions"}],"predecessor-version":[{"id":30786,"href":"https:\/\/agora.xtec.cat\/ceip-santjordi-lleida\/wp-json\/wp\/v2\/posts\/30784\/revisions\/30786"}],"wp:featuredmedia":[{"embeddable":true,"href":"https:\/\/agora.xtec.cat\/ceip-santjordi-lleida\/wp-json\/wp\/v2\/media\/30785"}],"wp:attachment":[{"href":"https:\/\/agora.xtec.cat\/ceip-santjordi-lleida\/wp-json\/wp\/v2\/media?parent=30784"}],"wp:term":[{"taxonomy":"category","embeddable":true,"href":"https:\/\/agora.xtec.cat\/ceip-santjordi-lleida\/wp-json\/wp\/v2\/categories?post=30784"},{"taxonomy":"post_tag","embeddable":true,"href":"https:\/\/agora.xtec.cat\/ceip-santjordi-lleida\/wp-json\/wp\/v2\/tags?post=30784"}],"curies":[{"name":"wp","href":"https:\/\/api.w.org\/{rel}","templated":true}]}}