{"id":30778,"date":"2022-11-18T16:15:35","date_gmt":"2022-11-18T15:15:35","guid":{"rendered":"https:\/\/agora.xtec.cat\/ceip-santjordi-lleida\/?p=30778"},"modified":"2022-11-18T16:15:35","modified_gmt":"2022-11-18T15:15:35","slug":"ritme-i-moviment-amb-babayetu","status":"publish","type":"post","link":"https:\/\/agora.xtec.cat\/ceip-santjordi-lleida\/portada\/ritme-i-moviment-amb-babayetu\/","title":{"rendered":"RITME I MOVIMENT amb babayetu"},"content":{"rendered":"<p>Aquesta \u00e9s una can\u00e7\u00f3 africana amb la qual vam estar jugant al taller que, el mes passat, vam fer al caixaf\u00f2rum sobre veus i ritmes d&#8217;\u00c0frica.<br \/>\nEn David, el nostre educador i monitor, ens va ensenyar uns moviments r\u00edtmics que ens han servit per associar-los a les diferents frases d&#8217;aquesta can\u00e7\u00f3.<\/p>\n<p>El resultat n&#8217;\u00e9s aquest.<\/p>\n<p><iframe loading=\"lazy\" title=\"Babayetu 3r\" width=\"500\" height=\"281\" src=\"https:\/\/www.youtube.com\/embed\/lYRBUzhauJo?feature=oembed\" frameborder=\"0\" allow=\"accelerometer; autoplay; clipboard-write; encrypted-media; gyroscope; picture-in-picture; web-share\" referrerpolicy=\"strict-origin-when-cross-origin\" allowfullscreen><\/iframe><\/p>\n","protected":false},"excerpt":{"rendered":"<p>Aquesta \u00e9s una can\u00e7\u00f3 africana amb la qual vam estar jugant al taller que, el mes passat, vam fer al caixaf\u00f2rum sobre veus i ritmes d&#8217;\u00c0frica.<br \/>\nEn David, el nostre educador i monitor, ens va ensenyar uns moviments r\u00edtmics que ens han servit per associar-los a&hellip;  <a href=\"https:\/\/agora.xtec.cat\/ceip-santjordi-lleida\/portada\/ritme-i-moviment-amb-babayetu\/\" title=\"Read RITME I MOVIMENT amb babayetu\">Llegeix m\u00e9s\u00bb<\/a><\/p>\n","protected":false},"author":5,"featured_media":30779,"comment_status":"open","ping_status":"closed","sticky":false,"template":"","format":"standard","meta":{"_bbp_topic_count":0,"_bbp_reply_count":0,"_bbp_total_topic_count":0,"_bbp_total_reply_count":0,"_bbp_voice_count":0,"_bbp_anonymous_reply_count":0,"_bbp_topic_count_hidden":0,"_bbp_reply_count_hidden":0,"_bbp_forum_subforum_count":0,"footnotes":""},"categories":[12,320,4,5],"tags":[357,400],"class_list":["post-30778","post","type-post","status-publish","format-standard","has-post-thumbnail","hentry","category-3r","category-musica","category-portada","category-primaria","tag-moviment","tag-ritme"],"post_mailing_queue_ids":[],"_links":{"self":[{"href":"https:\/\/agora.xtec.cat\/ceip-santjordi-lleida\/wp-json\/wp\/v2\/posts\/30778","targetHints":{"allow":["GET"]}}],"collection":[{"href":"https:\/\/agora.xtec.cat\/ceip-santjordi-lleida\/wp-json\/wp\/v2\/posts"}],"about":[{"href":"https:\/\/agora.xtec.cat\/ceip-santjordi-lleida\/wp-json\/wp\/v2\/types\/post"}],"author":[{"embeddable":true,"href":"https:\/\/agora.xtec.cat\/ceip-santjordi-lleida\/wp-json\/wp\/v2\/users\/5"}],"replies":[{"embeddable":true,"href":"https:\/\/agora.xtec.cat\/ceip-santjordi-lleida\/wp-json\/wp\/v2\/comments?post=30778"}],"version-history":[{"count":1,"href":"https:\/\/agora.xtec.cat\/ceip-santjordi-lleida\/wp-json\/wp\/v2\/posts\/30778\/revisions"}],"predecessor-version":[{"id":30780,"href":"https:\/\/agora.xtec.cat\/ceip-santjordi-lleida\/wp-json\/wp\/v2\/posts\/30778\/revisions\/30780"}],"wp:featuredmedia":[{"embeddable":true,"href":"https:\/\/agora.xtec.cat\/ceip-santjordi-lleida\/wp-json\/wp\/v2\/media\/30779"}],"wp:attachment":[{"href":"https:\/\/agora.xtec.cat\/ceip-santjordi-lleida\/wp-json\/wp\/v2\/media?parent=30778"}],"wp:term":[{"taxonomy":"category","embeddable":true,"href":"https:\/\/agora.xtec.cat\/ceip-santjordi-lleida\/wp-json\/wp\/v2\/categories?post=30778"},{"taxonomy":"post_tag","embeddable":true,"href":"https:\/\/agora.xtec.cat\/ceip-santjordi-lleida\/wp-json\/wp\/v2\/tags?post=30778"}],"curies":[{"name":"wp","href":"https:\/\/api.w.org\/{rel}","templated":true}]}}