{"id":30737,"date":"2022-10-22T15:12:02","date_gmt":"2022-10-22T13:12:02","guid":{"rendered":"https:\/\/agora.xtec.cat\/ceip-santjordi-lleida\/?p=30737"},"modified":"2022-10-22T15:12:02","modified_gmt":"2022-10-22T13:12:02","slug":"reconeixement-auditiu-2","status":"publish","type":"post","link":"https:\/\/agora.xtec.cat\/ceip-santjordi-lleida\/portada\/reconeixement-auditiu-2\/","title":{"rendered":"RECONEIXEMENT AUDITIU"},"content":{"rendered":"<p>Ben aviat ens endinsarem en el treball de figures r\u00edtmiques noves; quan aix\u00f2 succeeixi les aprendrem a interpretar, a percebre, a recon\u00e8ixer&#8230;<\/p>\n<p>Abans per\u00f2 cal repassar i consolidar tot el treball fet fi a l&#8217;actualitat. Us deixem un exercici de reconeixement i interpretaci\u00f3 r\u00edtmica:<\/p>\n<p><iframe loading=\"lazy\" title=\"Reconeixement auditiu 6\u00e8 lila\" width=\"500\" height=\"281\" src=\"https:\/\/www.youtube.com\/embed\/F5xnykmfOyk?feature=oembed\" frameborder=\"0\" allow=\"accelerometer; autoplay; clipboard-write; encrypted-media; gyroscope; picture-in-picture; web-share\" referrerpolicy=\"strict-origin-when-cross-origin\" allowfullscreen><\/iframe><\/p>\n<p><iframe loading=\"lazy\" title=\"Reconeixement auditiu 6\u00e8 verd\" width=\"500\" height=\"281\" src=\"https:\/\/www.youtube.com\/embed\/ZR1yJ5nsbAw?feature=oembed\" frameborder=\"0\" allow=\"accelerometer; autoplay; clipboard-write; encrypted-media; gyroscope; picture-in-picture; web-share\" referrerpolicy=\"strict-origin-when-cross-origin\" allowfullscreen><\/iframe><\/p>\n<p><iframe loading=\"lazy\" title=\"Reconeixement auditiu 6\u00e8 taronja\" width=\"500\" height=\"281\" src=\"https:\/\/www.youtube.com\/embed\/H7oohFfSJzk?feature=oembed\" frameborder=\"0\" allow=\"accelerometer; autoplay; clipboard-write; encrypted-media; gyroscope; picture-in-picture; web-share\" referrerpolicy=\"strict-origin-when-cross-origin\" allowfullscreen><\/iframe><\/p>\n","protected":false},"excerpt":{"rendered":"<p>Ben aviat ens endinsarem en el treball de figures r\u00edtmiques noves; quan aix\u00f2 succeeixi les aprendrem a interpretar, a percebre, a recon\u00e8ixer&#8230;<br \/>\nAbans per\u00f2 cal repassar i consolidar tot el treball fet fi a l&#8217;actualitat. Us deixem un exercici de reconeixement i interpretaci\u00f3 r\u00edtmica:<\/p>\n","protected":false},"author":5,"featured_media":30738,"comment_status":"open","ping_status":"closed","sticky":false,"template":"","format":"standard","meta":{"_bbp_topic_count":0,"_bbp_reply_count":0,"_bbp_total_topic_count":0,"_bbp_total_reply_count":0,"_bbp_voice_count":0,"_bbp_anonymous_reply_count":0,"_bbp_topic_count_hidden":0,"_bbp_reply_count_hidden":0,"_bbp_forum_subforum_count":0,"footnotes":""},"categories":[15,320,4,5],"tags":[357],"class_list":["post-30737","post","type-post","status-publish","format-standard","has-post-thumbnail","hentry","category-6e","category-musica","category-portada","category-primaria","tag-moviment"],"post_mailing_queue_ids":[],"_links":{"self":[{"href":"https:\/\/agora.xtec.cat\/ceip-santjordi-lleida\/wp-json\/wp\/v2\/posts\/30737","targetHints":{"allow":["GET"]}}],"collection":[{"href":"https:\/\/agora.xtec.cat\/ceip-santjordi-lleida\/wp-json\/wp\/v2\/posts"}],"about":[{"href":"https:\/\/agora.xtec.cat\/ceip-santjordi-lleida\/wp-json\/wp\/v2\/types\/post"}],"author":[{"embeddable":true,"href":"https:\/\/agora.xtec.cat\/ceip-santjordi-lleida\/wp-json\/wp\/v2\/users\/5"}],"replies":[{"embeddable":true,"href":"https:\/\/agora.xtec.cat\/ceip-santjordi-lleida\/wp-json\/wp\/v2\/comments?post=30737"}],"version-history":[{"count":1,"href":"https:\/\/agora.xtec.cat\/ceip-santjordi-lleida\/wp-json\/wp\/v2\/posts\/30737\/revisions"}],"predecessor-version":[{"id":30739,"href":"https:\/\/agora.xtec.cat\/ceip-santjordi-lleida\/wp-json\/wp\/v2\/posts\/30737\/revisions\/30739"}],"wp:featuredmedia":[{"embeddable":true,"href":"https:\/\/agora.xtec.cat\/ceip-santjordi-lleida\/wp-json\/wp\/v2\/media\/30738"}],"wp:attachment":[{"href":"https:\/\/agora.xtec.cat\/ceip-santjordi-lleida\/wp-json\/wp\/v2\/media?parent=30737"}],"wp:term":[{"taxonomy":"category","embeddable":true,"href":"https:\/\/agora.xtec.cat\/ceip-santjordi-lleida\/wp-json\/wp\/v2\/categories?post=30737"},{"taxonomy":"post_tag","embeddable":true,"href":"https:\/\/agora.xtec.cat\/ceip-santjordi-lleida\/wp-json\/wp\/v2\/tags?post=30737"}],"curies":[{"name":"wp","href":"https:\/\/api.w.org\/{rel}","templated":true}]}}