{"id":30731,"date":"2022-10-22T15:02:09","date_gmt":"2022-10-22T13:02:09","guid":{"rendered":"https:\/\/agora.xtec.cat\/ceip-santjordi-lleida\/?p=30731"},"modified":"2022-10-22T15:02:09","modified_gmt":"2022-10-22T13:02:09","slug":"conte-la-xica-bonica","status":"publish","type":"post","link":"https:\/\/agora.xtec.cat\/ceip-santjordi-lleida\/infantil\/conte-la-xica-bonica\/","title":{"rendered":"CONTE &#8220;La xica bonica&#8221;"},"content":{"rendered":"<p>Enguany, per la festa de la tardor, tornarem a dansar, i interpretarem un cicle de danses tradicionals catalanes aquest cop. Els nens i nenes del parvulari sonoritzarem el conte que ens ha servit de pretext per cantar i ballar la &#8220;Xica bonica&#8221;.<\/p>\n<p>El grup blau, deixem un esbos embastat del qu\u00e8 ser\u00e0 la nostra interpretaci\u00f3 aquest divendres vinent:<\/p>\n<p><iframe loading=\"lazy\" title=\"Conte, can\u00e7\u00f3 i dansa de la xica bonica\" width=\"500\" height=\"281\" src=\"https:\/\/www.youtube.com\/embed\/Cn6f8mPiXG0?feature=oembed\" frameborder=\"0\" allow=\"accelerometer; autoplay; clipboard-write; encrypted-media; gyroscope; picture-in-picture; web-share\" referrerpolicy=\"strict-origin-when-cross-origin\" allowfullscreen><\/iframe><\/p>\n","protected":false},"excerpt":{"rendered":"<p>Enguany, per la festa de la tardor, tornarem a dansar, i interpretarem un cicle de danses tradicionals catalanes aquest cop. Els nens i nenes del parvulari sonoritzarem el conte que ens ha servit de pretext per cantar i ballar la &#8220;Xica bonica&#8221;.<br \/>\nEl grup blau, deixem&hellip;  <a href=\"https:\/\/agora.xtec.cat\/ceip-santjordi-lleida\/infantil\/conte-la-xica-bonica\/\" title=\"Read CONTE &#8220;La xica bonica&#8221;\">Llegeix m\u00e9s\u00bb<\/a><\/p>\n","protected":false},"author":5,"featured_media":30732,"comment_status":"open","ping_status":"closed","sticky":false,"template":"","format":"standard","meta":{"_bbp_topic_count":0,"_bbp_reply_count":0,"_bbp_total_topic_count":0,"_bbp_total_reply_count":0,"_bbp_voice_count":0,"_bbp_anonymous_reply_count":0,"_bbp_topic_count_hidden":0,"_bbp_reply_count_hidden":0,"_bbp_forum_subforum_count":0,"footnotes":""},"categories":[3,8,9,2,320,4],"tags":[348,359],"class_list":["post-30731","post","type-post","status-publish","format-standard","has-post-thumbnail","hentry","category-blava","category-groga","category-verda","category-infantil","category-musica","category-portada","tag-canco","tag-dansa"],"post_mailing_queue_ids":[],"_links":{"self":[{"href":"https:\/\/agora.xtec.cat\/ceip-santjordi-lleida\/wp-json\/wp\/v2\/posts\/30731","targetHints":{"allow":["GET"]}}],"collection":[{"href":"https:\/\/agora.xtec.cat\/ceip-santjordi-lleida\/wp-json\/wp\/v2\/posts"}],"about":[{"href":"https:\/\/agora.xtec.cat\/ceip-santjordi-lleida\/wp-json\/wp\/v2\/types\/post"}],"author":[{"embeddable":true,"href":"https:\/\/agora.xtec.cat\/ceip-santjordi-lleida\/wp-json\/wp\/v2\/users\/5"}],"replies":[{"embeddable":true,"href":"https:\/\/agora.xtec.cat\/ceip-santjordi-lleida\/wp-json\/wp\/v2\/comments?post=30731"}],"version-history":[{"count":1,"href":"https:\/\/agora.xtec.cat\/ceip-santjordi-lleida\/wp-json\/wp\/v2\/posts\/30731\/revisions"}],"predecessor-version":[{"id":30733,"href":"https:\/\/agora.xtec.cat\/ceip-santjordi-lleida\/wp-json\/wp\/v2\/posts\/30731\/revisions\/30733"}],"wp:featuredmedia":[{"embeddable":true,"href":"https:\/\/agora.xtec.cat\/ceip-santjordi-lleida\/wp-json\/wp\/v2\/media\/30732"}],"wp:attachment":[{"href":"https:\/\/agora.xtec.cat\/ceip-santjordi-lleida\/wp-json\/wp\/v2\/media?parent=30731"}],"wp:term":[{"taxonomy":"category","embeddable":true,"href":"https:\/\/agora.xtec.cat\/ceip-santjordi-lleida\/wp-json\/wp\/v2\/categories?post=30731"},{"taxonomy":"post_tag","embeddable":true,"href":"https:\/\/agora.xtec.cat\/ceip-santjordi-lleida\/wp-json\/wp\/v2\/tags?post=30731"}],"curies":[{"name":"wp","href":"https:\/\/api.w.org\/{rel}","templated":true}]}}