{"id":30695,"date":"2022-09-26T15:33:50","date_gmt":"2022-09-26T13:33:50","guid":{"rendered":"https:\/\/agora.xtec.cat\/ceip-santjordi-lleida\/?p=30695"},"modified":"2022-09-26T15:33:50","modified_gmt":"2022-09-26T13:33:50","slug":"inici-de-les-classes-a-musica","status":"publish","type":"post","link":"https:\/\/agora.xtec.cat\/ceip-santjordi-lleida\/infantil\/inici-de-les-classes-a-musica\/","title":{"rendered":"INICI DE LES CLASSES A M\u00daSICA"},"content":{"rendered":"<p>Aquest curs reprenem les classes a educaci\u00f3 infantil amb els grups internivells. Durant les sessions de m\u00fasica cantarem, ballarem, ens mourem, escoltarem, tocarem&#8230; tot utilitzant la m\u00fasica com a eina i com a excusa per treballar molts aspectes de conviv\u00e8ncia, valors, reconeixement auditiu, cohesi\u00f3, qualitats del so&#8230;<\/p>\n<p>De tant en tant al web anirem penjant v\u00eddeos que pretenen ser una petita finestra oberta a les propostes que realitzaran els vostres fills i filles. Aleat\u00f2riament, anirem enregistrant activitats d&#8217;un grup o un altre. Tothom hi sortir\u00e0 representat en alguna de les entrades.<\/p>\n<p>De moment us compartim dues activitats que hem fet ara a l&#8217;inici de curs:<\/p>\n<p>SALTA GROS GRIPAAU:<\/p>\n<p><iframe loading=\"lazy\" title=\"Salta gros gripau (blaus)\" width=\"500\" height=\"281\" src=\"https:\/\/www.youtube.com\/embed\/i2F07ujEaWI?start=3&#038;feature=oembed\" frameborder=\"0\" allow=\"accelerometer; autoplay; clipboard-write; encrypted-media; gyroscope; picture-in-picture; web-share\" referrerpolicy=\"strict-origin-when-cross-origin\" allowfullscreen><\/iframe><\/p>\n<p>ENDEVINA QUI S\u00d3C:<\/p>\n<p><iframe loading=\"lazy\" title=\"Qui s\u00f3c? (Verds)\" width=\"500\" height=\"281\" src=\"https:\/\/www.youtube.com\/embed\/Vc76KGCbI5I?feature=oembed\" frameborder=\"0\" allow=\"accelerometer; autoplay; clipboard-write; encrypted-media; gyroscope; picture-in-picture; web-share\" referrerpolicy=\"strict-origin-when-cross-origin\" allowfullscreen><\/iframe><\/p>\n","protected":false},"excerpt":{"rendered":"<p>Aquest curs reprenem les classes a educaci\u00f3 infantil amb els grups internivells. Durant les sessions de m\u00fasica cantarem, ballarem, ens mourem, escoltarem, tocarem&#8230; tot utilitzant la m\u00fasica com a eina i com a excusa per treballar molts aspectes de conviv\u00e8ncia, valors, reconeixement auditiu, cohesi\u00f3, qualitats&hellip;  <a href=\"https:\/\/agora.xtec.cat\/ceip-santjordi-lleida\/infantil\/inici-de-les-classes-a-musica\/\" title=\"Read INICI DE LES CLASSES A M\u00daSICA\">Llegeix m\u00e9s\u00bb<\/a><\/p>\n","protected":false},"author":5,"featured_media":30696,"comment_status":"open","ping_status":"closed","sticky":false,"template":"","format":"standard","meta":{"_bbp_topic_count":0,"_bbp_reply_count":0,"_bbp_total_topic_count":0,"_bbp_total_reply_count":0,"_bbp_voice_count":0,"_bbp_anonymous_reply_count":0,"_bbp_topic_count_hidden":0,"_bbp_reply_count_hidden":0,"_bbp_forum_subforum_count":0,"footnotes":""},"categories":[3,8,9,2,320,4],"tags":[350,357],"class_list":["post-30695","post","type-post","status-publish","format-standard","has-post-thumbnail","hentry","category-blava","category-groga","category-verda","category-infantil","category-musica","category-portada","tag-audicio","tag-moviment"],"post_mailing_queue_ids":[],"_links":{"self":[{"href":"https:\/\/agora.xtec.cat\/ceip-santjordi-lleida\/wp-json\/wp\/v2\/posts\/30695","targetHints":{"allow":["GET"]}}],"collection":[{"href":"https:\/\/agora.xtec.cat\/ceip-santjordi-lleida\/wp-json\/wp\/v2\/posts"}],"about":[{"href":"https:\/\/agora.xtec.cat\/ceip-santjordi-lleida\/wp-json\/wp\/v2\/types\/post"}],"author":[{"embeddable":true,"href":"https:\/\/agora.xtec.cat\/ceip-santjordi-lleida\/wp-json\/wp\/v2\/users\/5"}],"replies":[{"embeddable":true,"href":"https:\/\/agora.xtec.cat\/ceip-santjordi-lleida\/wp-json\/wp\/v2\/comments?post=30695"}],"version-history":[{"count":1,"href":"https:\/\/agora.xtec.cat\/ceip-santjordi-lleida\/wp-json\/wp\/v2\/posts\/30695\/revisions"}],"predecessor-version":[{"id":30697,"href":"https:\/\/agora.xtec.cat\/ceip-santjordi-lleida\/wp-json\/wp\/v2\/posts\/30695\/revisions\/30697"}],"wp:featuredmedia":[{"embeddable":true,"href":"https:\/\/agora.xtec.cat\/ceip-santjordi-lleida\/wp-json\/wp\/v2\/media\/30696"}],"wp:attachment":[{"href":"https:\/\/agora.xtec.cat\/ceip-santjordi-lleida\/wp-json\/wp\/v2\/media?parent=30695"}],"wp:term":[{"taxonomy":"category","embeddable":true,"href":"https:\/\/agora.xtec.cat\/ceip-santjordi-lleida\/wp-json\/wp\/v2\/categories?post=30695"},{"taxonomy":"post_tag","embeddable":true,"href":"https:\/\/agora.xtec.cat\/ceip-santjordi-lleida\/wp-json\/wp\/v2\/tags?post=30695"}],"curies":[{"name":"wp","href":"https:\/\/api.w.org\/{rel}","templated":true}]}}