{"id":30556,"date":"2022-06-11T17:44:37","date_gmt":"2022-06-11T15:44:37","guid":{"rendered":"https:\/\/agora.xtec.cat\/ceip-santjordi-lleida\/?p=30556"},"modified":"2022-06-11T17:44:37","modified_gmt":"2022-06-11T15:44:37","slug":"iia-trobada-corrandescola-ponent","status":"publish","type":"post","link":"https:\/\/agora.xtec.cat\/ceip-santjordi-lleida\/portada\/iia-trobada-corrandescola-ponent\/","title":{"rendered":"IIa trobada Corrandescola Ponent"},"content":{"rendered":"<p>El passat 31 de maig els nens i nenes de Cs vam participar d&#8217;aquesta 2a trobada de corrandescoles de ponent. Durant el mat\u00ed, 6 centres de ponent vam compartir m\u00fasica tot improvisant i cantant diferents tonades i melodies pr\u00f2pies del nostre pa\u00eds que utilitzem per improvisar.<\/p>\n<p>\u00c9s la culminaci\u00f3 del treball fet durant el curs i va ser un goig poder veure com aquesta trobada va donar el seu fruit. Enguany, els infants de 6\u00e8 hi vam participar activament i els de cinqu\u00e8 vam fer de p\u00fablic actiu (el curs vinent ser\u00e0 la nostra 1a trobada com a actius), no obstant hi va haver un espontani que va voler sortir i ho va fer d&#8217;all\u00f2 m\u00e9s b\u00e9.<\/p>\n<p>Volem agrair especialment al grup Lauzeta que ens amenitz\u00e9s i acompany\u00e9s tota la jornada.<\/p>\n<p>Us deixem el v\u00eddeo del que va ser la nostra trobada.<\/p>\n<p><iframe loading=\"lazy\" title=\"II Trobada CorrandaescolaPonent\" width=\"500\" height=\"281\" src=\"https:\/\/www.youtube.com\/embed\/CqQwxT0CWtg?feature=oembed\" frameborder=\"0\" allow=\"accelerometer; autoplay; clipboard-write; encrypted-media; gyroscope; picture-in-picture; web-share\" referrerpolicy=\"strict-origin-when-cross-origin\" allowfullscreen><\/iframe><\/p>\n","protected":false},"excerpt":{"rendered":"<p>El passat 31 de maig els nens i nenes de Cs vam participar d&#8217;aquesta 2a trobada de corrandescoles de ponent. Durant el mat\u00ed, 6 centres de ponent vam compartir m\u00fasica tot improvisant i cantant diferents tonades i melodies pr\u00f2pies del nostre pa\u00eds que utilitzem per&hellip;  <a href=\"https:\/\/agora.xtec.cat\/ceip-santjordi-lleida\/portada\/iia-trobada-corrandescola-ponent\/\" title=\"Read IIa trobada Corrandescola Ponent\">Llegeix m\u00e9s\u00bb<\/a><\/p>\n","protected":false},"author":5,"featured_media":30557,"comment_status":"open","ping_status":"closed","sticky":false,"template":"","format":"standard","meta":{"_bbp_topic_count":0,"_bbp_reply_count":0,"_bbp_total_topic_count":0,"_bbp_total_reply_count":0,"_bbp_voice_count":0,"_bbp_anonymous_reply_count":0,"_bbp_topic_count_hidden":0,"_bbp_reply_count_hidden":0,"_bbp_forum_subforum_count":0,"footnotes":""},"categories":[14,15,320,4,5],"tags":[348],"class_list":["post-30556","post","type-post","status-publish","format-standard","has-post-thumbnail","hentry","category-5e","category-6e","category-musica","category-portada","category-primaria","tag-canco"],"post_mailing_queue_ids":[],"_links":{"self":[{"href":"https:\/\/agora.xtec.cat\/ceip-santjordi-lleida\/wp-json\/wp\/v2\/posts\/30556","targetHints":{"allow":["GET"]}}],"collection":[{"href":"https:\/\/agora.xtec.cat\/ceip-santjordi-lleida\/wp-json\/wp\/v2\/posts"}],"about":[{"href":"https:\/\/agora.xtec.cat\/ceip-santjordi-lleida\/wp-json\/wp\/v2\/types\/post"}],"author":[{"embeddable":true,"href":"https:\/\/agora.xtec.cat\/ceip-santjordi-lleida\/wp-json\/wp\/v2\/users\/5"}],"replies":[{"embeddable":true,"href":"https:\/\/agora.xtec.cat\/ceip-santjordi-lleida\/wp-json\/wp\/v2\/comments?post=30556"}],"version-history":[{"count":1,"href":"https:\/\/agora.xtec.cat\/ceip-santjordi-lleida\/wp-json\/wp\/v2\/posts\/30556\/revisions"}],"predecessor-version":[{"id":30558,"href":"https:\/\/agora.xtec.cat\/ceip-santjordi-lleida\/wp-json\/wp\/v2\/posts\/30556\/revisions\/30558"}],"wp:featuredmedia":[{"embeddable":true,"href":"https:\/\/agora.xtec.cat\/ceip-santjordi-lleida\/wp-json\/wp\/v2\/media\/30557"}],"wp:attachment":[{"href":"https:\/\/agora.xtec.cat\/ceip-santjordi-lleida\/wp-json\/wp\/v2\/media?parent=30556"}],"wp:term":[{"taxonomy":"category","embeddable":true,"href":"https:\/\/agora.xtec.cat\/ceip-santjordi-lleida\/wp-json\/wp\/v2\/categories?post=30556"},{"taxonomy":"post_tag","embeddable":true,"href":"https:\/\/agora.xtec.cat\/ceip-santjordi-lleida\/wp-json\/wp\/v2\/tags?post=30556"}],"curies":[{"name":"wp","href":"https:\/\/api.w.org\/{rel}","templated":true}]}}