{"id":30530,"date":"2022-06-05T18:26:21","date_gmt":"2022-06-05T16:26:21","guid":{"rendered":"https:\/\/agora.xtec.cat\/ceip-santjordi-lleida\/?p=30530"},"modified":"2022-06-05T18:26:21","modified_gmt":"2022-06-05T16:26:21","slug":"canco-la-nostra-clika","status":"publish","type":"post","link":"https:\/\/agora.xtec.cat\/ceip-santjordi-lleida\/portada\/canco-la-nostra-clika\/","title":{"rendered":"CAN\u00c7\u00d3: La nostra clika"},"content":{"rendered":"<p>Ja fa uns quants dies, uns 15 dies, que vam anar a l&#8217;Auditori a la XIXa trobada de corals infantils. Nosaltres vam interpretar 5 de les 11 can\u00e7ons que confegeixen la cantata i ara, us deixem la nostra interpretaci\u00f3 des de la intimitat.<\/p>\n<p><iframe loading=\"lazy\" title=\"La clicka 4t\" width=\"500\" height=\"281\" src=\"https:\/\/www.youtube.com\/embed\/njcJg6eKEKU?feature=oembed\" frameborder=\"0\" allow=\"accelerometer; autoplay; clipboard-write; encrypted-media; gyroscope; picture-in-picture; web-share\" referrerpolicy=\"strict-origin-when-cross-origin\" allowfullscreen><\/iframe><\/p>\n<p>A m\u00e9s a m\u00e9s us deixem un enregistrament \u00edntegre del que vam viure a l&#8217;auditori.<\/p>\n<p><iframe loading=\"lazy\" title=\"Trobada de corals de prim\u00e0ria 2022 (millorada)\" width=\"500\" height=\"281\" src=\"https:\/\/www.youtube.com\/embed\/sEyqSdOsNkU?feature=oembed\" frameborder=\"0\" allow=\"accelerometer; autoplay; clipboard-write; encrypted-media; gyroscope; picture-in-picture; web-share\" referrerpolicy=\"strict-origin-when-cross-origin\" allowfullscreen><\/iframe><\/p>\n","protected":false},"excerpt":{"rendered":"<p>Ja fa uns quants dies, uns 15 dies, que vam anar a l&#8217;Auditori a la XIXa trobada de corals infantils. Nosaltres vam interpretar 5 de les 11 can\u00e7ons que confegeixen la cantata i ara, us deixem la nostra interpretaci\u00f3 des de la intimitat.<\/p>\n<p>A m\u00e9s a&hellip;  <a href=\"https:\/\/agora.xtec.cat\/ceip-santjordi-lleida\/portada\/canco-la-nostra-clika\/\" title=\"Read CAN\u00c7\u00d3: La nostra clika\">Llegeix m\u00e9s\u00bb<\/a><\/p>\n","protected":false},"author":5,"featured_media":30531,"comment_status":"open","ping_status":"closed","sticky":false,"template":"","format":"standard","meta":{"_bbp_topic_count":0,"_bbp_reply_count":0,"_bbp_total_topic_count":0,"_bbp_total_reply_count":0,"_bbp_voice_count":0,"_bbp_anonymous_reply_count":0,"_bbp_topic_count_hidden":0,"_bbp_reply_count_hidden":0,"_bbp_forum_subforum_count":0,"footnotes":""},"categories":[13,320,4,5],"tags":[348],"class_list":["post-30530","post","type-post","status-publish","format-standard","has-post-thumbnail","hentry","category-4t","category-musica","category-portada","category-primaria","tag-canco"],"post_mailing_queue_ids":[],"_links":{"self":[{"href":"https:\/\/agora.xtec.cat\/ceip-santjordi-lleida\/wp-json\/wp\/v2\/posts\/30530","targetHints":{"allow":["GET"]}}],"collection":[{"href":"https:\/\/agora.xtec.cat\/ceip-santjordi-lleida\/wp-json\/wp\/v2\/posts"}],"about":[{"href":"https:\/\/agora.xtec.cat\/ceip-santjordi-lleida\/wp-json\/wp\/v2\/types\/post"}],"author":[{"embeddable":true,"href":"https:\/\/agora.xtec.cat\/ceip-santjordi-lleida\/wp-json\/wp\/v2\/users\/5"}],"replies":[{"embeddable":true,"href":"https:\/\/agora.xtec.cat\/ceip-santjordi-lleida\/wp-json\/wp\/v2\/comments?post=30530"}],"version-history":[{"count":1,"href":"https:\/\/agora.xtec.cat\/ceip-santjordi-lleida\/wp-json\/wp\/v2\/posts\/30530\/revisions"}],"predecessor-version":[{"id":30532,"href":"https:\/\/agora.xtec.cat\/ceip-santjordi-lleida\/wp-json\/wp\/v2\/posts\/30530\/revisions\/30532"}],"wp:featuredmedia":[{"embeddable":true,"href":"https:\/\/agora.xtec.cat\/ceip-santjordi-lleida\/wp-json\/wp\/v2\/media\/30531"}],"wp:attachment":[{"href":"https:\/\/agora.xtec.cat\/ceip-santjordi-lleida\/wp-json\/wp\/v2\/media?parent=30530"}],"wp:term":[{"taxonomy":"category","embeddable":true,"href":"https:\/\/agora.xtec.cat\/ceip-santjordi-lleida\/wp-json\/wp\/v2\/categories?post=30530"},{"taxonomy":"post_tag","embeddable":true,"href":"https:\/\/agora.xtec.cat\/ceip-santjordi-lleida\/wp-json\/wp\/v2\/tags?post=30530"}],"curies":[{"name":"wp","href":"https:\/\/api.w.org\/{rel}","templated":true}]}}