{"id":30494,"date":"2022-05-29T01:34:22","date_gmt":"2022-05-28T23:34:22","guid":{"rendered":"https:\/\/agora.xtec.cat\/ceip-santjordi-lleida\/?p=30494"},"modified":"2022-06-23T10:38:15","modified_gmt":"2022-06-23T08:38:15","slug":"festa-de-la-primavera-2","status":"publish","type":"post","link":"https:\/\/agora.xtec.cat\/ceip-santjordi-lleida\/portada\/festa-de-la-primavera-2\/","title":{"rendered":"FESTA DE LA PRIMAVERA"},"content":{"rendered":"<p>Despr\u00e9s de dos cursos sense poder celebrar una de les festes m\u00e9s esperades de la nostra escola per molts motius (emotiva, divertida, distesa, de retrobament, de comunitat&#8230;), enguany hem pogut celebrar-la.<\/p>\n<p>La tarda ha comen\u00e7at amb un comiat \u00edntim als nens i nenes de sis\u00e8. Un comiat emotiu, curt i am\u00e8.<\/p>\n<p>Despr\u00e9s ha continuat amb jocs, sopar i ball.<\/p>\n<p>Us deixem un recull de fotos del que ha estat la nostra &#8220;Festa de la primavera&#8221;<\/p>\n<p><a href=\"https:\/\/photos.app.goo.gl\/J6tqMA6FCKubKBE68\" target=\"_blank\" rel=\"noopener\"><img loading=\"lazy\" decoding=\"async\" class=\"alignnone wp-image-30495 size-full\" src=\"https:\/\/agora.xtec.cat\/ceip-santjordi-lleida\/wp-content\/uploads\/usu1393\/2022\/05\/IMG-7405.jpg\" alt=\"\" width=\"1008\" height=\"756\" srcset=\"https:\/\/agora.xtec.cat\/ceip-santjordi-lleida\/wp-content\/uploads\/usu1393\/2022\/05\/IMG-7405.jpg 1008w, https:\/\/agora.xtec.cat\/ceip-santjordi-lleida\/wp-content\/uploads\/usu1393\/2022\/05\/IMG-7405-300x225.jpg 300w, https:\/\/agora.xtec.cat\/ceip-santjordi-lleida\/wp-content\/uploads\/usu1393\/2022\/05\/IMG-7405-768x576.jpg 768w, https:\/\/agora.xtec.cat\/ceip-santjordi-lleida\/wp-content\/uploads\/usu1393\/2022\/05\/IMG-7405-200x150.jpg 200w\" sizes=\"auto, (max-width: 1008px) 100vw, 1008px\" \/><\/a><\/p>\n","protected":false},"excerpt":{"rendered":"<p>Despr\u00e9s de dos cursos sense poder celebrar una de les festes m\u00e9s esperades de la nostra escola per molts motius (emotiva, divertida, distesa, de retrobament, de comunitat&#8230;), enguany hem pogut celebrar-la.<br \/>\nLa tarda ha comen\u00e7at amb un comiat \u00edntim als nens i nenes de sis\u00e8. Un&hellip;  <a href=\"https:\/\/agora.xtec.cat\/ceip-santjordi-lleida\/portada\/festa-de-la-primavera-2\/\" title=\"Read FESTA DE LA PRIMAVERA\">Llegeix m\u00e9s\u00bb<\/a><\/p>\n","protected":false},"author":5,"featured_media":30495,"comment_status":"open","ping_status":"closed","sticky":false,"template":"","format":"standard","meta":{"_bbp_topic_count":0,"_bbp_reply_count":0,"_bbp_total_topic_count":0,"_bbp_total_reply_count":0,"_bbp_voice_count":0,"_bbp_anonymous_reply_count":0,"_bbp_topic_count_hidden":0,"_bbp_reply_count_hidden":0,"_bbp_forum_subforum_count":0,"footnotes":""},"categories":[321,4],"tags":[392],"class_list":["post-30494","post","type-post","status-publish","format-standard","has-post-thumbnail","hentry","category-festes","category-portada","tag-festa-de-la-primavera"],"post_mailing_queue_ids":[],"_links":{"self":[{"href":"https:\/\/agora.xtec.cat\/ceip-santjordi-lleida\/wp-json\/wp\/v2\/posts\/30494","targetHints":{"allow":["GET"]}}],"collection":[{"href":"https:\/\/agora.xtec.cat\/ceip-santjordi-lleida\/wp-json\/wp\/v2\/posts"}],"about":[{"href":"https:\/\/agora.xtec.cat\/ceip-santjordi-lleida\/wp-json\/wp\/v2\/types\/post"}],"author":[{"embeddable":true,"href":"https:\/\/agora.xtec.cat\/ceip-santjordi-lleida\/wp-json\/wp\/v2\/users\/5"}],"replies":[{"embeddable":true,"href":"https:\/\/agora.xtec.cat\/ceip-santjordi-lleida\/wp-json\/wp\/v2\/comments?post=30494"}],"version-history":[{"count":1,"href":"https:\/\/agora.xtec.cat\/ceip-santjordi-lleida\/wp-json\/wp\/v2\/posts\/30494\/revisions"}],"predecessor-version":[{"id":30496,"href":"https:\/\/agora.xtec.cat\/ceip-santjordi-lleida\/wp-json\/wp\/v2\/posts\/30494\/revisions\/30496"}],"wp:featuredmedia":[{"embeddable":true,"href":"https:\/\/agora.xtec.cat\/ceip-santjordi-lleida\/wp-json\/wp\/v2\/media\/30495"}],"wp:attachment":[{"href":"https:\/\/agora.xtec.cat\/ceip-santjordi-lleida\/wp-json\/wp\/v2\/media?parent=30494"}],"wp:term":[{"taxonomy":"category","embeddable":true,"href":"https:\/\/agora.xtec.cat\/ceip-santjordi-lleida\/wp-json\/wp\/v2\/categories?post=30494"},{"taxonomy":"post_tag","embeddable":true,"href":"https:\/\/agora.xtec.cat\/ceip-santjordi-lleida\/wp-json\/wp\/v2\/tags?post=30494"}],"curies":[{"name":"wp","href":"https:\/\/api.w.org\/{rel}","templated":true}]}}