{"id":30433,"date":"2022-05-06T13:17:49","date_gmt":"2022-05-06T11:17:49","guid":{"rendered":"https:\/\/agora.xtec.cat\/ceip-santjordi-lleida\/?p=30433"},"modified":"2022-05-06T13:17:49","modified_gmt":"2022-05-06T11:17:49","slug":"el-cicle-inicial-i-lemergencia-climatica","status":"publish","type":"post","link":"https:\/\/agora.xtec.cat\/ceip-santjordi-lleida\/general\/el-cicle-inicial-i-lemergencia-climatica\/","title":{"rendered":"EL CICLE INICIAL I L&#8217;EMERG\u00c8NCIA CLIM\u00c0TICA"},"content":{"rendered":"<p>La gent de cicle inicial hem participat d&#8217;una gimcana clim\u00e0tica al bosc urb\u00e0 de la pla\u00e7a Pa\u00efsos Catalans. Treballant en equip hem hagut de resoldre proves al voltant del canvi clim\u00e0tic per con\u00e8ixer quines en s\u00f3n les seves causes i quines les seves conseq\u00fc\u00e8ncies.<\/p>\n<p>Hem apr\u00e8s moltes coses sobre la import\u00e0ncia de la sostenibilitat i la cura del medi ambient, per aix\u00f2 anem prenent consci\u00e8ncia de la repercussi\u00f3 de les nostres accions del dia a dia.<\/p>\n<p>Seguim!<\/p>\n<p><a href=\"https:\/\/photos.app.goo.gl\/JsefJ9A5JN5iVQA69\"><img loading=\"lazy\" decoding=\"async\" class=\"aligncenter size-medium wp-image-30434\" src=\"https:\/\/agora.xtec.cat\/ceip-santjordi-lleida\/wp-content\/uploads\/usu1393\/2022\/05\/IMG20220429103756-petit-300x225.jpg\" alt=\"\" width=\"300\" height=\"225\" srcset=\"https:\/\/agora.xtec.cat\/ceip-santjordi-lleida\/wp-content\/uploads\/usu1393\/2022\/05\/IMG20220429103756-petit-300x225.jpg 300w, https:\/\/agora.xtec.cat\/ceip-santjordi-lleida\/wp-content\/uploads\/usu1393\/2022\/05\/IMG20220429103756-petit-200x150.jpg 200w, https:\/\/agora.xtec.cat\/ceip-santjordi-lleida\/wp-content\/uploads\/usu1393\/2022\/05\/IMG20220429103756-petit.jpg 500w\" sizes=\"auto, (max-width: 300px) 100vw, 300px\" \/><\/a><\/p>\n<p>&nbsp;<\/p>\n","protected":false},"excerpt":{"rendered":"<p>La gent de cicle inicial hem participat d&#8217;una gimcana clim\u00e0tica al bosc urb\u00e0 de la pla\u00e7a Pa\u00efsos Catalans. Treballant en equip hem hagut de resoldre proves al voltant del canvi clim\u00e0tic per con\u00e8ixer quines en s\u00f3n les seves causes i quines les seves conseq\u00fc\u00e8ncies.<br \/>\nHem apr\u00e8s&hellip;  <a href=\"https:\/\/agora.xtec.cat\/ceip-santjordi-lleida\/general\/el-cicle-inicial-i-lemergencia-climatica\/\" title=\"Read EL CICLE INICIAL I L&#8217;EMERG\u00c8NCIA CLIM\u00c0TICA\">Llegeix m\u00e9s\u00bb<\/a><\/p>\n","protected":false},"author":10,"featured_media":30434,"comment_status":"open","ping_status":"closed","sticky":false,"template":"","format":"standard","meta":{"_bbp_topic_count":0,"_bbp_reply_count":0,"_bbp_total_topic_count":0,"_bbp_total_reply_count":0,"_bbp_voice_count":0,"_bbp_anonymous_reply_count":0,"_bbp_topic_count_hidden":0,"_bbp_reply_count_hidden":0,"_bbp_forum_subforum_count":0,"footnotes":""},"categories":[10,11,1,73,4],"tags":[],"class_list":["post-30433","post","type-post","status-publish","format-standard","has-post-thumbnail","hentry","category-1r","category-2n","category-general","category-novetats","category-portada"],"post_mailing_queue_ids":[],"_links":{"self":[{"href":"https:\/\/agora.xtec.cat\/ceip-santjordi-lleida\/wp-json\/wp\/v2\/posts\/30433","targetHints":{"allow":["GET"]}}],"collection":[{"href":"https:\/\/agora.xtec.cat\/ceip-santjordi-lleida\/wp-json\/wp\/v2\/posts"}],"about":[{"href":"https:\/\/agora.xtec.cat\/ceip-santjordi-lleida\/wp-json\/wp\/v2\/types\/post"}],"author":[{"embeddable":true,"href":"https:\/\/agora.xtec.cat\/ceip-santjordi-lleida\/wp-json\/wp\/v2\/users\/10"}],"replies":[{"embeddable":true,"href":"https:\/\/agora.xtec.cat\/ceip-santjordi-lleida\/wp-json\/wp\/v2\/comments?post=30433"}],"version-history":[{"count":1,"href":"https:\/\/agora.xtec.cat\/ceip-santjordi-lleida\/wp-json\/wp\/v2\/posts\/30433\/revisions"}],"predecessor-version":[{"id":30435,"href":"https:\/\/agora.xtec.cat\/ceip-santjordi-lleida\/wp-json\/wp\/v2\/posts\/30433\/revisions\/30435"}],"wp:featuredmedia":[{"embeddable":true,"href":"https:\/\/agora.xtec.cat\/ceip-santjordi-lleida\/wp-json\/wp\/v2\/media\/30434"}],"wp:attachment":[{"href":"https:\/\/agora.xtec.cat\/ceip-santjordi-lleida\/wp-json\/wp\/v2\/media?parent=30433"}],"wp:term":[{"taxonomy":"category","embeddable":true,"href":"https:\/\/agora.xtec.cat\/ceip-santjordi-lleida\/wp-json\/wp\/v2\/categories?post=30433"},{"taxonomy":"post_tag","embeddable":true,"href":"https:\/\/agora.xtec.cat\/ceip-santjordi-lleida\/wp-json\/wp\/v2\/tags?post=30433"}],"curies":[{"name":"wp","href":"https:\/\/api.w.org\/{rel}","templated":true}]}}