{"id":30425,"date":"2022-05-05T19:24:43","date_gmt":"2022-05-05T17:24:43","guid":{"rendered":"https:\/\/agora.xtec.cat\/ceip-santjordi-lleida\/?p=30425"},"modified":"2022-05-05T19:24:43","modified_gmt":"2022-05-05T17:24:43","slug":"colonies-a-la-garrotxa-2n-dia","status":"publish","type":"post","link":"https:\/\/agora.xtec.cat\/ceip-santjordi-lleida\/portada\/colonies-a-la-garrotxa-2n-dia\/","title":{"rendered":"COL\u00d2NIES A LA GARROTXA, 2n dia"},"content":{"rendered":"<p>Bon dia de nou fam\u00edlies. Avui segon dia de la nostra estada a la Garrotxa i segurament el dia m\u00e9s intens.<\/p>\n<p>Al mat\u00ed, despr\u00e9s d&#8217;un bon esmorzar i de felicitar a la Dafne (que avui ha fet 9 anys, un dia ben especial per a ella i lluny de casa) hem fet ruta cap a un dels espais m\u00e9s m\u00e0gics de la Garrotxa: La fageda d&#8217;en Jord\u00e0. Espai protegit dins el parc Natural de la Garrotxa. All\u00ed hem escoltat, hem abra\u00e7at, hem sentit, hem observat, hem mirat, hem passejat, hem gaudit, hem&#8230;<\/p>\n<p>A la tarda, despr\u00e9s d&#8217;un dinar de p\u00edcnic espectacular, hem continuat caminant per visitar el Croscat, les gredes del volc\u00e0. El Guillem i la Montserrat, el nostre monitor i la nostra monitora, ens han explicat un munt de coses sobre aquest fenomen que aquest curs, a Can\u00e0ries, ha estat not\u00edcia.<\/p>\n<p>Un dia per recordar paisatge, companyia, passejos, viv\u00e8ncies, melodies, converses i poesia com la que Joan Maragall va dedicar a la fageda d&#8217;en Jord\u00e0.<\/p>\n<p>Saps on \u00e9s la fageda d&#8217;en Jord\u00e0?<br \/>\n<em>Si vas pels vols d&#8217;Olot, amunt del pla,<\/em><br \/>\n<em>trobar\u00e0s un indret verd i profund<\/em><br \/>\n<em>com mai cap m\u00e9s n&#8217;hagis trobat al m\u00f3n:<\/em><br \/>\n<em>un verd com d&#8217;aigua endins, profund i clar;<\/em><br \/>\n<em>el verd de la fageda d&#8217;en Jord\u00e0.<\/em><br \/>\n<em>El caminant, quan entra en aquest lloc,<\/em><br \/>\n<em>comen\u00e7a a caminar-hi a poc a poc;<\/em><br \/>\n<em>compta els seus passos en la gran quietud:<\/em><br \/>\n<em>s&#8217;atura, i no sent res, i est\u00e0 perdut.<\/em><br \/>\n<em>Li agafa un dol\u00e7 oblit de tot lo m\u00f3n<\/em><br \/>\n<em>en el silenci d&#8217;aquell lloc profund,<\/em><br \/>\n<em>i no pensa en sortir, o hi pensa en va:<\/em><br \/>\n<em>\u00e9s pres de la fageda d&#8217;en Jord\u00e0,<\/em><br \/>\n<em>presoner del silenci i la verdor.<\/em><br \/>\n<em>Oh companyia! Oh deslliurant pres\u00f3!<\/em><\/p>\n<p>Fins dem\u00e0 fam\u00edlies!!!<\/p>\n<p><em>Clica per veure&#8217;n m\u00e9s.<\/em><\/p>\n<p><a href=\"https:\/\/photos.app.goo.gl\/zsWYT5UshsFjUva79\" target=\"_blank\" rel=\"noopener\"><img loading=\"lazy\" decoding=\"async\" class=\"alignnone wp-image-30429 size-large\" src=\"https:\/\/agora.xtec.cat\/ceip-santjordi-lleida\/wp-content\/uploads\/usu1393\/2022\/05\/2n_dia_garrotxa_02-1024x674.jpg\" alt=\"\" width=\"1024\" height=\"674\" srcset=\"https:\/\/agora.xtec.cat\/ceip-santjordi-lleida\/wp-content\/uploads\/usu1393\/2022\/05\/2n_dia_garrotxa_02-1024x674.jpg 1024w, https:\/\/agora.xtec.cat\/ceip-santjordi-lleida\/wp-content\/uploads\/usu1393\/2022\/05\/2n_dia_garrotxa_02-300x197.jpg 300w, https:\/\/agora.xtec.cat\/ceip-santjordi-lleida\/wp-content\/uploads\/usu1393\/2022\/05\/2n_dia_garrotxa_02-768x505.jpg 768w, https:\/\/agora.xtec.cat\/ceip-santjordi-lleida\/wp-content\/uploads\/usu1393\/2022\/05\/2n_dia_garrotxa_02.jpg 1149w\" sizes=\"auto, (max-width: 1024px) 100vw, 1024px\" \/><\/a><\/p>\n","protected":false},"excerpt":{"rendered":"<p>Bon dia de nou fam\u00edlies. Avui segon dia de la nostra estada a la Garrotxa i segurament el dia m\u00e9s intens.<br \/>\nAl mat\u00ed, despr\u00e9s d&#8217;un bon esmorzar i de felicitar a la Dafne (que avui ha fet 9 anys, un dia ben especial per a ella&hellip;  <a href=\"https:\/\/agora.xtec.cat\/ceip-santjordi-lleida\/portada\/colonies-a-la-garrotxa-2n-dia\/\" title=\"Read COL\u00d2NIES A LA GARROTXA, 2n dia\">Llegeix m\u00e9s\u00bb<\/a><\/p>\n","protected":false},"author":5,"featured_media":30429,"comment_status":"open","ping_status":"closed","sticky":false,"template":"","format":"standard","meta":{"_bbp_topic_count":0,"_bbp_reply_count":0,"_bbp_total_topic_count":0,"_bbp_total_reply_count":0,"_bbp_voice_count":0,"_bbp_anonymous_reply_count":0,"_bbp_topic_count_hidden":0,"_bbp_reply_count_hidden":0,"_bbp_forum_subforum_count":0,"footnotes":""},"categories":[12,13,4,5,326],"tags":[430],"class_list":["post-30425","post","type-post","status-publish","format-standard","has-post-thumbnail","hentry","category-3r","category-4t","category-portada","category-primaria","category-sortides","tag-colonies"],"post_mailing_queue_ids":[],"_links":{"self":[{"href":"https:\/\/agora.xtec.cat\/ceip-santjordi-lleida\/wp-json\/wp\/v2\/posts\/30425","targetHints":{"allow":["GET"]}}],"collection":[{"href":"https:\/\/agora.xtec.cat\/ceip-santjordi-lleida\/wp-json\/wp\/v2\/posts"}],"about":[{"href":"https:\/\/agora.xtec.cat\/ceip-santjordi-lleida\/wp-json\/wp\/v2\/types\/post"}],"author":[{"embeddable":true,"href":"https:\/\/agora.xtec.cat\/ceip-santjordi-lleida\/wp-json\/wp\/v2\/users\/5"}],"replies":[{"embeddable":true,"href":"https:\/\/agora.xtec.cat\/ceip-santjordi-lleida\/wp-json\/wp\/v2\/comments?post=30425"}],"version-history":[{"count":1,"href":"https:\/\/agora.xtec.cat\/ceip-santjordi-lleida\/wp-json\/wp\/v2\/posts\/30425\/revisions"}],"predecessor-version":[{"id":30430,"href":"https:\/\/agora.xtec.cat\/ceip-santjordi-lleida\/wp-json\/wp\/v2\/posts\/30425\/revisions\/30430"}],"wp:featuredmedia":[{"embeddable":true,"href":"https:\/\/agora.xtec.cat\/ceip-santjordi-lleida\/wp-json\/wp\/v2\/media\/30429"}],"wp:attachment":[{"href":"https:\/\/agora.xtec.cat\/ceip-santjordi-lleida\/wp-json\/wp\/v2\/media?parent=30425"}],"wp:term":[{"taxonomy":"category","embeddable":true,"href":"https:\/\/agora.xtec.cat\/ceip-santjordi-lleida\/wp-json\/wp\/v2\/categories?post=30425"},{"taxonomy":"post_tag","embeddable":true,"href":"https:\/\/agora.xtec.cat\/ceip-santjordi-lleida\/wp-json\/wp\/v2\/tags?post=30425"}],"curies":[{"name":"wp","href":"https:\/\/api.w.org\/{rel}","templated":true}]}}